{"id":467025,"date":"2025-10-16T09:08:16","date_gmt":"2025-10-16T09:08:16","guid":{"rendered":"https:\/\/www.europesays.com\/fr\/467025\/"},"modified":"2025-10-16T09:08:16","modified_gmt":"2025-10-16T09:08:16","slug":"que-faire-a-marseille-ce-week-end-du-17-18-et-19-octobre","status":"publish","type":"post","link":"https:\/\/www.europesays.com\/fr\/467025\/","title":{"rendered":"Que faire \u00e0 Marseille ce week-end du 17, 18 et 19 octobre"},"content":{"rendered":"<p>La Provence vous propose le jeudi une s\u00e9lection de bons plans, d&rsquo;activit\u00e9s, de sorties \u00e0 faire \u00e0 Marseille pour le week-end du 16, 17, 18 et 19 octobre.<\/p>\n<p>Les expos, cin\u00e9s et activit\u00e9s culturelles ce week-end du 16, 17, 18 et 19 octobre<\/p>\n<p>Le festival Image de ville \u00e0 mi-chemin entre cin\u00e9ma et architecture&#13;\n<\/p>\n<p><img alt=\"&quot;La rivi\u00e8re&quot;, r\u00e9alis\u00e9 par Dominique Marchais.\" loading=\"lazy\" decoding=\"async\" data-nimg=\"fill\" class=\" TwicCore_img__i9TC1 undefined  undefined\" style=\"position:absolute;height:100%;width:100%;left:0;top:0;right:0;bottom:0;color:transparent;background-size:cover;background-position:50% 50%;background-repeat:no-repeat;background-image:url(&quot;data:image\/svg+xml;charset=utf-8,%3Csvg xmlns='http:\/\/www.w3.org\/2000\/svg' %3E%3Cfilter id='b' color-interpolation-filters='sRGB'%3E%3CfeGaussianBlur stdDeviation='20'\/%3E%3CfeColorMatrix values='1 0 0 0 0 0 1 0 0 0 0 0 1 0 0 0 0 0 100 -1' result='s'\/%3E%3CfeFlood x='0' y='0' width='100%25' height='100%25'\/%3E%3CfeComposite operator='out' in='s'\/%3E%3CfeComposite in2='SourceGraphic'\/%3E%3CfeGaussianBlur stdDeviation='20'\/%3E%3C\/filter%3E%3Cimage width='100%25' height='100%25' x='0' y='0' preserveAspectRatio='none' style='filter: url(%23b);' href='https:\/\/pictures.laprovence.com\/cdn-cgi\/image\/blur=250\/media\/melody\/2025\/10\/16\/la-riviere-realise-par-dominique-marchais-1760601929_b4566ed0bfe86a8566ed0bfe8bc566v_.jpg'\/%3E%3C\/svg%3E&quot;)\"   src=\"https:\/\/www.europesays.com\/fr\/wp-content\/uploads\/2025\/10\/la-riviere-realise-par-dominique-marchais-1760601929_b4566ed0bfe86a8566ed0bfe8bc566v_.jpg\"\/>\u00ab\u00a0La rivi\u00e8re\u00a0\u00bb, r\u00e9alis\u00e9 par Dominique Marchais. \/ PHOTO M\u00e9t\u00e9ore Films<\/p>\n<p>Les <a href=\"https:\/\/www.laprovence.com\/article\/culture-loisirs\/37037939735008\/rencontres-dimage-de-ville-le-cinema-explore-le-territoire-metropolitain-a-linstitut-de-limage-daix\" target=\"_blank\" rel=\"noopener\">rencontres d&rsquo;Image de ville<\/a> soufflent leurs 23\u00a0bougies cette ann\u00e9e. \u00ab\u00a0Depuis sa cr\u00e9ation, le cin\u00e9ma filme la m\u00e9tropole d&rsquo;Aix-Marseille en passant par La Ciotat et Martigues, pose le responsable de la programmation Vincent Gaudin, en clin d&rsquo;\u0153il \u00e0 L&rsquo;Arriv\u00e9e d&rsquo;un train en gare de La Ciotat\u00a0de Louis Lumi\u00e8re, \u0153uvre fondatrice du septi\u00e8me art. Durant cette \u00e9dition, la gestion des territoires, leurs imaginaires et les r\u00e9cits qui s&rsquo;ensuivent seront questionn\u00e9s.\u00a0\u00bb<\/p>\n<p>Le rendez-vous qui m\u00eale cin\u00e9ma et architecture d\u00e9butera ce jeudi au cin\u00e9ma des Vari\u00e9t\u00e9s (1er) avec un \u00e9change entre le r\u00e9alisateur Dominique Marchais et l&rsquo;agence d&rsquo;architecture Les Marneurs. Il y sera question de <a href=\"https:\/\/www.laprovence.com\/article\/ecoplanete\/2092827514551315\/lannee-2024-depasse-le-seuil-de-1-5-c-de-rechauffement-climatique-et-devient-la-plus-chaude-jamais-mesuree\" target=\"_blank\" rel=\"noopener\">r\u00e9chauffement climatique<\/a>, des r\u00e9percussions sur nos vies et de l&rsquo;impact de l&rsquo;accroissement de l&rsquo;urbanisation des territoires. Le documentaire La rivi\u00e8re\u00a0de Dominique Marchais sera \u00e9galement projet\u00e9 \u00e0 partir de 20\u00a0h, Nul homme n&rsquo;est une \u00eele le lendemain \u00e0 15\u00a0h\u00a030 aux Vari\u00e9t\u00e9s ainsi que\u00a0La ligne de partage des eaux, samedi \u00e0 17\u00a0h\u00a030.<\/p>\n<p>Toujours dans cet esprit de rencontre et de dialogue, des assembl\u00e9es urbaines investiront les rues. Vendredi \u00e0 18\u00a0h au mus\u00e9e d&rsquo;Histoire de Marseille (1er) se tiendra une conversation autour de notre rapport au voisinage \u00e0 l&rsquo;heure des r\u00e9sidences ferm\u00e9es. Le lendemain \u00e0 14\u00a0h\u00a030, il sera question du r\u00f4le des places publiques dans les d\u00e9mocraties. La derni\u00e8re conf\u00e9rence traitera de la place des animaux sauvages en ville, dimanche \u00e0 partir de 11\u00a0h. Chaque discussion durera deux heures environ, et un film sur ce th\u00e8me sera projet\u00e9 pour prolonger la r\u00e9flexion.<\/p>\n<p><strong>Du 16 au 19 octobre. Toute la programmation sur <a href=\"https:\/\/imagedeville.org\/\" target=\"_blank\" rel=\"noopener\">imagedeville.org<\/a>. Entr\u00e9e libre.<\/strong>&#13;\n<\/p>\n<p>La Pop philosophie fait l&rsquo;\u00e9loge de la complexit\u00e9<\/p>\n<p>Jusqu&rsquo;\u00e0 samedi, la <a href=\"https:\/\/www.laprovence.com\/article\/culture-loisirs\/1130377083083314\/la-semaine-de-la-pop-philosophie-a-marseille-fait-l-eloge-de-la-complexite\" target=\"_blank\" rel=\"noopener\">Semaine de la Pop philosophie<\/a> fait l'\u00a0\u00bb\u00c9loge de la complexit\u00e9, face au simplisme et au populisme\u00a0\u00bb. C&rsquo;est le th\u00e8me de cette 17e \u00e9dition qui abordera plusieurs objets de pens\u00e9e du point vue de leur complexit\u00e9, alors que la tendance va plut\u00f4t dans le sens de la simplification des discours. Parmi les derniers rendez-vous de cette semaine riche de conf\u00e9rences\u00a0: \u00ab\u00a0l&rsquo;art de la complexit\u00e9\u00a0\u00bb sera mis en perspective avec Don Quichotte ce soir \u00e0 18\u2009h\u200930 au Mucem\u00a0; et l&rsquo;IA sera au c\u0153ur du d\u00e9bat demain \u00e0 18\u2009h\u200930 \u00e0 Grand Central (le si\u00e8ge de La Provence), autour du livre Hypnocratie\u00a0: Trump, Musk et la fabrique du r\u00e9el, \u00e9crit par un philosophe chinois Jianwei Xun, qui n&rsquo;existe pas\u00a0; il s&rsquo;agit de l&rsquo;\u0153uvre de l&rsquo;auteur italien Andrea Colamedici (qui sera pr\u00e9sent) avec l&rsquo;aide de l&rsquo;IA. La question des m\u00e9tissages dans les arts sera abord\u00e9e au Mac samedi \u00e0 14\u2009h\u200930.<\/p>\n<p><strong>semainedelapopphilosophie.fr<\/strong>&#13;\n<\/p>\n<p>Les concerts, pi\u00e8ces de th\u00e9\u00e2tre et soir\u00e9es ce week-end du 16, 17, 18 et 19 octobre<\/p>\n<p>Lara Fabian au D\u00f4me pour sa nouvelle tourn\u00e9e&#13;\n<\/p>\n<p><img alt=\"Lara Fabian chantera ses nouvelles chansons et ses tubes comme &quot;Je t'aime&quot;.\" loading=\"lazy\" decoding=\"async\" data-nimg=\"fill\" class=\" TwicCore_img__i9TC1 undefined  undefined\" style=\"position:absolute;height:100%;width:100%;left:0;top:0;right:0;bottom:0;color:transparent;background-size:cover;background-position:50% 50%;background-repeat:no-repeat;background-image:url(&quot;data:image\/svg+xml;charset=utf-8,%3Csvg xmlns='http:\/\/www.w3.org\/2000\/svg' %3E%3Cfilter id='b' color-interpolation-filters='sRGB'%3E%3CfeGaussianBlur stdDeviation='20'\/%3E%3CfeColorMatrix values='1 0 0 0 0 0 1 0 0 0 0 0 1 0 0 0 0 0 100 -1' result='s'\/%3E%3CfeFlood x='0' y='0' width='100%25' height='100%25'\/%3E%3CfeComposite operator='out' in='s'\/%3E%3CfeComposite in2='SourceGraphic'\/%3E%3CfeGaussianBlur stdDeviation='20'\/%3E%3C\/filter%3E%3Cimage width='100%25' height='100%25' x='0' y='0' preserveAspectRatio='none' style='filter: url(%23b);' href='https:\/\/pictures.laprovence.com\/cdn-cgi\/image\/blur=250\/media\/melody\/2025\/10\/11\/lara-fabian-1760205781_31af643629e86f9af643629e88eaf6v_.jpg'\/%3E%3C\/svg%3E&quot;)\"   src=\"https:\/\/www.europesays.com\/fr\/wp-content\/uploads\/2025\/10\/lara-fabian-1760205781_31af643629e86f9af643629e88eaf6v_.jpg\"\/>Lara Fabian chantera ses nouvelles chansons et ses tubes comme \u00ab\u00a0Je t&rsquo;aime\u00a0\u00bb. \/ Photo DR<\/p>\n<p>Lara Fabian signe son grand retour avec Je suis l\u00e0, un album co\u00e9crit avec plusieurs artistes de la jeune g\u00e9n\u00e9ration (Slimane, <a href=\"https:\/\/www.laprovence.com\/article\/societe\/85683609756551\/jen-ai-donne-des-dizaines-le-chanteur-vianney-raconte-pourquoi-il-offre-des-guitares-lors-de-ses-concerts\" target=\"_blank\" rel=\"noopener\">Vianney<\/a>, Vitaa, Renaud Rebillaud, Yaacov et Me\u00efr Salah), et une nouvelle tourn\u00e9e. Elle sera au D\u00f4me de Marseille pour deux dates, ce dimanche 19 octobre, puis le 20 mars 2026. Des retrouvailles avec le public fran\u00e7ais et marseillais tr\u00e8s attendues.<\/p>\n<p>La chanteuse est venue en effet pour la derni\u00e8re fois \u00e0 Marseille en 2022, pour les dates report\u00e9es de sa tourn\u00e9e best of commenc\u00e9e avant la pand\u00e9mie. \u00ab\u00a0Je me sens extr\u00eamement privil\u00e9gi\u00e9e de pouvoir faire cette tourn\u00e9e et, 35\u00a0ans plus tard, d&rsquo;\u00eatre encore pr\u00e9sente et en lien avec ce public extraordinaire\u00a0\u00bb, <a href=\"https:\/\/www.laprovence.com\/article\/culture-loisirs\/2307352773576214\/lara-fabian-la-musique-n-est-plus-guerison-mais-transmission\" target=\"_blank\" rel=\"noopener\">nous confiait-elle il y a quelques jours<\/a>. Et d&rsquo;ajouter : \u00ab\u00a0Du trac, j&rsquo;en aurai aussi, mais je me sens plus b\u00e9nie qu&rsquo;apeur\u00e9e et stress\u00e9e.\u00a0\u00bb<\/p>\n<p><strong>Des gilets vibratoires<\/strong><\/p>\n<p>Dans son dernier opus, Lara Fabian aborde des th\u00e8mes forts, \u00e0 la fois personnels et moins personnels mais surtout universels comme l&rsquo;amour, le moment pr\u00e9sent ou encore la transmission. Un sujet important qui est au centre du nouveau clip Je suis de toi, une chanson r\u00e9alis\u00e9e avec Vianney. Dans cette vid\u00e9o, elle met en avant notamment une innovation technique : les <a href=\"https:\/\/www.laprovence.com\/article\/region\/1362458092377515\/un-gilet-vibrant-pour-aider-les-malentendants-a-ressentir-la-musique-teste-au-festival-de-la-roque-dantheron\" target=\"_blank\" rel=\"noopener\">gilets vibratoires<\/a> qui permettent aux personnes sourdes et malentendantes de ressentir la musique et qui seront mis \u00e0 disposition lors des concerts.\u00a0<\/p>\n<p><strong>Dimanche 19 octobre \u00e0 18 h au D\u00f4me. 55\/75 \u20ac. Vendredi 20 mars 2026 \u00e0 20 h au D\u00f4me. De 39 \u00e0 110\u00a0\u20ac.<\/strong>&#13;\n<\/p>\n<p>Au Marseille Comedy Club, le rire de l&rsquo;avenir<\/p>\n<p>Avec l&rsquo;\u00e9closion de nouveaux lieux et artistes, des formes de rire in\u00e9dites voient le jour ces derniers mois. Un des exemples se trouve au <a href=\"https:\/\/www.laprovence.com\/article\/culture-loisirs\/1400445568718215\/pour-linauguration-du-marseille-comedy-club-le-rire-est-deja-omnipresent\" target=\"_blank\" rel=\"noopener\">Marseille Comedy Club, fond\u00e9 par S\u00e9bastien Me\u00ef<\/a>\u00a0: test\u00e9 en fin de saison derni\u00e8re, les Chroniques de Demain Marseille retrouveront leur place d\u00e8s ce soir, dans la salle situ\u00e9e rue de Rome (6e). Un concept imagin\u00e9 par Donia Joly, fondatrice du podcast Demain Marseille et impliqu\u00e9e dans la vie locale, avec lequel l&rsquo;humour permet d&rsquo;imaginer \u00e0 quoi ressemblera la ville de demain.<\/p>\n<p>Dans la forme, artistes et structures engag\u00e9es se retrouvent pour parler de sujets de soci\u00e9t\u00e9 comme le climat, les d\u00e9chets, les transports, le logement\u2026 tout en faisant intervenir les spectateurs. \u00ab\u00a0En parall\u00e8le du podcast, Donia voulait organiser ces \u00e9changes avec du public et plusieurs humoristes se sont tout de suite montr\u00e9s int\u00e9ress\u00e9s. On va secouer les hommes politiques\u00a0!\u00a0\u00bb, promet S\u00e9bastien Me\u00ef.<\/p>\n<p>Le com\u00e9dien sera de la partie, tout comme ses homologues Janice en flammes, Sofiane M&rsquo;Barki, Vera et Fabien Guyno. Donia Joly pr\u00e9sentera la soir\u00e9e, \u00e0 laquelle participera \u00e9galement l&rsquo;association Benenova, qui favorise l&rsquo;engagement b\u00e9n\u00e9vole pour une soci\u00e9t\u00e9 plus inclusive et solidaire. Na\u00efm Zriouel, engag\u00e9 dans un projet pour changer de regard sur le lyc\u00e9e professionnel, interviendra aussi lors d&rsquo;un plateau dont \u00ab\u00a0le ma\u00eetre mot demeure le rire\u00a0\u00bb. Et que l&rsquo;\u00e9quipe du MCC voudrait, \u00e0 l&rsquo;avenir, organiser une fois par mois.<\/p>\n<p><strong>Jeudi soir \u00e0 20\u00a0h au Marseille Comedy Club (6e). 12\u00a0\u20ac, <a href=\"https:\/\/marseillecomedyclub.com\/\" target=\"_blank\" rel=\"noopener\">marseillecomedyclub.com<\/a><\/strong>&#13;\n<\/p>\n<p>Pink Turns blue, dark wave au Molotov<\/p>\n<p>Form\u00e9 en\u00a01985, Pink Turns Blue fait partie de la premi\u00e8re g\u00e9n\u00e9ration de <a href=\"https:\/\/www.laprovence.com\/article\/culture-loisirs\/3118939961224614\/a-aix-le-groupe-gothique-mythique-the-sisters-of-mercy-est-de-retour-sur-la-scene-du-6mic\" target=\"_blank\" rel=\"noopener\">rock gothique<\/a> en Allemagne. Son premier album If Two Worlds Kiss paru en\u00a01987 propose des sonorit\u00e9s similaires \u00e0 celles de la new wave, avec des nuances et un recours aux synth\u00e9tiseurs tr\u00e8s sombres. Le trio compos\u00e9 de Mic Jogwer (chant, guitare), Luca Sammuri (basse) et Paul Richter (batterie) devient tr\u00e8s vite un repr\u00e9sentant d&rsquo;un sous-genre alors en d\u00e9veloppement, la dark wave. Apr\u00e8s une belle ascension, un d\u00e9m\u00e9nagement \u00e0 Londres dans les ann\u00e9es\u00a090 scelle la dissolution du groupe, qui s&rsquo;\u00e9parpille alors musicalement. Il rena\u00eet pourtant de ses cendres d\u00e9but\u00a02000 et retrouve le succ\u00e8s international avec une s\u00e9rie de disques \u00e0 la tonalit\u00e9 post-punk dark wave, dont le dernier Black Swan (2025).<\/p>\n<p><strong>Jeudi 16 octobre \u00e0 20h30 au Molotov, 3 place Paul Cezanne (6e). Tarifs 13\u00a0\u20ac pr\u00e9vente, 16\u00a0\u20ac sur place, lemolotov.com<\/strong>&#13;\n<\/p>\n<p>Le rap japonais de Shing02 \u00e0 l&rsquo;Espace Julien<\/p>\n<p>C&rsquo;est une figure du <a href=\"https:\/\/www.laprovence.com\/article\/sortie-loisirs\/32215940845312\/festival-babel-minots-a-marseille-du-bon-son-pour-petites-oreilles\" target=\"_blank\" rel=\"noopener\">hip-hop exp\u00e9rimental<\/a>, connue pour sa capacit\u00e9 \u00e0 jongler entre trois langues : son japonais maternel, l&rsquo;anglais et le fran\u00e7ais. Mais c&rsquo;est dans les deux premi\u00e8res qu&rsquo;il s&rsquo;exprime au moment d&rsquo;envoyer son flow. Ce jeudi soir, le rappeur Shing02, originaire de <a href=\"https:\/\/www.laprovence.com\/article\/france-monde\/1085162227004614\/le-japon-plonge-dans-la-crise-politique-apres-leffondrement-de-la-coalition-au-pouvoir\" target=\"_blank\" rel=\"noopener\">Tokyo<\/a> et d\u00e9sormais install\u00e9 en Californie o\u00f9 il collabore r\u00e9guli\u00e8rement avec des artistes locaux, se produira \u00e0 l&rsquo;Espace Julien.<\/p>\n<p>En pr\u00e8s de trente ans de carri\u00e8re, Shing02 est notamment connu des fans d&rsquo;anime pour avoir pos\u00e9 sa voix sur le son qui rappe sur Battlecry, le g\u00e9n\u00e9rique culte en ouverture de Samurai Shampoo produit par Nujabes. La collaboration avec le DJ japonais a \u00e9galement donn\u00e9 naissance \u00e0 Luv (Sic), l&rsquo;autre grand succ\u00e8s du r\u00e9pertoire de Shing02.<\/p>\n<p><strong>Jeudi 16 octobre \u00e0 20\u2009h \u00e0 l&rsquo;Espace Julien (6e). 23,50 \u00e0 27,50 \u20ac, espace-julien.com<\/strong>&#13;\n<\/p>\n<p>Le groupe de rock Astonvilla de retour au Cabaret Al\u00e9atoire<br \/>\n<img alt=\"Astonvilla.\" loading=\"lazy\" decoding=\"async\" data-nimg=\"fill\" class=\" TwicCore_img__i9TC1 undefined  undefined\" style=\"position:absolute;height:100%;width:100%;left:0;top:0;right:0;bottom:0;color:transparent;background-size:cover;background-position:50% 50%;background-repeat:no-repeat;background-image:url(&quot;data:image\/svg+xml;charset=utf-8,%3Csvg xmlns='http:\/\/www.w3.org\/2000\/svg' %3E%3Cfilter id='b' color-interpolation-filters='sRGB'%3E%3CfeGaussianBlur stdDeviation='20'\/%3E%3CfeColorMatrix values='1 0 0 0 0 0 1 0 0 0 0 0 1 0 0 0 0 0 100 -1' result='s'\/%3E%3CfeFlood x='0' y='0' width='100%25' height='100%25'\/%3E%3CfeComposite operator='out' in='s'\/%3E%3CfeComposite in2='SourceGraphic'\/%3E%3CfeGaussianBlur stdDeviation='20'\/%3E%3C\/filter%3E%3Cimage width='100%25' height='100%25' x='0' y='0' preserveAspectRatio='none' style='filter: url(%23b);' href='https:\/\/pictures.laprovence.com\/cdn-cgi\/image\/blur=250\/media\/melody\/2025\/10\/16\/astonvilla-1760601930_e20863b8ebd86f60863b8ebd8ca086v_.jpg'\/%3E%3C\/svg%3E&quot;)\"   src=\"https:\/\/www.europesays.com\/fr\/wp-content\/uploads\/2025\/10\/astonvilla-1760601930_e20863b8ebd86f60863b8ebd8ca086v_.jpg\"\/>Astonvilla. Yann Orhan<\/p>\n<p>Form\u00e9 au milieu des ann\u00e9es\u00a01990 \u00e0 Ivry-sur-Seine, Astonvilla\u00a0a agit\u00e9 le rock fran\u00e7ais pendant 25\u00a0ans\u00a0; un quart de si\u00e8cle toutefois entrecoup\u00e9 de silences, et \u00e9clair\u00e9 par une p\u00e9riode de cons\u00e9cration au tournant des ann\u00e9es\u00a02000. En mars\u00a02002, le groupe aux cinq albums (de\u00a01996 \u00e0\u00a02014), a notamment re\u00e7u, aux Victoires de la musique, le prix de l&rsquo;Artiste d\u00e9couverte de l&rsquo;ann\u00e9e. En\u00a02021, le groupe \u00e9tait remont\u00e9 sur sc\u00e8ne apr\u00e8s une pause de quelques ann\u00e9es pour f\u00eater ses 25\u00a0ans, \u00e0 l&rsquo;occasion de son\u00a0Silver Tour. De quoi donner des id\u00e9es puisque le groupe a repris du service en sortant, en\u00a02024, dix ans apr\u00e8s le pr\u00e9c\u00e9dent opus, un sixi\u00e8me album\u00a0Superspectives.<\/p>\n<p><strong>Vendredi 17 octobre \u00e0 20 h au Cabaret Al\u00e9atoire, 41 rue Jobin (3e). Tarifs 26,84 \u20ac (moins de 25 ans, 21,44 \u20ac). R\u00e9servations sur Shotgun.\u00a0<\/strong>&#13;\n<\/p>\n<p>Trois jeunes surdou\u00e9s jouent Mozart\u00a0<\/p>\n<p>\u00c0 l&rsquo;invitation de Marseille Concerts, trois jeunes chefs-pianistes surdou\u00e9s exprimeront tout leur talent lors de trois concertos pour piano, accompagn\u00e9s par l&rsquo;<a href=\"https:\/\/www.laprovence.com\/article\/region\/1803565700884315\/a-sisteron-l-orchestre-philharmonique-de-marseille-joue-pour-la-premiere-fois-au-nuits-de-la-citadelle\" target=\"_blank\" rel=\"noopener\">Orchestre philharmonique de Marseille<\/a>. Il s&rsquo;agit de Gabriel Durliat, \u00e2g\u00e9 de 24 ans, R\u00e9mi Geniet, 33 ans<\/p>\n<p>et Selim Mazari, 33 ans.<\/p>\n<p>R\u00e9mi Geniet interpr\u00e9tera le Concerto n\u00b012 en la majeur K. 414, Gabriel Durliat le Concerto n\u00b023 en la majeur K. 488, Selim Mazari le Concerto n\u00b027 en si b\u00e9mol majeur K.595.<\/p>\n<p><strong>Samedi 18 octobre \u00e0 20\u2009h \u00e0 l&rsquo;auditorium du Pharo (7e). 18\/35\u00a0\u20ac. marseilleconcerts.com<\/strong>&#13;\n<\/p>\n<p>Des spectacles \u00ab\u00a0En Ribambelle\u00a0\u00bb\u00a0<\/p>\n<p>Le festival consacr\u00e9 \u00e0 l&rsquo;art de la marionnette, au th\u00e9\u00e2tre d&rsquo;ombre et d&rsquo;objets, associ\u00e9s \u00e0 d&rsquo;autres disciplines du spectacle vivant, invite \u00e0 l&rsquo;imaginaire tout le week-end. Ainsi, avec <a href=\"https:\/\/www.laprovence.com\/article\/culture-loisirs\/24692756013965\/le-theatre-massalia-ouvre-ses-reservations-pour-sa-saison-2025-2026\" target=\"_blank\" rel=\"noopener\">Magn\u00e9\u00e9\u00e9\u00e9tiques<\/a> (Face B), adress\u00e9 aux plus de 7 ans, Les nouveaux ballets du Nord-Pas-de-Calais plongent dans les souvenirs \u00e0 travers un objet &#8211; la K7 &#8211; et tentent de r\u00e9parer les relations conflictuelles du pass\u00e9 (samedi \u00e0 19\u2009h au Massalia). La Face A pour les plus jeunes (d\u00e8s 3 ans) joue avec la cassette audio et sa bande magn\u00e9tique les 19 et 20 au Massalia. D\u00e8s dimanche \u00e9galement \u00e0 16\u00a0h, au bassin du J4 (aussi les 20 et 21 octobre), la compagnie Furinka\u00ef et le th\u00e9\u00e2tre de l&rsquo;Entrouvert proposent, avec Mizu, une danse \u00e9ph\u00e9m\u00e8re et po\u00e9tique entre une danseuse, une marionnette de glace et sa marionnettiste.<\/p>\n<p><strong>R\u00e9servations et informations sur festivalenribambelle.com<\/strong>&#13;\n<\/p>\n<p>\u00ab\u00a0Au bout, la mer\u00a0\u00bb, les abords de La Canebi\u00e8re se vivent en musiques<br \/>\n<img alt=\"La po\u00e9sie b\u00e9douine et le ra\u00ef machine de Benzine animera le c\u0153ur de l'apr\u00e8s-midi sur La Canebi\u00e8re.\" loading=\"lazy\" decoding=\"async\" data-nimg=\"fill\" class=\" TwicCore_img__i9TC1 undefined  undefined\" style=\"position:absolute;height:100%;width:100%;left:0;top:0;right:0;bottom:0;color:transparent;background-size:cover;background-position:50% 50%;background-repeat:no-repeat;background-image:url(&quot;data:image\/svg+xml;charset=utf-8,%3Csvg xmlns='http:\/\/www.w3.org\/2000\/svg' %3E%3Cfilter id='b' color-interpolation-filters='sRGB'%3E%3CfeGaussianBlur stdDeviation='20'\/%3E%3CfeColorMatrix values='1 0 0 0 0 0 1 0 0 0 0 0 1 0 0 0 0 0 100 -1' result='s'\/%3E%3CfeFlood x='0' y='0' width='100%25' height='100%25'\/%3E%3CfeComposite operator='out' in='s'\/%3E%3CfeComposite in2='SourceGraphic'\/%3E%3CfeGaussianBlur stdDeviation='20'\/%3E%3C\/filter%3E%3Cimage width='100%25' height='100%25' x='0' y='0' preserveAspectRatio='none' style='filter: url(%23b);' href='https:\/\/pictures.laprovence.com\/cdn-cgi\/image\/blur=250\/media\/melody\/2025\/10\/16\/la-poesie-bedouine-et-le-rai-machine-de-benzine-animera-le-coeur-de-l-apres-midi-sur-la-canebiere-1760601931_ae686855dfe86c2786855dfe8c6786v_.jpg'\/%3E%3C\/svg%3E&quot;)\"   src=\"https:\/\/www.europesays.com\/fr\/wp-content\/uploads\/2025\/10\/la-poesie-bedouine-et-le-rai-machine-de-benzine-animera-le-coeur-de-l-apres-midi-sur-la-canebiere-17.jpeg\"\/>La po\u00e9sie b\u00e9douine et le ra\u00ef machine de Benzine animera le c\u0153ur de l&rsquo;apr\u00e8s-midi sur La Canebi\u00e8re. \/ PHOTO Marpessa Sigue<\/p>\n<p>Apr\u00e8s le cirque et les arts de la rue pour parler d&rsquo;environnement, c&rsquo;est la musique qui donnera le tempo, ce dimanche, \u00e0 la manifestation port\u00e9e par la mairie des 1e-7e. Apr\u00e8s le p\u00f4le national des arts du cirque Archaos et Karwan, b\u00e2tisseur de projets en espace public, <a href=\"https:\/\/www.laprovence.com\/article\/culture-loisirs\/4854525235204214\/au-bout-la-mer-bleue-une-manifestation-poetique-qui-fait-sens-a-marseille\" target=\"_blank\" rel=\"noopener\">\u00ab\u00a0Au bout, la mer\u00a0\u00bb<\/a> s&rsquo;associe cette fois-ci avec La Clique production pour mettre en lumi\u00e8re combien Marseille est un grand port musical et festif, o\u00f9 se m\u00ealent traditions, cr\u00e9ations et m\u00e9tissages.<\/p>\n<p>De 10\u00a0h \u00e0 13 h, six formations se succ\u00e9deront et feront r\u00e9sonner les sonorit\u00e9s, les rythmes et les idiomes qui brassent la M\u00e9diterran\u00e9e et au-del\u00e0, invitant le public \u00e0 un voyage musical. Celui-ci se vivra comme une travers\u00e9e dans le centre-ville. D\u00e8s 11\u00a0h, au port antique, Arteteca lib\u00e9rera donc ses polyphonies du monde, tandis qu&rsquo;\u00e0 14\u00a0h \u00e0 l&rsquo;angle de La Canebi\u00e8re et de la rue Saint-Ferr\u00e9ol, Chu Chi Cha fera danser avec son \u00e9lectro-cumbia torride.<\/p>\n<p>Tout de suite \u00e0 14\u00a0h\u00a045, cap sur l&rsquo;afro-futurisme \u00e9colo de Fulu Miziki face au Palais de la Bourse, pour mieux \u00eatre envo\u00fbt\u00e9 par les musiques et traditions vocales de la Sicile avec Spartenza depuis le port antique. \u00c0 15\u00a0h\u00a045, retour sur La Canebi\u00e8re pour la po\u00e9sie b\u00e9douine et le ra\u00ef machine de Benzine, avant le revival grec des ann\u00e9es 60\/70 incarn\u00e9 par le groupe Deli Teli \u00e0 quelques pas du Vieux-Port. Outre ces concerts, on pourra s&rsquo;initier aux danses s\u00e9villanes et \u00e0 la rumba sur le parvis de l&rsquo;Op\u00e9ra, de 13\u00a0h\u00a030 \u00e0 14\u00a0h\u00a030. R\u00e9cifs est une performance participative \u00e0 tester de 15\u00a0h\u00a045 \u00e0 16\u00a0h\u00a015.<\/p>\n<p>Pour les familles, place G\u00e9n\u00e9ral de Gaulle, un conte musical Voyages au-del\u00e0 des mers invitera \u00e0 l&rsquo;\u00e9vasion \u00e0 11\u00a0h et 14\u00a0h, tandis que des marionnettes g\u00e9antes donneront vie au Bal des poissons \u00e0 14\u00a0h\u00a030 et 16\u00a0h\u00a030.<\/p>\n<p>En itin\u00e9rance toute la journ\u00e9e, la chorale latino-am\u00e9ricaine Calle Sol, la fanfare carib\u00e9enne Brass Koul\u00e9, les chansons napolitaines de Nannan\u00ec et la fanfare groove Mudanza prolongeront ce voyage par-del\u00e0 les flots. Au sens figur\u00e9 comme au sens propre, car avec \u00ab\u00a0Au bout, la mer\u00a0\u00bb, il est toujours possible d&#8217;embarquer \u00e0 bord de voiliers et barquettes du c\u00f4t\u00e9 de l&rsquo;ancienne consigne sanitaire, au pied du Fort Saint-Jean (d\u00e9parts \u00e0 10h, 12h30 et 15h, sur inscription uniquement).<\/p>\n<p>D&rsquo;autant que l&#8217;embarcad\u00e8re sera anim\u00e9 par Les Filles du capitaine. On retrouvera aussi le march\u00e9 de producteurs et de cr\u00e9ateurs sur La Canebi\u00e8re et, plus bas, les stands des disquaires anim\u00e9s par les galettes du Walkabout Sound system. De quoi vivre Marseille et son horizon marin en musiques.<\/p>\n<p><strong>Dimanche de 10 h \u00e0 18 h, centre-ville. Gratuit. Plus d&rsquo;infos sur mairie1-7.marseille.fr.<\/strong><\/p>\n<p><a target=\"_self\" aria-label=\"Acc\u00e9der au dossier Id\u00e9es sorties\" class=\"w-full h-full flex flex-row rounded-lg\" data-xiti-chapter1=\"dossier\" data-xiti-chapter2=\"tag\" type=\"navigation\" href=\"https:\/\/www.laprovence.com\/dossiers\/125145\/idees-sorties\" rel=\"noopener\"><img alt=\"Illustration du dossier Id\u00e9es sorties\" loading=\"lazy\" decoding=\"async\" data-nimg=\"fill\" class=\"rounded-lg\" style=\"position:absolute;height:100%;width:100%;left:0;top:0;right:0;bottom:0;object-fit:cover;color:transparent\"   src=\"https:\/\/www.europesays.com\/fr\/wp-content\/uploads\/2025\/07\/1753640176_457_la-fete-foraine-d-aix-a-ouvert-ses-portes-aux-visiteurs-samedi-8-fevrier-2025-1739171705_29c17869c8a.jpeg\"\/><\/a><\/p>\n","protected":false},"excerpt":{"rendered":"La Provence vous propose le jeudi une s\u00e9lection de bons plans, d&rsquo;activit\u00e9s, de sorties \u00e0 faire \u00e0 Marseille&hellip;\n","protected":false},"author":2,"featured_media":467026,"comment_status":"","ping_status":"","sticky":false,"template":"","format":"standard","meta":{"footnotes":""},"categories":[2814],"tags":[9273,17,1111,11,251,1777,674,4560,1011,27,884,12,7518,882,746,25,4064],"class_list":{"0":"post-467025","1":"post","2":"type-post","3":"status-publish","4":"format-standard","5":"has-post-thumbnail","7":"category-marseille","8":"tag-9273","9":"tag-17","10":"tag-actu","11":"tag-actualites","12":"tag-culture","13":"tag-eu","14":"tag-europe","15":"tag-faire","16":"tag-fr","17":"tag-france","18":"tag-marseille","19":"tag-news","20":"tag-octobre","21":"tag-provence-alpes-cote-dazur","22":"tag-que","23":"tag-republique-francaise","24":"tag-week-end"},"share_on_mastodon":{"url":"https:\/\/pubeurope.com\/@fr\/115383062311489249","error":""},"_links":{"self":[{"href":"https:\/\/www.europesays.com\/fr\/wp-json\/wp\/v2\/posts\/467025","targetHints":{"allow":["GET"]}}],"collection":[{"href":"https:\/\/www.europesays.com\/fr\/wp-json\/wp\/v2\/posts"}],"about":[{"href":"https:\/\/www.europesays.com\/fr\/wp-json\/wp\/v2\/types\/post"}],"author":[{"embeddable":true,"href":"https:\/\/www.europesays.com\/fr\/wp-json\/wp\/v2\/users\/2"}],"replies":[{"embeddable":true,"href":"https:\/\/www.europesays.com\/fr\/wp-json\/wp\/v2\/comments?post=467025"}],"version-history":[{"count":0,"href":"https:\/\/www.europesays.com\/fr\/wp-json\/wp\/v2\/posts\/467025\/revisions"}],"wp:featuredmedia":[{"embeddable":true,"href":"https:\/\/www.europesays.com\/fr\/wp-json\/wp\/v2\/media\/467026"}],"wp:attachment":[{"href":"https:\/\/www.europesays.com\/fr\/wp-json\/wp\/v2\/media?parent=467025"}],"wp:term":[{"taxonomy":"category","embeddable":true,"href":"https:\/\/www.europesays.com\/fr\/wp-json\/wp\/v2\/categories?post=467025"},{"taxonomy":"post_tag","embeddable":true,"href":"https:\/\/www.europesays.com\/fr\/wp-json\/wp\/v2\/tags?post=467025"}],"curies":[{"name":"wp","href":"https:\/\/api.w.org\/{rel}","templated":true}]}}