{"id":467029,"date":"2025-10-16T09:10:19","date_gmt":"2025-10-16T09:10:19","guid":{"rendered":"https:\/\/www.europesays.com\/fr\/467029\/"},"modified":"2025-10-16T09:10:19","modified_gmt":"2025-10-16T09:10:19","slug":"a-vos-pianos-prets-jouez-lyon-celebre-les-pianistes-amateurs","status":"publish","type":"post","link":"https:\/\/www.europesays.com\/fr\/467029\/","title":{"rendered":"\u00ab\u00a0\u00c0 vos pianos&#8230; Pr\u00eats&#8230; Jouez !\u00a0\u00bb\u00a0: Lyon c\u00e9l\u00e8bre les pianistes amateurs"},"content":{"rendered":"<p>                            <img loading=\"lazy\" width=\"750\" height=\"750\" class=\"attachment-article size-article wp-post-image lazyload\" alt=\"\" decoding=\"async\" src=\"https:\/\/www.europesays.com\/fr\/wp-content\/uploads\/2025\/10\/piano-part-dieu.webp.webp\" data-eio-rwidth=\"750\" data-eio-rheight=\"750\"\/><\/p>\n<p>@Westfield<\/p>\n<p class=\"content\" style=\"font-size:1.2em;font-weight:700\">A l&rsquo;occasion de leurs 50 ans, Westfield la Part-Dieu et l&rsquo;Orchestre National de Lyon lancent un grand concours de piano. A la cl\u00e9, une prestation \u00e0 l&rsquo;auditorium le 22 novembre prochain.<\/p>\n<p>R\u00e9v\u00e9ler des talents r\u00e9gionaux. C&rsquo;est l&rsquo;objectif de \u00ab\u00a0\u00c0 vos pianos&#8230; Pr\u00eats&#8230; Jouez !\u00a0\u00bb, le concours de piano organis\u00e9 par Westfield la Part-Dieu et l&rsquo;Auditorium-Orchestre national de Lyon. Ce partenariat intervient alors que les institutions f\u00eatent leurs 50 ans cette ann\u00e9e. L&rsquo;occasion pour elles de souffler leurs bougies en musique.<\/p>\n<p>Quatre \u00e9tapes\u2026 jusqu&rsquo;au graal<\/p>\n<p>Ce concours se d\u00e9roulera en quatre \u00e9tapes. Tout d&rsquo;abord l&rsquo;ouverture de l&rsquo;appel \u00e0 candidatures, le 20 octobre prochain. Les potentiels participants devront poster une vid\u00e9o de 3 min de leur performance sur Instagram (#avospianos2025).<\/p>\n<p>Les<strong> <\/strong>100 premi\u00e8res candidatures seront \u00e9tudi\u00e9es par un jury lors des pr\u00e9-s\u00e9lections<strong> <\/strong>le 3 novembre<strong>.<\/strong> Ce jury est compos\u00e9 notamment de Laurent Joyeux, D\u00e9l\u00e9gu\u00e9\u00a0artistique de l\u2019Auditorium-Orchestre national de Lyon et\u00a0de Pierre Thibout, pianiste de l\u2019Orchestre national de Lyon. Le<strong> 15 novembre<\/strong> se d\u00e9roulera la grande finale, au centre commercial Westfield la Part-Dieu. <\/p>\n<p>Les 10 derniers candidats seront d\u00e9partag\u00e9s par Pauline Lambert, journaliste pour Radio Classique et Mezzo TV. A l&rsquo;issu de cette prestation, l&rsquo;heureux \u00e9lu se produira pendant 20 minutes \u00e0 l\u2019Auditorium-Orchestre national de Lyon \u00e0 l&rsquo;occasion des journ\u00e9es du piano le 22 novembre prochain.<\/p>\n<p>Les Prix \u00e0 gagner :<\/p>\n<p><strong>Prix du jury\u00a0:<\/strong>\u00a0un concert de 20 minutes sur la sc\u00e8ne de l\u2019Auditorium de Lyon le 22 novembre \u00e0 16h30 et un lot de votre centre Westfield La Part-Dieu !<\/p>\n<p><strong>Prix du public\u00a0:<\/strong>\u00a0un totebag de goodies de l\u2019Auditorium et un lot de votre centre Westfield La Part-Dieu !<\/p>\n<p><strong>Pour tous les candidats \u00e0 la finale\u00a0:<\/strong>\u00a02 places de concert \u00e0 l\u2019Auditorium de Lyon pour la saison 2025-2026 et un lot de votre centre Westfield La Part-Dieu !<\/p>\n","protected":false},"excerpt":{"rendered":"@Westfield A l&rsquo;occasion de leurs 50 ans, Westfield la Part-Dieu et l&rsquo;Orchestre National de Lyon lancent un grand&hellip;\n","protected":false},"author":2,"featured_media":467030,"comment_status":"","ping_status":"","sticky":false,"template":"","format":"standard","meta":{"footnotes":""},"categories":[1889],"tags":[1111,11,59087,2430,1777,674,1011,27,2428,12,5176,25,46426],"class_list":{"0":"post-467029","1":"post","2":"type-post","3":"status-publish","4":"format-standard","5":"has-post-thumbnail","7":"category-lyon","8":"tag-actu","9":"tag-actualites","10":"tag-auditorium-orchestre-de-lyon","11":"tag-auvergne-rhone-alpes","12":"tag-eu","13":"tag-europe","14":"tag-fr","15":"tag-france","16":"tag-lyon","17":"tag-news","18":"tag-piano","19":"tag-republique-francaise","20":"tag-westfield-la-part-dieu"},"share_on_mastodon":{"url":"https:\/\/pubeurope.com\/@fr\/115383069978130257","error":""},"_links":{"self":[{"href":"https:\/\/www.europesays.com\/fr\/wp-json\/wp\/v2\/posts\/467029","targetHints":{"allow":["GET"]}}],"collection":[{"href":"https:\/\/www.europesays.com\/fr\/wp-json\/wp\/v2\/posts"}],"about":[{"href":"https:\/\/www.europesays.com\/fr\/wp-json\/wp\/v2\/types\/post"}],"author":[{"embeddable":true,"href":"https:\/\/www.europesays.com\/fr\/wp-json\/wp\/v2\/users\/2"}],"replies":[{"embeddable":true,"href":"https:\/\/www.europesays.com\/fr\/wp-json\/wp\/v2\/comments?post=467029"}],"version-history":[{"count":0,"href":"https:\/\/www.europesays.com\/fr\/wp-json\/wp\/v2\/posts\/467029\/revisions"}],"wp:featuredmedia":[{"embeddable":true,"href":"https:\/\/www.europesays.com\/fr\/wp-json\/wp\/v2\/media\/467030"}],"wp:attachment":[{"href":"https:\/\/www.europesays.com\/fr\/wp-json\/wp\/v2\/media?parent=467029"}],"wp:term":[{"taxonomy":"category","embeddable":true,"href":"https:\/\/www.europesays.com\/fr\/wp-json\/wp\/v2\/categories?post=467029"},{"taxonomy":"post_tag","embeddable":true,"href":"https:\/\/www.europesays.com\/fr\/wp-json\/wp\/v2\/tags?post=467029"}],"curies":[{"name":"wp","href":"https:\/\/api.w.org\/{rel}","templated":true}]}}