{"id":46703,"date":"2025-04-23T13:50:08","date_gmt":"2025-04-23T13:50:08","guid":{"rendered":"https:\/\/www.europesays.com\/fr\/46703\/"},"modified":"2025-04-23T13:50:08","modified_gmt":"2025-04-23T13:50:08","slug":"le-ministre-de-lenseignement-superieur-attend-des-presidents-duniversites-une-protection-sans-ambiguite-des-enseignants","status":"publish","type":"post","link":"https:\/\/www.europesays.com\/fr\/46703\/","title":{"rendered":"le ministre de l\u2019Enseignement sup\u00e9rieur attend des pr\u00e9sidents d\u2019universit\u00e9s \u00abune protection sans ambigu\u00eft\u00e9 des enseignants\u00bb"},"content":{"rendered":"<p><strong>ENTRETIEN EXCLUSIF &#8211;<\/strong> Trois semaines apr\u00e8s l\u2019interruption \u00e0 Lyon II d\u2019un cours du g\u00e9ographe sp\u00e9cialiste du Moyen-Orient Fabrice Balanche par des militants propalestiniens, la pol\u00e9mique reste vive. Le ministre de l\u2019enseignement sup\u00e9rieur Philippe Baptiste r\u00e9agit dans Le Figaro.<\/p>\n<p class=\"fig-paragraph\"><strong>LE FIGARO- Depuis le 1er avril, la pol\u00e9mique n\u2019est pas retomb\u00e9e \u00e0 Lyon II. Quelle est votre analyse de la situation\u00a0?\u00a0<\/strong><\/p>\n<p class=\"fig-paragraph\"><strong>Philippe BAPTISTE- <\/strong>Nous sommes dans une situation o\u00f9 le ma\u00eetre de conf\u00e9rences Fabrice Balanche et la pr\u00e9sidente de l\u2019universit\u00e9 Lyon II font l\u2019objet de menaces de mort et sont jet\u00e9s en p\u00e2ture. On doit ce r\u00e9sultat assez path\u00e9tique \u00e0 des apprentis sorciers qui jouent avec l\u2019universit\u00e9 et n\u2019ont qu\u2019une envie\u00a0: y mettre le feu. C\u2019est insupportable\u00a0! \u00c0 l\u2019origine de l\u2019affaire, il y a eu ce\u00a0<a href=\"http:\/\/www.lefigaro.fr\/lyon\/ramadan-des-etudiants-de-lyon-2-bloquent-la-fac-apres-l-interdiction-d-une-soiree-de-rupture-du-jeune-20250329\" data-fig-type=\"Article\" data-gtm-custom-categorie=\"navigation\" data-gtm-custom-action=\"crossclick\" data-gtm-custom-label=\"Contextuel\" data-gtm-event=\"customEventSPE\" data-fig-domain=\"LEFIGARO\" target=\"_blank\" rel=\"noopener\">projet de repas de rupture du je\u00fbne du Ramadan<\/a>. L\u2019universit\u00e9 ne l\u2019a pas autoris\u00e9 dans ses locaux, consid\u00e9rant que cette activit\u00e9 cultuelle pouvait entra\u00eener un trouble \u00e0 l\u2019ordre public. Elle \u00e9tait dans son droit et dans son r\u00f4le. Et elle a donc tout le soutien du minist\u00e8re.<\/p>\n<p class=\"fig-paragraph\">Le 1er avril, s\u2019est ensuite produit\u00a0<a href=\"http:\/\/www.lefigaro.fr\/actualite-france\/fabrice-balanche-denigre-a-lyon-ii-il-faut-un-coup-de-balai-dans-cette-universite-plaide-le-maire-de-bron-20250419\" data-fig-type=\"Article\" data-gtm-custom-categorie=\"navigation\" data-gtm-custom-action=\"crossclick\" data-gtm-custom-label=\"Contextuel\" data-gtm-event=\"customEventSPE\" data-fig-domain=\"LEFIGARO\" target=\"_blank\" rel=\"noopener\">un \u00e9v\u00e9nement inacceptable et scandaleux<\/a>\u00a0pour la communaut\u00e9 universitaire, pour la libert\u00e9 acad\u00e9mique et pour notre d\u00e9mocratie. Un professeur a \u00e9t\u00e9 contraint de quitter sa salle\u2026<\/p>\n<p class=\"fig-premium-paywall__infos\">\n        Cet article est r\u00e9serv\u00e9 aux abonn\u00e9s.        Il vous reste 82% \u00e0 d\u00e9couvrir.\n    <\/p>\n<p>                <img  data- alt=\"Le Figaro\" class=\"fig-img--complete fig-img\"\/><\/p>\n<p class=\"fig-premium-paywall__title\">Vous avez envie de lire la suite ?<\/p>\n<p class=\"fig-premium-paywall__subtitle\">D\u00e9bloquez tous les articles imm\u00e9diatement.<\/p>\n<p class=\"fig-premium-paywall__connect\">\n                D\u00e9j\u00e0 abonn\u00e9\u00a0?                <a class=\"fig-premium-paywall__connect-link\" href=\"https:\/\/connect.lefigaro.fr\/login?client=horizon_web&amp;type=main&amp;redirect_uri=https%3A%2F%2Fwww.lefigaro.fr%2Factualite-france%2Fphilippe-baptiste-j-attends-des-presidents-d-universites-une-protection-sans-ambiguite-et-sans-condition-des-enseignants-chercheurs-20250423\" data-js-gtm=\"{&quot;customCategorie&quot;: &quot;conversion&quot;, &quot;customAction&quot;: &quot;before_Landing_Connexion_paywall_auto&quot;, &quot;customLabel&quot;: &quot;bGVmaWdhcm8uZnJfXzFmMDFmNjdhLWE3ZTItNmM1MC1hNWI3LTAxYmJkNzFhMWQ5MV9fQXJ0aWNsZQ==_Affaire Balanche\u00a0: le ministre de l\u2019Enseignement sup\u00e9rieur attend des pr\u00e9sidents d\u2019universit\u00e9s \u00abune protection sans ambigu\u00eft\u00e9 des enseignants\u00bb_207&quot;, &quot;customIDSPE&quot;: &quot;bGVmaWdhcm8uZnJfXzFmMDFmNjdhLWE3ZTItNmM1MC1hNWI3LTAxYmJkNzFhMWQ5MV9fQXJ0aWNsZQ==&quot;, &quot;event&quot;: &quot;customEventSPE&quot;}\" target=\"_blank\" rel=\"noopener\"><br \/>\n                    Connectez-vous<br \/>\n                <\/a>\n            <\/p>\n","protected":false},"excerpt":{"rendered":"ENTRETIEN EXCLUSIF &#8211; Trois semaines apr\u00e8s l\u2019interruption \u00e0 Lyon II d\u2019un cours du g\u00e9ographe sp\u00e9cialiste du Moyen-Orient Fabrice&hellip;\n","protected":false},"author":2,"featured_media":46704,"comment_status":"","ping_status":"","sticky":false,"template":"","format":"standard","meta":{"footnotes":""},"categories":[2],"tags":[47,1058,1054,1059,1060,1055,11,1057,4854,118,1011,27,1061,12194,303,12,1062,656,104,1056,5768,809],"class_list":{"0":"post-46703","1":"post","2":"type-post","3":"status-publish","4":"format-standard","5":"has-post-thumbnail","7":"category-actualites","8":"tag-actualite","9":"tag-actualite-education","10":"tag-actualite-france","11":"tag-actualite-justice","12":"tag-actualite-securite","13":"tag-actualite-societe","14":"tag-actualites","15":"tag-education","16":"tag-enseignement-superieur","17":"tag-faits-divers","18":"tag-fr","19":"tag-france","20":"tag-immigration","21":"tag-islamo-gauchisme","22":"tag-justice","23":"tag-news","24":"tag-polemique","25":"tag-securite","26":"tag-societe","27":"tag-societe-francaise","28":"tag-universite","29":"tag-violence"},"share_on_mastodon":{"url":"https:\/\/pubeurope.com\/@fr\/114387604158548362","error":""},"_links":{"self":[{"href":"https:\/\/www.europesays.com\/fr\/wp-json\/wp\/v2\/posts\/46703","targetHints":{"allow":["GET"]}}],"collection":[{"href":"https:\/\/www.europesays.com\/fr\/wp-json\/wp\/v2\/posts"}],"about":[{"href":"https:\/\/www.europesays.com\/fr\/wp-json\/wp\/v2\/types\/post"}],"author":[{"embeddable":true,"href":"https:\/\/www.europesays.com\/fr\/wp-json\/wp\/v2\/users\/2"}],"replies":[{"embeddable":true,"href":"https:\/\/www.europesays.com\/fr\/wp-json\/wp\/v2\/comments?post=46703"}],"version-history":[{"count":0,"href":"https:\/\/www.europesays.com\/fr\/wp-json\/wp\/v2\/posts\/46703\/revisions"}],"wp:featuredmedia":[{"embeddable":true,"href":"https:\/\/www.europesays.com\/fr\/wp-json\/wp\/v2\/media\/46704"}],"wp:attachment":[{"href":"https:\/\/www.europesays.com\/fr\/wp-json\/wp\/v2\/media?parent=46703"}],"wp:term":[{"taxonomy":"category","embeddable":true,"href":"https:\/\/www.europesays.com\/fr\/wp-json\/wp\/v2\/categories?post=46703"},{"taxonomy":"post_tag","embeddable":true,"href":"https:\/\/www.europesays.com\/fr\/wp-json\/wp\/v2\/tags?post=46703"}],"curies":[{"name":"wp","href":"https:\/\/api.w.org\/{rel}","templated":true}]}}