{"id":467031,"date":"2025-10-16T09:11:16","date_gmt":"2025-10-16T09:11:16","guid":{"rendered":"https:\/\/www.europesays.com\/fr\/467031\/"},"modified":"2025-10-16T09:11:16","modified_gmt":"2025-10-16T09:11:16","slug":"lyon-ce-commerce-refuge-des-trafiquants-ferme-durgence-par-la-prefecture","status":"publish","type":"post","link":"https:\/\/www.europesays.com\/fr\/467031\/","title":{"rendered":"Lyon. Ce commerce \u00ab\u00a0refuge\u00a0\u00bb des trafiquants ferm\u00e9 d&rsquo;urgence par la pr\u00e9fecture"},"content":{"rendered":"<p>            Par<br \/>\n        <strong><br \/>\n            <a href=\"https:\/\/actu.fr\/auteur\/theo-zuili\" title=\"Consulter tous les articles de Th\u00e9o Zuili\" target=\"_blank\" rel=\"noopener\">Th\u00e9o Zuili<\/a><br \/>\n        <\/strong><\/p>\n<p>        Publi\u00e9 le<\/p>\n<p>            16 oct. 2025 \u00e0 10h24        <\/p>\n<p>Les voisins de l\u2019\u00e9tablissement El Morjane vont pouvoir dormir plus tranquillement dans les prochaines semaines : ce commerce du 3\u1d49 arrondissement de <a href=\"https:\/\/actu.fr\/auvergne-rhone-alpes\/lyon_69123\" target=\"_blank\" rel=\"noopener\">Lyon<\/a>, visit\u00e9 par les autorit\u00e9s mercredi 16 octobre, a \u00e9cop\u00e9 de<strong> trois mois de fermeture administrative<\/strong>. Un client attabl\u00e9 en terrasse y avait \u00e9t\u00e9 bless\u00e9 par balle il y a quelques jours.<\/p>\n<p>    <a href=\"https:\/\/www.google.com\/maps\/embed?pb=!1m18!1m12!1m3!1d5471.173256793447!2d4.849359583536686!3d45.75520716939121!2m3!1f0!2f0!3f0!3m2!1i1024!2i768!4f13.1!3m3!1m2!1s0x47f4ea5d04488247%3A0x95211334fded6e8c!2sEl%20Morjane!5e1!3m2!1sfr!2sfr!4v1760601481843!5m2!1sfr!2sfr\" title=\"Ouvrie le lien\" target=\"_blank\" rel=\"noopener\">Cliquez ici pour visualiser le contenu<\/a><\/p>\n<p class=\" wall-content\">Soup\u00e7onn\u00e9 d\u2019\u00eatre devenu \u00ab\u00a0un point central\u00a0\u00bb du trafic de stup\u00e9fiants \u00e0 l\u2019<strong>angle des rues Villeroy et Vend\u00f4me<\/strong>, il g\u00e9n\u00e9rait \u00ab\u00a0un sentiment d\u2019ins\u00e9curit\u00e9\u00a0\u00bb dans le quartier.<\/p>\n<p>Un commerce devenu point de deal ?<\/p>\n<p class=\" wall-content\">Selon l\u2019arr\u00eat\u00e9 pr\u00e9fectoral dat\u00e9 du 14 octobre 2025, le restaurant El Morjane, situ\u00e9 au 47 rue Villeroy, pr\u00e8s du quartier de la <a href=\"https:\/\/actu.fr\/tag\/guillotiere\" target=\"_blank\" rel=\"noopener\">Guilloti\u00e8re<\/a> et de Saxe-Gambetta, est devenu un lieu de rassemblement pour des individus impliqu\u00e9s dans \u00ab\u00a0divers trafics (stup\u00e9fiants ou m\u00e9dicaments notamment)\u00a0\u00bb.<\/p>\n<p class=\" wall-content\">Les forces de l\u2019ordre \u00e9voquent 214 interventions polici\u00e8res \u00ab\u00a0\u00e0 proximit\u00e9 imm\u00e9diate de l\u2019\u00e9tablissement\u00a0\u00bb sur l\u2019ann\u00e9e 2025, ayant conduit \u00e0 <strong>73 interpellations et 40 amendes<\/strong>, ainsi qu\u2019\u00e0 la saisie de produits stup\u00e9fiants, de m\u00e9dicaments psychotropes et d\u2019armes.<\/p>\n<p>    <img   decoding=\"async\" loading=\"lazy\" src=\"https:\/\/www.europesays.com\/fr\/wp-content\/uploads\/2025\/10\/police-lyon-rue-vendome-960x640.jpg\" alt=\"Le secteur autour du bar El Morjane a \u00e9t\u00e9 boucl\u00e9 par la police municipale, apr\u00e8s des tirs qui ont fait un bless\u00e9 \u00e0 Lyon.\" width=\"960\" height=\"640\"\/><br \/>\n    Le secteur autour du bar El Morjane boucl\u00e9 par la police municipale apr\u00e8s des tirs qui ont fait un bless\u00e9 \u00e0 Lyon le 3 octobre dernier. (\u00a9Mathias Souteyrat \/ archives actu Lyon)<\/p>\n<p class=\" wall-content\">Toujours d\u2019apr\u00e8s la pr\u00e9fecture, la terrasse du restaurant servait r\u00e9guli\u00e8rement de <strong>point de deal<\/strong>, sans r\u00e9action du g\u00e9rant, accus\u00e9 d\u2019avoir cr\u00e9\u00e9 un espace \u00ab\u00a0refuge\u00a0\u00bb pour les trafiquants en tous genres. Des \u00ab\u00a0rixes fr\u00e9quentes\u00a0\u00bb avaient \u00e9galement lieu sur place.<\/p>\n<p>Votre r\u00e9gion, votre actu !<\/p>\n<p>Recevez chaque jour les infos qui comptent pour vous.<\/p>\n<p>\t<a href=\"https:\/\/actu.fr\/newsletter\" class=\"ac-btn ac-btn--corner ac-btn--medium ac-btn--blue800\" target=\"_blank\" rel=\"noopener\">S&rsquo;incrire<\/a><\/p>\n<p class=\" wall-content\">Un tir par arme \u00e0 feu survenu le 3 octobre 2025 <a href=\"https:\/\/actu.fr\/auvergne-rhone-alpes\/lyon_69123\/lyon-un-homme-se-fait-tirer-dessus-en-terrasse-la-police-boucle-le-secteur_63254400.html\" target=\"_blank\" rel=\"noopener\">blessant un client d\u2019El Morjane attabl\u00e9 en terrasse<\/a> a pr\u00e9cipit\u00e9 l\u2019intervention des autorit\u00e9s. L\u2019incident serait li\u00e9 \u00e0 des rivalit\u00e9s entre trafiquants.<\/p>\n<p class=\" wall-content\">\u00ab\u00a0L\u2019auteur du tir a \u00e9t\u00e9 interpell\u00e9 tr\u00e8s rapidement par la police nationale, tout comme la victime, soup\u00e7onn\u00e9e d\u2019\u00eatre l\u2019auteur d\u2019un pr\u00e9c\u00e9dent coup de couteau. Je veux saluer le travail des enqu\u00eateurs\u00a0\u00bb, souligne Antoine Gu\u00e9rin.<\/p>\n<p>Une fermeture \u00ab\u00a0d\u2019urgence\u00a0\u00bb<\/p>\n<p class=\" wall-content\">Face \u00e0 ce que la pr\u00e9fecture qualifie de \u00ab\u00a0trouble important \u00e0 l\u2019ordre public\u00a0\u00bb, la d\u00e9cision de fermeture a \u00e9t\u00e9 prise \u00ab\u00a0dans une situation d\u2019urgence\u00a0\u00bb pour une dur\u00e9e de trois mois \u00e0 compter de sa notification.<\/p>\n<p class=\" wall-content\">Le pr\u00e9fet d\u00e9l\u00e9gu\u00e9 pour la d\u00e9fense et la s\u00e9curit\u00e9, Antoine Gu\u00e9rin, justifie cette d\u00e9cision dans le cadre d\u2019un <strong>plan d\u2019action cibl\u00e9 sur le quartier<\/strong> : \u00ab\u00a0La police nationale met en \u0153uvre un plan d\u2019action sp\u00e9cifique pour ce secteur, avec la cr\u00e9ation d\u2019un groupe de partenariat op\u00e9rationnel, le d\u00e9ploiement de CRS en renfort, d\u2019unit\u00e9s d\u00e9di\u00e9es aux interpellations en flagrant d\u00e9lit et des fermetures administratives d\u2019\u00e9tablissements li\u00e9s aux trafics de stup\u00e9fiants.\u00a0\u00bb<\/p>\n<p class=\" wall-content\">\u00ab\u00a0Nous montons en puissance dans la mise en \u0153uvre de la loi Narcotrafic\u00a0\u00bb, ajoute le haut-fonctionnaire. Depuis le d\u00e9but de l\u2019ann\u00e9e,<strong> 130 fermetures administratives<\/strong> ont \u00e9t\u00e9 d\u00e9cid\u00e9es dans le Rh\u00f4ne, tous motifs confondus (hygi\u00e8ne, s\u00e9curit\u00e9, travail ill\u00e9gal, r\u00e9glementation des d\u00e9bits de boissons).<\/p>\n<p class=\" wall-content\">Parmi elles, quatre sont directement li\u00e9es \u00e0 des trafics de stup\u00e9fiants, dont deux \u00e0 Lyon : El Morjane (Lyon 3\u1d49) et RosaParks (Lyon 9\u1d49). La pr\u00e9fecture assure que d\u2019autres mesures sont en cours : expulsions de locataires impliqu\u00e9s dans des trafics, interdictions de para\u00eetre et renforcement des patrouilles.<\/p>\n<p class=\" wall-content\">Personnalisez votre actualit\u00e9 en ajoutant vos villes et m\u00e9dias en favori avec <a href=\"https:\/\/moncompte.actu.fr\" title=\"D\u00e9couvez Mon Actu\" rel=\"nofollow noopener\" data-trk=\"{&quot;cta&quot;:{&quot;action&quot;:&quot;https:\\\/\\\/moncompte.actu.fr&quot;,&quot;category&quot;:&quot;mon compte&quot;,&quot;from&quot;:&quot;article footer&quot;,&quot;name&quot;:&quot;Mon actu&quot;,&quot;type&quot;:&quot;cta&quot;}}\" target=\"_blank\">Mon Actu<\/a>.<\/p>\n","protected":false},"excerpt":{"rendered":"Par Th\u00e9o Zuili Publi\u00e9 le 16 oct. 2025 \u00e0 10h24 Les voisins de l\u2019\u00e9tablissement El Morjane vont pouvoir&hellip;\n","protected":false},"author":2,"featured_media":467032,"comment_status":"","ping_status":"","sticky":false,"template":"","format":"standard","meta":{"footnotes":""},"categories":[1889],"tags":[1111,11,2430,1777,674,1011,27,2428,813,12,1072,9450,25,104],"class_list":{"0":"post-467031","1":"post","2":"type-post","3":"status-publish","4":"format-standard","5":"has-post-thumbnail","7":"category-lyon","8":"tag-actu","9":"tag-actualites","10":"tag-auvergne-rhone-alpes","11":"tag-eu","12":"tag-europe","13":"tag-fr","14":"tag-france","15":"tag-lyon","16":"tag-narcotrafiquants","17":"tag-news","18":"tag-police","19":"tag-prefecture-du-rhone","20":"tag-republique-francaise","21":"tag-societe"},"share_on_mastodon":{"url":"https:\/\/pubeurope.com\/@fr\/115383073775785365","error":""},"_links":{"self":[{"href":"https:\/\/www.europesays.com\/fr\/wp-json\/wp\/v2\/posts\/467031","targetHints":{"allow":["GET"]}}],"collection":[{"href":"https:\/\/www.europesays.com\/fr\/wp-json\/wp\/v2\/posts"}],"about":[{"href":"https:\/\/www.europesays.com\/fr\/wp-json\/wp\/v2\/types\/post"}],"author":[{"embeddable":true,"href":"https:\/\/www.europesays.com\/fr\/wp-json\/wp\/v2\/users\/2"}],"replies":[{"embeddable":true,"href":"https:\/\/www.europesays.com\/fr\/wp-json\/wp\/v2\/comments?post=467031"}],"version-history":[{"count":0,"href":"https:\/\/www.europesays.com\/fr\/wp-json\/wp\/v2\/posts\/467031\/revisions"}],"wp:featuredmedia":[{"embeddable":true,"href":"https:\/\/www.europesays.com\/fr\/wp-json\/wp\/v2\/media\/467032"}],"wp:attachment":[{"href":"https:\/\/www.europesays.com\/fr\/wp-json\/wp\/v2\/media?parent=467031"}],"wp:term":[{"taxonomy":"category","embeddable":true,"href":"https:\/\/www.europesays.com\/fr\/wp-json\/wp\/v2\/categories?post=467031"},{"taxonomy":"post_tag","embeddable":true,"href":"https:\/\/www.europesays.com\/fr\/wp-json\/wp\/v2\/tags?post=467031"}],"curies":[{"name":"wp","href":"https:\/\/api.w.org\/{rel}","templated":true}]}}