{"id":467039,"date":"2025-10-16T09:16:10","date_gmt":"2025-10-16T09:16:10","guid":{"rendered":"https:\/\/www.europesays.com\/fr\/467039\/"},"modified":"2025-10-16T09:16:10","modified_gmt":"2025-10-16T09:16:10","slug":"bvlgari-un-voyage-tout-en-couleurs","status":"publish","type":"post","link":"https:\/\/www.europesays.com\/fr\/467039\/","title":{"rendered":"Bvlgari, un voyage tout en couleurs"},"content":{"rendered":"<p class=\"p1\">Apr\u00e8s la pr\u00e9sentation de la collection de haute joaillerie au printemps, Lucia Silvestri, directrice de la cr\u00e9ation et acheteuse de pierres de <strong>Bvlgari<\/strong>, fait escale \u00e0 Paris pour d\u00e9voiler des bijoux uniques tout juste sortis des ateliers.<\/p>\n<p class=\"p1\">Cette ann\u00e9e, de nouvelles cr\u00e9ations qui laissent exploser les couleurs, \u00e0 l\u2019image d\u2019un feu d\u2019artifice, donnent le ton et rappellent que le joaillier romain est l\u2019ind\u00e9tr\u00f4nable ma\u00eetre de la couleur. Rubellites, tourmalines et spinelles aux reflets incandescents en tailles cabochon, poire, ovale, coussin ou octogonale donnent naissance \u00e0 des colliers, des bagues volumineuses et des boucles d\u2019oreilles qui ne laissent pas indiff\u00e9rents. Les nuances rougeoyantes de ces gemmes sont mises en valeur par le vert des \u00e9meraudes et des tourmalines, le noir de l\u2019onyx, le violet des am\u00e9thystes, l\u2019orang\u00e9 satur\u00e9 du corail et la blancheur des diamants.<\/p>\n<p><a href=\"https:\/\/www.bulgari.com\/it-it\/\" target=\"_blank\" rel=\"noopener\">www.bulgari.com<\/a><\/p>\n","protected":false},"excerpt":{"rendered":"Apr\u00e8s la pr\u00e9sentation de la collection de haute joaillerie au printemps, Lucia Silvestri, directrice de la cr\u00e9ation et&hellip;\n","protected":false},"author":2,"featured_media":467040,"comment_status":"","ping_status":"","sticky":false,"template":"","format":"standard","meta":{"footnotes":""},"categories":[1888],"tags":[11,1777,674,1011,27,4897,12,626,25],"class_list":{"0":"post-467039","1":"post","2":"type-post","3":"status-publish","4":"format-standard","5":"has-post-thumbnail","7":"category-paris","8":"tag-actualites","9":"tag-eu","10":"tag-europe","11":"tag-fr","12":"tag-france","13":"tag-joaillerie","14":"tag-news","15":"tag-paris","16":"tag-republique-francaise"},"share_on_mastodon":{"url":"https:\/\/pubeurope.com\/@fr\/115383093441693965","error":""},"_links":{"self":[{"href":"https:\/\/www.europesays.com\/fr\/wp-json\/wp\/v2\/posts\/467039","targetHints":{"allow":["GET"]}}],"collection":[{"href":"https:\/\/www.europesays.com\/fr\/wp-json\/wp\/v2\/posts"}],"about":[{"href":"https:\/\/www.europesays.com\/fr\/wp-json\/wp\/v2\/types\/post"}],"author":[{"embeddable":true,"href":"https:\/\/www.europesays.com\/fr\/wp-json\/wp\/v2\/users\/2"}],"replies":[{"embeddable":true,"href":"https:\/\/www.europesays.com\/fr\/wp-json\/wp\/v2\/comments?post=467039"}],"version-history":[{"count":0,"href":"https:\/\/www.europesays.com\/fr\/wp-json\/wp\/v2\/posts\/467039\/revisions"}],"wp:featuredmedia":[{"embeddable":true,"href":"https:\/\/www.europesays.com\/fr\/wp-json\/wp\/v2\/media\/467040"}],"wp:attachment":[{"href":"https:\/\/www.europesays.com\/fr\/wp-json\/wp\/v2\/media?parent=467039"}],"wp:term":[{"taxonomy":"category","embeddable":true,"href":"https:\/\/www.europesays.com\/fr\/wp-json\/wp\/v2\/categories?post=467039"},{"taxonomy":"post_tag","embeddable":true,"href":"https:\/\/www.europesays.com\/fr\/wp-json\/wp\/v2\/tags?post=467039"}],"curies":[{"name":"wp","href":"https:\/\/api.w.org\/{rel}","templated":true}]}}