{"id":467043,"date":"2025-10-16T09:18:15","date_gmt":"2025-10-16T09:18:15","guid":{"rendered":"https:\/\/www.europesays.com\/fr\/467043\/"},"modified":"2025-10-16T09:18:15","modified_gmt":"2025-10-16T09:18:15","slug":"guerre-en-ukraine-un-site-de-production-de-gaz-a-larret-apres-des-frappes-russes-dans-lest-du-pays","status":"publish","type":"post","link":"https:\/\/www.europesays.com\/fr\/467043\/","title":{"rendered":"Guerre en Ukraine. Un site de production de gaz \u00e0 l&rsquo;arr\u00eat apr\u00e8s des frappes russes dans l&rsquo;est du pays"},"content":{"rendered":"<p>Un site de production de gaz dans l&rsquo;est de l&rsquo;Ukraine a \u00e9t\u00e9 mis \u00e0 l&rsquo;arr\u00eat ce jeudi apr\u00e8s une nouvelle vague de frappes russes, qui mettent <a href=\"https:\/\/www.ledauphine.com\/defense-guerre-conflit\/2025\/10\/15\/apres-les-attaques-russes-contre-des-infrastructures-electriques-tout-le-pays-touche-par-des-coupures\" target=\"_blank\" rel=\"noopener\">sous pression le r\u00e9seau \u00e9nerg\u00e9tique<\/a> \u00e0 l&rsquo;approche de l&rsquo;hiver. La Russie a multipli\u00e9 depuis plusieurs semaines les tirs de drones et missiles sur les infrastructures \u00e9lectriques et gazi\u00e8res, ainsi que sur le r\u00e9seau ferroviaire en Ukraine, provoquant des coupures de courant dans quasiment tout le pays.<\/p>\n<p>Dans la nuit de mercredi \u00e0 jeudi, une nouvelle vague de plus de 300 drones d&rsquo;attaque et 37 missiles a frapp\u00e9 l&rsquo;Ukraine, a annonc\u00e9 le pr\u00e9sident Volodymyr Zelensky. \u00ab Cet automne, les Russes profitent de chaque jour pour frapper nos infrastructures \u00e9nerg\u00e9tiques \u00bb, a-t-il soulign\u00e9.<\/p>\n<p>\u00ab Une forte pression\u00a0\u00bb sur le secteur gazier<\/p>\n<p>\u00ab \u00c0 la suite de cette attaque, les installations de production de gaz de la r\u00e9gion de Poltava ont \u00e9t\u00e9 ferm\u00e9es \u00bb, a annonc\u00e9 l&rsquo;op\u00e9rateur priv\u00e9 DTEK. Volodymyr Zelensky avait relev\u00e9 d\u00e9but novembre que les bombardements russes mettaient \u00ab une forte pression \u00bb sur le secteur gazier ukrainien, ce qui pourrait forcer Kiev \u00e0 augmenter ses importations. L&rsquo;hiver dernier, les bombardements russes avaient d\u00e9j\u00e0 r\u00e9duit de moiti\u00e9 la production de gaz en Ukraine.<\/p>\n<p>Mercredi soir, l&rsquo;op\u00e9rateur du r\u00e9seau \u00e9lectrique ukrainien, Ukrenergo, a annonc\u00e9 l&rsquo;instauration de coupures de courant dans la totalit\u00e9 du pays sauf dans la r\u00e9gion de Donetsk, o\u00f9 se concentrent les combats. Des coupures de courant avaient d\u00e9j\u00e0 eu lieu la semaine derni\u00e8re <a href=\"https:\/\/www.ledauphine.com\/france-monde\/ukraine\" target=\"_blank\" rel=\"noopener\">\u00e0 travers l&rsquo;Ukraine<\/a>, affectant notamment pendant plusieurs heures une partie de la capitale. L&rsquo;Ukraine vise de son c\u00f4t\u00e9 r\u00e9guli\u00e8rement avec des drones des raffineries de p\u00e9trole et des conduites d&rsquo;hydrocarbures en Russie, une strat\u00e9gie qui a provoqu\u00e9 une hausse des prix du carburant dans ce pays depuis l&rsquo;\u00e9t\u00e9.<\/p>\n","protected":false},"excerpt":{"rendered":"Un site de production de gaz dans l&rsquo;est de l&rsquo;Ukraine a \u00e9t\u00e9 mis \u00e0 l&rsquo;arr\u00eat ce jeudi apr\u00e8s&hellip;\n","protected":false},"author":2,"featured_media":467044,"comment_status":"","ping_status":"","sticky":false,"template":"","format":"standard","meta":{"footnotes":""},"categories":[1591],"tags":[11,3206,1887,107,329,12,316,1885,1886,132,220],"class_list":{"0":"post-467043","1":"post","2":"type-post","3":"status-publish","4":"format-standard","5":"has-post-thumbnail","7":"category-russie","8":"tag-actualites","9":"tag-defense-guerre-conflit","10":"tag-federation-de-russie","11":"tag-fil-info","12":"tag-france-monde","13":"tag-news","14":"tag-politique","15":"tag-russia","16":"tag-russian-federation","17":"tag-russie","18":"tag-ukraine"},"share_on_mastodon":{"url":"https:\/\/pubeurope.com\/@fr\/115383101327052402","error":""},"_links":{"self":[{"href":"https:\/\/www.europesays.com\/fr\/wp-json\/wp\/v2\/posts\/467043","targetHints":{"allow":["GET"]}}],"collection":[{"href":"https:\/\/www.europesays.com\/fr\/wp-json\/wp\/v2\/posts"}],"about":[{"href":"https:\/\/www.europesays.com\/fr\/wp-json\/wp\/v2\/types\/post"}],"author":[{"embeddable":true,"href":"https:\/\/www.europesays.com\/fr\/wp-json\/wp\/v2\/users\/2"}],"replies":[{"embeddable":true,"href":"https:\/\/www.europesays.com\/fr\/wp-json\/wp\/v2\/comments?post=467043"}],"version-history":[{"count":0,"href":"https:\/\/www.europesays.com\/fr\/wp-json\/wp\/v2\/posts\/467043\/revisions"}],"wp:featuredmedia":[{"embeddable":true,"href":"https:\/\/www.europesays.com\/fr\/wp-json\/wp\/v2\/media\/467044"}],"wp:attachment":[{"href":"https:\/\/www.europesays.com\/fr\/wp-json\/wp\/v2\/media?parent=467043"}],"wp:term":[{"taxonomy":"category","embeddable":true,"href":"https:\/\/www.europesays.com\/fr\/wp-json\/wp\/v2\/categories?post=467043"},{"taxonomy":"post_tag","embeddable":true,"href":"https:\/\/www.europesays.com\/fr\/wp-json\/wp\/v2\/tags?post=467043"}],"curies":[{"name":"wp","href":"https:\/\/api.w.org\/{rel}","templated":true}]}}