{"id":467047,"date":"2025-10-16T09:20:16","date_gmt":"2025-10-16T09:20:16","guid":{"rendered":"https:\/\/www.europesays.com\/fr\/467047\/"},"modified":"2025-10-16T09:20:16","modified_gmt":"2025-10-16T09:20:16","slug":"les-middlemen-ces-intermediaires-accuses-de-gonfler-les-prix-des-medicaments-aux-etats-unis","status":"publish","type":"post","link":"https:\/\/www.europesays.com\/fr\/467047\/","title":{"rendered":"Les \u00abmiddlemen\u00bb, ces interm\u00e9diaires accus\u00e9s de gonfler les prix des m\u00e9dicaments aux Etats-Unis"},"content":{"rendered":"<p>    R\u00e9sum\u00e9 en 20 secondes<\/p>\n<p>        En savoir plus sur ce type de contenu<\/p>\n<p>Ce r\u00e9sum\u00e9 peut avoir \u00e9t\u00e9 \u00e9crit avec l&rsquo;assistance d\u2019une IA g\u00e9n\u00e9rative. <a href=\"https:\/\/www.letemps.ch\/cyber\/l-usage-de-l-ia-generative-par-les-journalistes-du-temps\" target=\"_blank\" rel=\"noopener\">En savoir plus<\/a><\/p>\n<p class=\"article__abstract-call-to-action\" data-ariato=\"TrackableElement\" data-trackable-element-type=\"article_abstract_cta\" data-trackable-element-location=\"article_header\" data-trackable-element-id=\"509390\">\n        <a data-event=\"click-&gt;clicked\" href=\"https:\/\/www.letemps.ch\/abonnements\" target=\"_blank\" rel=\"noopener\">Abonnez-vous<\/a> pour acc\u00e9der au r\u00e9sum\u00e9 en 20 secondes.\n      <\/p>\n<p>Dans une Am\u00e9rique divis\u00e9e sur \u00e0 peu pr\u00e8s tous les sujets, il en est au moins un qui fait consensus: les soins de sant\u00e9 sont beaucoup trop chers. En s\u2019attaquant au co\u00fbt des m\u00e9dicaments, le 30\u00a0septembre, Donald Trump s\u2019est empar\u00e9 d\u2019une question \u00e0 la fois populaire et extr\u00eamement complexe.<\/p>\n<p>Car, aux Etats-Unis, le prix ne d\u00e9pend pas des n\u00e9gociations entre l\u2019Etat et les laboratoires, comme c\u2019est le cas en France, mais de l\u2019intervention d\u2019une s\u00e9rie d\u2019acteurs, aussi appel\u00e9s \u00abmiddlemen\u00bb. Ces interm\u00e9diaires n\u2019ont pas \u00e9t\u00e9 directement cit\u00e9s dans le communiqu\u00e9 de la Maison-Blanche, qui annon\u00e7ait un accord entre Pfizer et le pr\u00e9sident pour faire baisser le co\u00fbt de certains produits et pour mettre en place un site de vente directe, baptis\u00e9 \u00abTrumpRx\u00bb. Mais c\u2019est en partie d\u2019eux qu\u2019il \u00e9tait au fond question: les PBM (pharmacy benefit managers).<\/p>\n","protected":false},"excerpt":{"rendered":"R\u00e9sum\u00e9 en 20 secondes En savoir plus sur ce type de contenu Ce r\u00e9sum\u00e9 peut avoir \u00e9t\u00e9 \u00e9crit&hellip;\n","protected":false},"author":2,"featured_media":467048,"comment_status":"","ping_status":"","sticky":false,"template":"","format":"standard","meta":{"footnotes":""},"categories":[1589],"tags":[11,73,1866,12,301,1864,1865,1863,308],"class_list":{"0":"post-467047","1":"post","2":"type-post","3":"status-publish","4":"format-standard","5":"has-post-thumbnail","7":"category-etats-unis","8":"tag-actualites","9":"tag-etats-unis","10":"tag-etats-unis-damerique","11":"tag-news","12":"tag-premium","13":"tag-united-states","14":"tag-united-states-of-america","15":"tag-us","16":"tag-usa"},"share_on_mastodon":{"url":"https:\/\/pubeurope.com\/@fr\/115383109144664883","error":""},"_links":{"self":[{"href":"https:\/\/www.europesays.com\/fr\/wp-json\/wp\/v2\/posts\/467047","targetHints":{"allow":["GET"]}}],"collection":[{"href":"https:\/\/www.europesays.com\/fr\/wp-json\/wp\/v2\/posts"}],"about":[{"href":"https:\/\/www.europesays.com\/fr\/wp-json\/wp\/v2\/types\/post"}],"author":[{"embeddable":true,"href":"https:\/\/www.europesays.com\/fr\/wp-json\/wp\/v2\/users\/2"}],"replies":[{"embeddable":true,"href":"https:\/\/www.europesays.com\/fr\/wp-json\/wp\/v2\/comments?post=467047"}],"version-history":[{"count":0,"href":"https:\/\/www.europesays.com\/fr\/wp-json\/wp\/v2\/posts\/467047\/revisions"}],"wp:featuredmedia":[{"embeddable":true,"href":"https:\/\/www.europesays.com\/fr\/wp-json\/wp\/v2\/media\/467048"}],"wp:attachment":[{"href":"https:\/\/www.europesays.com\/fr\/wp-json\/wp\/v2\/media?parent=467047"}],"wp:term":[{"taxonomy":"category","embeddable":true,"href":"https:\/\/www.europesays.com\/fr\/wp-json\/wp\/v2\/categories?post=467047"},{"taxonomy":"post_tag","embeddable":true,"href":"https:\/\/www.europesays.com\/fr\/wp-json\/wp\/v2\/tags?post=467047"}],"curies":[{"name":"wp","href":"https:\/\/api.w.org\/{rel}","templated":true}]}}