{"id":467053,"date":"2025-10-16T09:23:10","date_gmt":"2025-10-16T09:23:10","guid":{"rendered":"https:\/\/www.europesays.com\/fr\/467053\/"},"modified":"2025-10-16T09:23:10","modified_gmt":"2025-10-16T09:23:10","slug":"leurope-tente-de-sortir-de-son-hyper-dependance-aux-solutions-americaines","status":"publish","type":"post","link":"https:\/\/www.europesays.com\/fr\/467053\/","title":{"rendered":"l\u2019Europe tente de sortir de son hyper-d\u00e9pendance aux solutions am\u00e9ricaines"},"content":{"rendered":"<p><strong>Les appels au cloud souverain r\u00e9sonnent de plus en plus dans une Europe dont les entreprises restent structurellement d\u00e9pendantes des acteurs num\u00e9riques am\u00e9ricains. \u00ab\u2009Il faut, au niveau europ\u00e9en, faire \u00e9merger une offre industrielle align\u00e9e sur les besoins des entreprises\u2009\u00bb, presse Samuel Durand, fondateur et directeur technique de Databack, l\u2019un des leaders fran\u00e7ais de la r\u00e9cup\u00e9ration de donn\u00e9es.<\/strong><\/p>\n<p>En Europe, le cloud reste invariablement am\u00e9ricain. Une r\u00e9alit\u00e9 historique, li\u00e9e \u00e0 \u00ab\u2009l\u2019entr\u00e9e tr\u00e8s pr\u00e9coce d\u2019hyperscalers am\u00e9ricains, comme Amazon Web Services (AWS), Microsoft Azure ou encore Google, sur le march\u00e9 du cloud\u2009\u00bb, selon Samuel Durand. Ces trois g\u00e9ants contr\u00f4lent aujourd\u2019hui plus de 70\u00a0% du cloud europ\u00e9en, ne laissant aux acteurs europ\u00e9ens qu\u2019une part marginale d\u2019un tr\u00e9sor en croissance continue. Ils peuvent d\u2019ailleurs compter sur des investissements colossaux&amp;nbsp: chacun devrait investir entre 75 et 100 milliards d\u2019euros, en 2025, dans l\u2019IA et leurs datacenters, renfor\u00e7ant une domination d\u00e9j\u00e0 absolue.<\/p>\n<p>Les acteurs asiatiques sont aussi lanc\u00e9s dans une strat\u00e9gie de conqu\u00eate assum\u00e9e, avec notamment Alibaba Cloud, filiale du leader chinois du e-commerce, qui vient d\u2019annoncer l\u2019implantation de nouveaux datacenters en France et aux Pays-Bas \u00e0 partir de 2026. Tencent Cloud, un autre g\u00e9ant asiatique, se r\u00e9jouit d\u2019une \u00ab\u2009croissance \u00e0 deux chiffres\u2009\u00bb sur le continent.<\/p>\n<p>Au niveau europ\u00e9en, nos champions, dont le fran\u00e7ais OVH Cloud, restent encore bien \u00e9loign\u00e9s des plus hauts standards internationaux, alors m\u00eame que la croissance du cloud en Europe explose. \u00ab\u2009Nous parlons d\u2019un march\u00e9 estim\u00e9 \u00e0 plus de 750 milliards de dollars en 2024, avec un taux de croissance annuel vertigineux, qui d\u00e9passe les 20\u00a0% jusqu\u2019en 2030\u2009\u00bb, poursuit le directeur technique de <a href=\"https:\/\/www.databack.fr\/\" target=\"_blank\" rel=\"noopener nofollow\">Databack<\/a>.<\/p>\n<p><strong>La domination am\u00e9ricaine co\u00fbte 264 milliards de dollars par an aux entreprises europ\u00e9ennes <\/strong><\/p>\n<p>Une situation de d\u00e9pendance, dont les implications \u00e9conomiques sont majeures. Chaque ann\u00e9e, les entreprises europ\u00e9ennes d\u00e9penseraient 264 milliards de dollars par an en se tournant vers des offres cloud et des solutions logiciels am\u00e9ricaines, selon Antares et le Cigref, <a href=\"https:\/\/www.cigref.fr\/la-dependance-technologique-aux-softwares-cloud-services-americains-une-estimation-des-consequences-economiques-en-europe\" target=\"_blank\" rel=\"noopener nofollow\">dans une \u00e9tude de r\u00e9f\u00e9rence rendue publique en avril dernier<\/a>.<\/p>\n<p>\u00ab\u2009Une r\u00e9orientation, m\u00eame mineure, de ces d\u00e9penses vers des acteurs europ\u00e9ens soutiendrait non seulement l\u2019emploi, mais encore les fili\u00e8res tech\u2019 europ\u00e9ennes\u2009\u00bb, veut croire Samuel Durand. L\u2019\u00e9tude estime ainsi que 500\u2009000 emplois pourraient \u00eatre cr\u00e9\u00e9s en Europe, si les entreprises europ\u00e9ennes fl\u00e9chaient 15\u00a0% de ces 264 milliards d\u2019euros vers des acteurs continentaux.<\/p>\n<p>Mais un cloud souverain, c\u2019est aussi une brique suppl\u00e9mentaire de s\u00e9curit\u00e9 pour les utilisateurs, garantissant une conformit\u00e9 totale aux exigences europ\u00e9ennes et \u00ab\u2009une meilleure r\u00e9cup\u00e9ration des donn\u00e9es en cas d\u2019attaque par ransomware ou incident physique\u00a0sur un datacenter\u2009\u00bb, explique le directeur technique de Databack, qui agit de plus en plus dans un environnement cloud.<\/p>\n<p>Encore faut-il que l\u2019offre europ\u00e9enne s\u2019aligne sur une demande en croissance. Patrick Pouyann\u00e9, patron de Total, s\u2019\u00e9tait ainsi \u00e9mu de n\u2019avoir pas eu d\u2019autres choix que Google, Amazon ou Microsoft pour son choix de cloud, en marge du dernier forum InCyber. La prestigieuse \u00c9cole Polytechnique a, quant \u00e0 elle, migr\u00e9 vers Microsoft, suscitant, en mai 2025, un petit \u00e9moi dans l\u2019\u00e9cosyst\u00e8me tech\u2019 fran\u00e7ais.<\/p>\n<p>Face \u00e0 la sur-domination am\u00e9ricaine, les pays europ\u00e9ens sonnent pourtant la mobilisation g\u00e9n\u00e9rale et tentent d\u2019apporter une r\u00e9ponse industrielle solide. L\u2019initiative europ\u00e9enne Gaia-X cherche, depuis 2020, \u00e0 favoriser le d\u00e9ploiement d\u2019\u00e9cosyst\u00e8mes de donn\u00e9es fond\u00e9s sur la confiance. L\u2019Alliance europ\u00e9enne pour les donn\u00e9es industrielles tente de f\u00e9d\u00e9rer les acteurs industriels continentaux pour faire \u00e9merger une position commune \u00e0 l\u2019\u00e9chelle du continent. Bleu, une joint-venture rassemblant Orange et Capgemini, vise \u00e0 cr\u00e9er une infrastructure de confiance dot\u00e9e de la qualification SecNumCloud, la r\u00e9f\u00e9rence du secteur. \u00ab\u2009Mais la structure reste adoss\u00e9e \u00e0 Microsoft Azure\u2009\u00bb, temp\u00e8re Samuel Durand.<\/p>\n<p><strong>Les hyperscalers am\u00e9ricains se lancent dans la course du cloud souverain europ\u00e9en<\/strong><\/p>\n<p>Une r\u00e9alit\u00e9 qui risque de durer. Depuis plusieurs mois, les principaux hyperscalers se positionnent sur le march\u00e9 des clouds souverains europ\u00e9ens, faisant ainsi de la confiance le c\u0153ur de leur offre commerciale dans un contexte de guerre douani\u00e8re de plus en plus ouverte avec Donald Trump. \u00ab\u2009C\u2019est aussi un moyen, pour les hyperscalers, de se pr\u00e9munir de la mont\u00e9e en puissance d\u2019acteurs cloud alternatifs, dont les services pourraient attirer des entreprises europ\u00e9ennes en qu\u00eate de confiance\u2009\u00bb, explique Samuel Durand.<\/p>\n<p>Microsoft veut ainsi augmenter de 40\u00a0% ses capacit\u00e9s de datacenters, tout en nouant des partenariats avec des acteurs locaux&amp;nbsp: Bleu en France\u2009; Delos Cloud GmbH et Arvato Systems en Allemagne. Le tout, sous la houlette d\u2019un centre administratif enti\u00e8rement europ\u00e9en, charg\u00e9 de s\u2019assurer de la conformit\u00e9 de son cloud avec un cadre europ\u00e9en qui voit s\u2019encha\u00eener les directives et r\u00e8glements, comme le Digital Operationnel Resilience Act (DORA), le Cyber Resilience Act (CRA) ou encore la directive NIS\u00a02. \u00c0 la fin de l\u2019ann\u00e9e, Amazon devrait lancer AWS European Sovereign Cloud.<\/p>\n<p>Google a r\u00e9cemment renforc\u00e9 son Google Cloud Data Boundary, permettant aux utilisateurs de savoir o\u00f9 les donn\u00e9es sont stock\u00e9es \u2014 et donc sous quel r\u00e9gime juridique. Mais la perspective de clouds souverains dop\u00e9s par des entreprises am\u00e9ricaines reste un v\u0153u pieux, pour de nombreux observateurs. \u00ab\u2009Tous ces acteurs restent soumis \u00e0 l\u2019extraterritorialit\u00e9 du droit am\u00e9ricain, ce qui suppose qu\u2019ils doivent se plier aux demandes des autorit\u00e9s f\u00e9d\u00e9rales\u2009\u00bb, r\u00e9sume Samuel Durand.<\/p>\n<p>Pour sortir de la d\u00e9pendance, un nouvel appel \u00e0 projets a \u00e9t\u00e9 lanc\u00e9 en avril dernier en France, sous la houlette de Clara Chappaz, ministre d\u00e9l\u00e9gu\u00e9e charg\u00e9e de l\u2019Intelligence artificielle et du Num\u00e9rique. Il est d\u00e9j\u00e0 dot\u00e9 de 100 millions d\u2019euros de fonds publics, et a r\u00e9ussi \u00e0 attirer quelques acteurs priv\u00e9s. Un nouveau jalon, encore modeste, pour faire face au raz-de-mar\u00e9e am\u00e9ricain.<\/p>\n","protected":false},"excerpt":{"rendered":"Les appels au cloud souverain r\u00e9sonnent de plus en plus dans une Europe dont les entreprises restent structurellement&hellip;\n","protected":false},"author":2,"featured_media":467054,"comment_status":"","ping_status":"","sticky":false,"template":"","format":"standard","meta":{"footnotes":""},"categories":[1586],"tags":[11,32393,1777,674,1011,27,12,25],"class_list":{"0":"post-467053","1":"post","2":"type-post","3":"status-publish","4":"format-standard","5":"has-post-thumbnail","7":"category-europe","8":"tag-actualites","9":"tag-cloud","10":"tag-eu","11":"tag-europe","12":"tag-fr","13":"tag-france","14":"tag-news","15":"tag-republique-francaise"},"share_on_mastodon":{"url":"https:\/\/pubeurope.com\/@fr\/115383121112823499","error":""},"_links":{"self":[{"href":"https:\/\/www.europesays.com\/fr\/wp-json\/wp\/v2\/posts\/467053","targetHints":{"allow":["GET"]}}],"collection":[{"href":"https:\/\/www.europesays.com\/fr\/wp-json\/wp\/v2\/posts"}],"about":[{"href":"https:\/\/www.europesays.com\/fr\/wp-json\/wp\/v2\/types\/post"}],"author":[{"embeddable":true,"href":"https:\/\/www.europesays.com\/fr\/wp-json\/wp\/v2\/users\/2"}],"replies":[{"embeddable":true,"href":"https:\/\/www.europesays.com\/fr\/wp-json\/wp\/v2\/comments?post=467053"}],"version-history":[{"count":0,"href":"https:\/\/www.europesays.com\/fr\/wp-json\/wp\/v2\/posts\/467053\/revisions"}],"wp:featuredmedia":[{"embeddable":true,"href":"https:\/\/www.europesays.com\/fr\/wp-json\/wp\/v2\/media\/467054"}],"wp:attachment":[{"href":"https:\/\/www.europesays.com\/fr\/wp-json\/wp\/v2\/media?parent=467053"}],"wp:term":[{"taxonomy":"category","embeddable":true,"href":"https:\/\/www.europesays.com\/fr\/wp-json\/wp\/v2\/categories?post=467053"},{"taxonomy":"post_tag","embeddable":true,"href":"https:\/\/www.europesays.com\/fr\/wp-json\/wp\/v2\/tags?post=467053"}],"curies":[{"name":"wp","href":"https:\/\/api.w.org\/{rel}","templated":true}]}}