{"id":467067,"date":"2025-10-16T09:34:12","date_gmt":"2025-10-16T09:34:12","guid":{"rendered":"https:\/\/www.europesays.com\/fr\/467067\/"},"modified":"2025-10-16T09:34:12","modified_gmt":"2025-10-16T09:34:12","slug":"williams-avec-une-livree-retro-pour-le-grand-prix-des-etats-unis-a-austin","status":"publish","type":"post","link":"https:\/\/www.europesays.com\/fr\/467067\/","title":{"rendered":"Williams avec une livr\u00e9e r\u00e9tro pour le Grand Prix des \u00c9tats-Unis \u00e0 Austin"},"content":{"rendered":"<p>Apr\u00e8s Racing Bulls, <a href=\"https:\/\/www.autohebdo.fr\/actualites\/ecurie\/aston-martin\" data-internallinksmanager029f6b8e52c=\"77\" title=\"Ecurie Aston Martin F1 Team\" rel=\"nofollow noopener\" target=\"_blank\">Aston Martin<\/a> et <a href=\"https:\/\/www.autohebdo.fr\/actualites\/ecurie\/mclaren\" data-internallinksmanager029f6b8e52c=\"76\" title=\"Ecurie F1 McLaren Racing\" rel=\"nofollow noopener\" target=\"_blank\">McLaren<\/a>, voici donc une livr\u00e9e sp\u00e9ciale pour <a href=\"https:\/\/www.autohebdo.fr\/actualites\/ecurie\/williams-f1\" data-internallinksmanager029f6b8e52c=\"83\" title=\"Ecurie Williams F1 Team\" rel=\"nofollow noopener\" target=\"_blank\">Williams<\/a>. Si la pertinence ou l\u2019esth\u00e9tique des pr\u00e9c\u00e9dentes pouvaient \u00eatre discutables, la d\u00e9coration choisie par l\u2019\u00e9curie britannique pour le Grand Prix des \u00c9tats-Unis est particuli\u00e8rement r\u00e9ussie.<\/p>\n<p><strong>\u00c0 LIRE AUSSI &gt; <\/strong><a href=\"https:\/\/www.autohebdo.fr\/actualites\/f1\/le-bal-des-livrees-speciales-continue-aston-martin-change-pour-austin-mclaren-egalement-pour-le-mexique.html\" target=\"_blank\" rel=\"noopener nofollow\"><strong>Le bal des livr\u00e9es sp\u00e9ciales continue : Aston Martin change pour Austin, McLaren \u00e9galement pour le Mexique<\/strong><\/a><\/p>\n<p>Williams concourra ainsi \u00e0 Austin dans une livr\u00e9e r\u00e9tro inspir\u00e9e de 2002 c\u00e9l\u00e9brer le partenariat avec Atlassian, sponsor de l\u2019\u00e9quipe.<\/p>\n<p>\u00ab La livr\u00e9e est une repr\u00e9sentation visuelle de la fa\u00e7on dont Williams et Atlassian ont surv\u00e9cu et prosp\u00e9r\u00e9 face aux changements incessants depuis 2002 en exploitant la puissance du travail d\u2019\u00e9quipe \u2013 et comment tous deux sont d\u00e9termin\u00e9s \u00e0 ramener l\u2019\u00e9quipe \u00e0 la gloire en allant de l\u2019avant, ensemble \u00bb, <a href=\"https:\/\/www.williamsf1.com\/posts\/3997b107-2be3-4ccf-a650-4b6b5aafb0d9\/williams-unveils-iconic-2002-celebrating-atlassian-partnership\" target=\"_blank\" rel=\"noopener nofollow\"><strong>indique l\u2019\u00e9curie<\/strong><\/a>.<\/p>\n<p><a href=\"https:\/\/www.autohebdo.fr\/app\/uploads\/2025\/10\/e9d472644614b1170e3b2b7c862872de422d02d2-2560x1440-1.avif\" rel=\"nofollow noopener\" target=\"_blank\"><img fetchpriority=\"high\" decoding=\"async\" class=\"aligncenter wp-image-638223\" src=\"https:\/\/www.europesays.com\/fr\/wp-content\/uploads\/2025\/10\/e9d472644614b1170e3b2b7c862872de422d02d2-2560x1440-1-300x169.jpg\" alt=\"\" width=\"665\" height=\"374\"  \/><\/a><\/p>\n<p>Ce desing a \u00e9t\u00e9 d\u00e9voil\u00e9 par <a href=\"https:\/\/www.autohebdo.fr\/pilote\/f1\/carlos-sainz\" data-internallinksmanager029f6b8e52c=\"43\" title=\"Carlos Sainz\" rel=\"nofollow noopener\" target=\"_blank\">Carlos Sainz<\/a> aux c\u00f4t\u00e9s du cofondateur et directeur g\u00e9n\u00e9ral d\u2019Atlassian, Mike Cannon-Brookes, et de Juan Pablo Montoya, pilote Williams lors de la saison 2002. Il comm\u00e9more l\u2019ann\u00e9e de fondation d\u2019Atlassian.<\/p>\n<p> \u00ab C\u2019est incroyable de penser \u00e0 quel point la <a href=\"https:\/\/www.autohebdo.fr\/actualites\/f1\" data-internallinksmanager029f6b8e52c=\"1\" title=\"F1\" rel=\"nofollow noopener\" target=\"_blank\">F1<\/a> a chang\u00e9 depuis 2002, mais les ingr\u00e9dients cl\u00e9s du succ\u00e8s sont rest\u00e9s les m\u00eames : le travail d\u2019\u00e9quipe, l\u2019innovation et une d\u00e9termination sans faille \u00e0 r\u00e9ussir, a d\u00e9clar\u00e9 Montoya.\u00a0Williams a toujours d\u00e9fendu ces valeurs et il est clair qu\u2019avec Atlassian, ils ont un partenaire qui les partage. La livr\u00e9e r\u00e9tro de la voiture est superbe et constitue une excellente fa\u00e7on de c\u00e9l\u00e9brer le partenariat avec Atlassian et l\u2019ambition de l\u2019\u00e9quipe de revenir sur la plus haute marche du podium. \u00bb<\/p>\n","protected":false},"excerpt":{"rendered":"Apr\u00e8s Racing Bulls, Aston Martin et McLaren, voici donc une livr\u00e9e sp\u00e9ciale pour Williams. Si la pertinence ou&hellip;\n","protected":false},"author":2,"featured_media":467068,"comment_status":"","ping_status":"","sticky":false,"template":"","format":"standard","meta":{"footnotes":""},"categories":[1412],"tags":[1451,1452,1453,1454,1455,1011,27,60],"class_list":{"0":"post-467067","1":"post","2":"type-post","3":"status-publish","4":"format-standard","5":"has-post-thumbnail","7":"category-f1","8":"tag-f1","9":"tag-formula-1","10":"tag-formula1","11":"tag-formule-1","12":"tag-formule1","13":"tag-fr","14":"tag-france","15":"tag-sports"},"share_on_mastodon":{"url":"https:\/\/pubeurope.com\/@fr\/115383164553827158","error":""},"_links":{"self":[{"href":"https:\/\/www.europesays.com\/fr\/wp-json\/wp\/v2\/posts\/467067","targetHints":{"allow":["GET"]}}],"collection":[{"href":"https:\/\/www.europesays.com\/fr\/wp-json\/wp\/v2\/posts"}],"about":[{"href":"https:\/\/www.europesays.com\/fr\/wp-json\/wp\/v2\/types\/post"}],"author":[{"embeddable":true,"href":"https:\/\/www.europesays.com\/fr\/wp-json\/wp\/v2\/users\/2"}],"replies":[{"embeddable":true,"href":"https:\/\/www.europesays.com\/fr\/wp-json\/wp\/v2\/comments?post=467067"}],"version-history":[{"count":0,"href":"https:\/\/www.europesays.com\/fr\/wp-json\/wp\/v2\/posts\/467067\/revisions"}],"wp:featuredmedia":[{"embeddable":true,"href":"https:\/\/www.europesays.com\/fr\/wp-json\/wp\/v2\/media\/467068"}],"wp:attachment":[{"href":"https:\/\/www.europesays.com\/fr\/wp-json\/wp\/v2\/media?parent=467067"}],"wp:term":[{"taxonomy":"category","embeddable":true,"href":"https:\/\/www.europesays.com\/fr\/wp-json\/wp\/v2\/categories?post=467067"},{"taxonomy":"post_tag","embeddable":true,"href":"https:\/\/www.europesays.com\/fr\/wp-json\/wp\/v2\/tags?post=467067"}],"curies":[{"name":"wp","href":"https:\/\/api.w.org\/{rel}","templated":true}]}}