{"id":467071,"date":"2025-10-16T09:36:21","date_gmt":"2025-10-16T09:36:21","guid":{"rendered":"https:\/\/www.europesays.com\/fr\/467071\/"},"modified":"2025-10-16T09:36:21","modified_gmt":"2025-10-16T09:36:21","slug":"ndjantou-titis-vente-de-maillots","status":"publish","type":"post","link":"https:\/\/www.europesays.com\/fr\/467071\/","title":{"rendered":"Ndjantou, titis, vente de maillots\u2026"},"content":{"rendered":"<p>Vu et lu au sujet du PSG dans la\u00a0<a href=\"https:\/\/canal-supporters.com\/category\/revue-de-presse\/\" target=\"_blank\" rel=\"noopener\">presse<br \/>\nhexagonale<\/a>\u00a0ce jeudi 16 octobre 2025.\u00a0Quentin Ndjantou<br \/>\na chang\u00e9 de statut au PSG, la m\u00e9thodologie autour des titis, vers<br \/>\nune ann\u00e9e record pour la vente des maillots\u2026<\/p>\n<p> <img loading=\"lazy\" decoding=\"async\" width=\"965\" height=\"239\" src=\"https:\/\/www.europesays.com\/fr\/wp-content\/uploads\/2025\/10\/LEquipe-16-10-2025.jpg\" alt=\"L'equipe 16 10 2025\" class=\"wp-image-582504\"  \/><\/p>\n<p>Dans son \u00e9dition du jour, <a href=\"https:\/\/www.lequipe.fr\/Football\/Article\/D-espoir-du-psg-freine-par-les-blessures-a-ses-debuts-en-ligue-des-champions-contre-le-barca-quentin-ndjantou-a-change-de-statut\/1601938\" target=\"_blank\" rel=\"noopener\" title=\"\">L\u2019Equipe<\/a> fait un<br \/>\nfocus sur <strong>Quentin Ndjantou<\/strong>. Le 17 septembre<br \/>\ndernier, <strong>Luis Campos<\/strong> assiste \u00e0 la d\u00e9monstration de<br \/>\nl\u2019\u00e9quipe de <strong>Youth League<\/strong> contre l\u2019<strong>Atlanta<br \/>\nBergame<\/strong> (5-1). Dans cette rencontre, <strong>Quentin<br \/>\nNdjantou<\/strong> marque trois fois. Le dirigeant portugais<br \/>\nd\u00e9couvre l\u2019\u00e9tendue de la palette du jeune international U19 et<br \/>\nappr\u00e9cie sa facult\u00e9 \u00e0 \u00eatre ce num\u00e9ro\u00a09 complet, assure le<br \/>\nquotidien sportif. \u00ab\u00a0Six jours plus tard, alors que le<br \/>\nstaff des pros, face aux bless\u00e9s, mesure le d\u00e9ficit quantitatif, le<br \/>\nmilieu offensif fait partie des quatre \u00e9lus pour renforcer l\u2019\u00e9quipe<br \/>\npremi\u00e8re. Depuis, <strong>Ndjantou<\/strong> a jou\u00e9<br \/>\n128\u00a0minutes, dont une titularisation\u00a0\u00e0<br \/>\n<strong>Lille<\/strong>, et a sem\u00e9 des promesses.\u00a0\u00bb Une<br \/>\nascension express qui n\u2019\u00e9tait pas \u00e9crite ces derni\u00e8res ann\u00e9es.<br \/>\nPer\u00e7u comme un crack \u00e0 ses d\u00e9buts en r\u00e9gion parisienne<br \/>\n(<strong>Arpajon, Villejuif, Paris FC<\/strong>), <strong><a href=\"https:\/\/canal-supporters.com\/ndjantou-apres-son-premier-match-avec-le-psg-cetait-beaucoup-de-fierte\/\" title=\"\" target=\"_blank\" rel=\"noopener\">Ndjantou<\/a><\/strong>, arriv\u00e9 au <strong>PSG<\/strong> en<br \/>\n2020, avait \u00e9t\u00e9 ralenti, plus r\u00e9cemment, par des blessures. Et il<br \/>\nflottait, au centre de formation, des interrogations autour de son<br \/>\nposte \u00e0 moyen terme, avance L\u2019Equipe. D\u00e8s les premiers<br \/>\njours dans le b\u00e2timent des pros, au-del\u00e0 de ses qualit\u00e9s, c\u2019est<br \/>\ncette personnalit\u00e9 peu commune qui appara\u00eet aux yeux de<br \/>\n<strong>Luis Enrique<\/strong> et de ses adjoints.\u00a0Le discret<br \/>\n<strong>Ndjantou<\/strong>, personnalit\u00e9 introvertie, \u00e9coute et<br \/>\nsurtout transpose vite en s\u00e9ances. \u00c0 un poste de relayeur tr\u00e8s<br \/>\nexigeant dans la m\u00e9thode <strong>Luis Enrique<\/strong>,<br \/>\n<strong>Quentin Ndjantou<\/strong> parvient \u00e0 appr\u00e9hender les codes<br \/>\net les consignes. En priv\u00e9, \u00e0 ses co\u00e9quipiers,<br \/>\n<strong>Ndjantou<\/strong> ne cache pas \u00eatre impressionn\u00e9 par le<br \/>\nniveau d\u2019intelligence tactique et leurs capacit\u00e9s \u00e0 faire le bon<br \/>\nchoix en une fraction de seconde. Le staff appr\u00e9cie, lui, la<br \/>\nfiabilit\u00e9 sous pression du n\u00e9ophyte, souligne le quotidien sportif.<br \/>\n\u00ab\u00a0Le num\u00e9ro\u00a047 traverse ses premi\u00e8res semaines<br \/>\nsereinement. Sans surr\u00e9agir par rapport \u00e0 ses apparitions. Mais en<br \/>\n\u00e9tant conscient de traverser un moment charni\u00e8re de son parcours.<br \/>\nAvec des choix forts comme le renforcement de son accompagnement<br \/>\nhors terrain \u2013 physio, r\u00e9seaux sociaux\u2026 Quand il regagne son<br \/>\nappartement, <strong>Ndjantou<\/strong> se met \u00e0 r\u00eaver plus grand.<br \/>\nCet \u00e9t\u00e9, alors que l\u2019<strong>Ajax Amsterdam<\/strong> lui promettait<br \/>\nun acc\u00e8s rapide en \u00e9quipe premi\u00e8re, le milieu offensif avait<br \/>\ninsist\u00e9 sur son envie de signer pro dans la capitale. Pour<br \/>\npr\u00e9cis\u00e9ment vivre ce que cet automne 2025 lui a<br \/>\noffert.\u00a0\u00bb<\/p>\n<p> <img loading=\"lazy\" decoding=\"async\" width=\"960\" height=\"366\" src=\"https:\/\/www.europesays.com\/fr\/wp-content\/uploads\/2025\/10\/LEquipe-16-10-2025-1.jpg\" alt=\"L'equipe 16 10 2025 (1)\" class=\"wp-image-582506\"  \/><\/p>\n<p><a href=\"https:\/\/www.lequipe.fr\/Football\/Article\/Entre-le-centre-de-formation-et-le-groupe-professionnel-des-liens-resserres-mais-toujours-perfectibles\/1601944\" target=\"_blank\" rel=\"noopener\" title=\"\">L\u2019Equipe<\/a> \u00e9voque<br \/>\naussi la m\u00e9thodologie autour des titis du <strong>PSG<\/strong>.<br \/>\n<strong>Nasser al-Khela\u00effi<\/strong> garde un \u0153il attentif sur le<br \/>\ncentre de formation et peu parfois poser un regard s\u00e9v\u00e8re sur<br \/>\nl\u2019\u00e9volution de celle-ci, assure le quotidien sportif. Il y a<br \/>\nquelques semaines, le pr\u00e9sident du <strong>PSG<\/strong> avait fait<br \/>\npart de son m\u00e9contentement apr\u00e8s le d\u00e9part de certains jeunes l\u2019\u00e9t\u00e9<br \/>\ndernier, estimant \u00e9galement qu\u2019il n\u2019y avait pas assez de talents<br \/>\ncapables de jouer pour l\u2019\u00e9quipe premi\u00e8re. \u00ab\u00a0Dans la<br \/>\nfoul\u00e9e, il s\u2019\u00e9tait rapproch\u00e9 de la direction sportive pour<br \/>\ncomprendre l\u2019origine de ces probl\u00e9matiques, la questionnant sur le<br \/>\nprocessus de recrutement, l\u2019accompagnement et le<br \/>\nd\u00e9veloppement.\u00a0\u00bb <strong>Nasser al-Khela\u00effi<\/strong><br \/>\navait ensuite demand\u00e9 \u00e0 <strong><a href=\"https:\/\/canal-supporters.com\/cabaye-le-psg-est-lun-des-plus-grands-clubs-du-monde-mais-il-noublie-pas-lile-de-france\/\" title=\"\" target=\"_blank\" rel=\"noopener\">Yohan Cabaye<\/a><\/strong>, le directeur du centre de<br \/>\nformation avec lequel il entretient un rapport direct solide, de<br \/>\ntravailler sur ces aspects en lien avec <strong>Luis<br \/>\nCampos<\/strong>, indique L\u2019Equipe. Ce dernier revient sur<br \/>\nla gen\u00e8se de la pr\u00e9sence des titis dans le groupe pour le<br \/>\nd\u00e9placement \u00e0 <strong>Barcelone<\/strong>. Apr\u00e8s le<br \/>\n<strong>Classico<\/strong>, <strong>Luis Enrique<\/strong> et son<br \/>\nstaff ont dress\u00e9 le constat d\u2019une fin de mercato incompl\u00e8te et du<br \/>\nbesoin d\u2019avoir des s\u00e9ances d\u2019entra\u00eenement plus consistantes. Le<br \/>\nteam manager des professionnels appelle alors celui des U23 pour<br \/>\nlui demander de faire monter quatre jeunes \u00e0 l\u2019entra\u00eenement d\u00e8s le<br \/>\nlendemain. La promotion de <strong>Ndjantou<\/strong> et<br \/>\n<strong>Jangeal<\/strong> n\u2019a pas cr\u00e9\u00e9 trop de remous. Celle de<br \/>\n<strong>Khafi<\/strong> et <strong>Slama<\/strong>, un peu plus,<br \/>\nassure L\u2019Equipe. Une source du centre de formation indique<br \/>\n: \u00ab\u00a0on ne nous a m\u00eame pas demand\u00e9 notre avis. On \u00e9tait<br \/>\ntous surpris pour <strong>Yanis<\/strong>, qui a encore des progr\u00e8s<br \/>\n\u00e0 faire. Mais <strong>Mathieu Le Scornet<\/strong> et <strong>Yohan<br \/>\nCabaye<\/strong> ne voulaient pas que <strong>Wassim<\/strong> monte,<br \/>\ncarie n\u2019\u00e9tait pas en \u00e9tat physique de le faire, il revenait \u00e0 peine<br \/>\nde blessure.\u00a0\u00bb La direction du groupe professionnel outre<br \/>\nces recommandations, explique le quotidien sportif. Une version<br \/>\nd\u00e9mentie par le <strong>PSG<\/strong> qui explique que cette<br \/>\nd\u00e9cision a \u00e9t\u00e9 prise apr\u00e8s une discussion entre<br \/>\n<strong>Gagne<\/strong>, directeur adjoint du football<br \/>\nprofessionnel, et <strong>Cabaye<\/strong>. L\u2019Equipe<br \/>\nconclut en expliquant que certains salari\u00e9s ont \u00e9voqu\u00e9 ces<br \/>\nderni\u00e8res semaines des tensions entre <strong>Luis Campos<\/strong><br \/>\net <strong>Yohan Cabaye<\/strong>. Tension d\u00e9mentie par la haute<br \/>\ndirection.\u00a0<\/p>\n<p>A voir aussi : <a href=\"https:\/\/canal-supporters.com\/enrique-ndjantou-a-ete-sensationnel-il-a-montre-une-personnalite-forte\/\" title=\"\" target=\"_blank\" rel=\"noopener\">Enrique : \u00ab\u00a0Ndjantou a \u00e9t\u00e9 sensationnel, il a montr\u00e9<br \/>\nune personnalit\u00e9 forte\u00a0\u00bb<\/a><\/p>\n<p><a href=\"https:\/\/x.com\/CanalSupporters\" target=\"_blank\" rel=\"noopener\" title=\"\">canalsupporters.com<\/a><\/p>\n<p> <img loading=\"lazy\" decoding=\"async\" width=\"1024\" height=\"66\" src=\"https:\/\/www.europesays.com\/fr\/wp-content\/uploads\/2025\/10\/Le-Parisien-16-10-2025-1024x66.jpg\" alt=\"Le parisien 16 10 2025\" class=\"wp-image-582507\"  \/><\/p>\n<p>De son c\u00f4t\u00e9, <a href=\"https:\/\/kiosque.leparisien.fr\/data\/90402\/reader\/reader.html?t=1760593906629#!preferred\/0\/package\/90402\/pub\/113477\/page\/19\" target=\"_blank\" rel=\"noopener\" title=\"\">Le Parisien<\/a> \u00e9voque<br \/>\nles ventes des maillots du <strong>PSG<\/strong>. Avec la victoire<br \/>\nen finale de la <strong>Ligue des champions<\/strong>, les achats<br \/>\nont explos\u00e9. Le quotidien francilien explique que la saison<br \/>\n2025-2026 sera un grand cru dans les boutiques du club et qu\u2019il<br \/>\nsera le meilleur de toute l\u2019histoire du club. Les chiffres<br \/>\nd\u00e9passent ceux de l\u2019\u00e8re Messi, se f\u00e9licite-t-on au si\u00e8ge du club.<br \/>\nLe Parisien indique que le pic des ventes de maillots<br \/>\navait \u00e9t\u00e9 atteint entre 2021 et 2023. \u00c0 cette \u00e9poque, le<br \/>\n<strong>PSG<\/strong> avait atteint le cercle tr\u00e8s ferm\u00e9 des clubs<br \/>\n\u00e9coulant plus d\u2019un million de maillots par an. \u00ab\u00a0Si<br \/>\n<strong>Liverpool<\/strong>, le <strong>Real Madrid<\/strong> et le<br \/>\n<strong>FC Barcelone<\/strong> gardent une bonne longueur d\u2019avance,<br \/>\nle <strong>PSG<\/strong> se rapproche du podium.\u00a0\u00bb Selon<br \/>\nles premiers indicateurs dont Le Parisien a eu<br \/>\nconnaissance, les courbes du <strong>PSG<\/strong> explosent<br \/>\nr\u00e9ellement depuis trois mois. Entre juillet et septembre, la courbe<br \/>\ndes ventes de maillots a augment\u00e9 de 50% par rapport \u00e0 2022, ann\u00e9e<br \/>\ndu pr\u00e9c\u00e9dent record. Pour les ventes en ligne, l\u2019augmentation est<br \/>\nspectaculaire : +217% par rapport au premier trimestre de la saison<br \/>\n2024-2025. Si le <strong>PSG<\/strong> r\u00e9alise 80% de ses ventes en<br \/>\n<strong>France<\/strong>, son activit\u00e9 \u00e0 l\u2019\u00e9tranger prend de<br \/>\nl\u2019ampleur. Du c\u00f4t\u00e9 de Nike, on attend avec impatience la<br \/>\nsortie du <a href=\"https:\/\/canal-supporters.com\/des-nouvelles-images-du-quatrieme-maillot-2025-2026-du-psg\/\" title=\"\" target=\"_blank\" rel=\"noopener\">nouveau maillot<\/a> en collaboration avec Jordan<br \/>\navant les f\u00eates de fin d\u2019ann\u00e9e, conclut Le<br \/>\nParisien.\u00a0<\/p><\/p>\n","protected":false},"excerpt":{"rendered":"Vu et lu au sujet du PSG dans la\u00a0presse hexagonale\u00a0ce jeudi 16 octobre 2025.\u00a0Quentin Ndjantou a chang\u00e9 de&hellip;\n","protected":false},"author":2,"featured_media":43795,"comment_status":"","ping_status":"","sticky":false,"template":"","format":"standard","meta":{"footnotes":""},"categories":[1410],"tags":[14994,37388,81,14995,787,63,1119,1011,27,11484,10274,55243,626,91,92,93,55246,13125,60,1616,1617,1618,1619,96,59103,15000],"class_list":{"0":"post-467071","1":"post","2":"type-post","3":"status-publish","4":"format-standard","5":"has-post-thumbnail","7":"category-football","8":"tag-cabaye","9":"tag-campos","10":"tag-canal-supporters","11":"tag-centre-de-formation","12":"tag-cs","13":"tag-football","14":"tag-formation","15":"tag-fr","16":"tag-france","17":"tag-luis-campos","18":"tag-maillot","19":"tag-ndjantou","20":"tag-paris","21":"tag-paris-saint-germain","22":"tag-paris-sg","23":"tag-psg","24":"tag-quentin-ndjantou","25":"tag-revue-de-presse","26":"tag-sports","27":"tag-titis","28":"tag-titis-du-psg","29":"tag-titis-parisiens","30":"tag-titis-psg","31":"tag-une","32":"tag-vente-de-maillot","33":"tag-yohan-cabaye"},"share_on_mastodon":{"url":"https:\/\/pubeurope.com\/@fr\/115383172858935639","error":""},"_links":{"self":[{"href":"https:\/\/www.europesays.com\/fr\/wp-json\/wp\/v2\/posts\/467071","targetHints":{"allow":["GET"]}}],"collection":[{"href":"https:\/\/www.europesays.com\/fr\/wp-json\/wp\/v2\/posts"}],"about":[{"href":"https:\/\/www.europesays.com\/fr\/wp-json\/wp\/v2\/types\/post"}],"author":[{"embeddable":true,"href":"https:\/\/www.europesays.com\/fr\/wp-json\/wp\/v2\/users\/2"}],"replies":[{"embeddable":true,"href":"https:\/\/www.europesays.com\/fr\/wp-json\/wp\/v2\/comments?post=467071"}],"version-history":[{"count":0,"href":"https:\/\/www.europesays.com\/fr\/wp-json\/wp\/v2\/posts\/467071\/revisions"}],"wp:featuredmedia":[{"embeddable":true,"href":"https:\/\/www.europesays.com\/fr\/wp-json\/wp\/v2\/media\/43795"}],"wp:attachment":[{"href":"https:\/\/www.europesays.com\/fr\/wp-json\/wp\/v2\/media?parent=467071"}],"wp:term":[{"taxonomy":"category","embeddable":true,"href":"https:\/\/www.europesays.com\/fr\/wp-json\/wp\/v2\/categories?post=467071"},{"taxonomy":"post_tag","embeddable":true,"href":"https:\/\/www.europesays.com\/fr\/wp-json\/wp\/v2\/tags?post=467071"}],"curies":[{"name":"wp","href":"https:\/\/api.w.org\/{rel}","templated":true}]}}