{"id":467090,"date":"2025-10-16T09:47:11","date_gmt":"2025-10-16T09:47:11","guid":{"rendered":"https:\/\/www.europesays.com\/fr\/467090\/"},"modified":"2025-10-16T09:47:11","modified_gmt":"2025-10-16T09:47:11","slug":"frais-des-retraites-longue-maladie-e85-ces-niches-fiscales-qui-pourraient-disparaitre","status":"publish","type":"post","link":"https:\/\/www.europesays.com\/fr\/467090\/","title":{"rendered":"Frais des retrait\u00e9s, longue maladie, E85\u2026 Ces niches fiscales qui pourraient dispara\u00eetre"},"content":{"rendered":"<p>O\u00f9 trouver des \u00e9conomies\u00a0? Le <a href=\"https:\/\/www.20minutes.fr\/dossier\/gouvernement\" class=\"c-link c-link--is-underlined\" target=\"_blank\" rel=\"noopener\">gouvernement<\/a> les traque dans l\u2019\u00e9laboration de son <a href=\"https:\/\/www.20minutes.fr\/economie\/budget\/\" class=\"c-link c-link--is-underlined\" target=\"_blank\" rel=\"noopener\">budget<\/a> 2026. Parmi elles, les <a href=\"https:\/\/www.20minutes.fr\/economie\/niches_fiscales\/\" class=\"c-link c-link--is-underlined\" target=\"_blank\" rel=\"noopener\">niches fiscales<\/a>. Il y a de quoi\u00a0! Le pays en propose pas moins de\u2026 474. Une vingtaine, pr\u00e9cis\u00e9ment 23, pourrait \u00eatre supprim\u00e9e prochainement, afin de d\u00e9gager 5\u00a0milliards d\u2019euros. 20 Minutes vous aide \u00e0 y voir un peu plus clair.<\/p>\n<p>Les retrait\u00e9s mis \u00e0 contribution<\/p>\n<p>Ils sont environ 17\u00a0millions en France. Les retrait\u00e9s b\u00e9n\u00e9ficiaient, jusque-l\u00e0, du m\u00eame avantage que les actifs\u00a0: la d\u00e9duction forfaitaire de 10\u00a0%. Celle cens\u00e9e \u00ab\u00a0couvrir les d\u00e9penses professionnelles courantes li\u00e9es \u00e0 l\u2019emploi ou \u00e0 la fonction\u00a0\u00bb, comme le d\u00e9taille le site des <a href=\"https:\/\/www.20minutes.fr\/dossier\/impots\" class=\"c-link c-link--is-underlined\" target=\"_blank\" rel=\"noopener\">imp\u00f4ts<\/a>. Dans le projet de loi de finances (PLF) 2026, cet abattement serait supprim\u00e9. Mais remplac\u00e9 par une autre mesure\u00a0: un \u00ab\u00a0abattement forfaitaire de 2.000 euros pour un c\u00e9libataire, et 4.000 euros pour un couple\u00a0\u00bb. Ce qui devrait, de fait, mettre davantage \u00e0 contribution les retrait\u00e9s les mieux lotis.<\/p>\n<p>Les \u00ab\u00a0affections longue dur\u00e9e\u00a0\u00bb impos\u00e9es<\/p>\n<p>Jusqu\u2019ici, les personnes qui touchaient les indemnit\u00e9s journali\u00e8res en cas d\u2019affection longue dur\u00e9e (ALD) en \u00e9taient exon\u00e9r\u00e9es d\u2019imp\u00f4ts. L\u00e0 aussi, le gouvernement veut mettre fin \u00e0 cette exception. Cela concerne beaucoup de monde, encore 14\u00a0millions de personnes en\u00a02022, et ce total pourrait augmenter dans les ann\u00e9es \u00e0 venir.<\/p>\n<\/p>\n<p>Fini la petite r\u00e9duction pour les frais de scolarit\u00e9<\/p>\n<p>C\u2019\u00e9tait un petit cadeau fiscal mais il \u00e9tait le bienvenu pour les concern\u00e9s, environ 4,5\u00a0millions de b\u00e9n\u00e9ficiaires. Les parents qui ont un enfant \u00e0 charge au coll\u00e8ge, au lyc\u00e9e ou dans l\u2019enseignement sup\u00e9rieur avaient jusque-l\u00e0 respectivement droit \u00e0 61, 153 ou 183 euros. Cela devrait, l\u00e0 aussi, \u00eatre termin\u00e9 si le PLF 2026 est adopt\u00e9. Soit environ 240\u00a0millions d\u2019\u00e9conomies, selon <a href=\"https:\/\/www.leparisien.fr\/economie\/impots\/budget-2026-voici-la-liste-des-23-niches-fiscales-menacees-etes-vous-concerne-15-10-2025-6TVOGHESAJEGFEXLOS46VID45M.php\" target=\"_blank\" class=\"c-link c-link--is-underlined\" rel=\"noopener\">Le Parisien<\/a>.<\/p>\n<p>Le carburant E85 va co\u00fbter plus cher<\/p>\n<p>Certains ont fait installer le petit bo\u00eetier sur leur v\u00e9hicule. Depuis, ils peuvent faire leur plein avec du carburant E85. L\u2019avantage\u00a0? Un prix au litre \u00e0 moins de 80 centimes. Mais ce tarif pourrait bient\u00f4t augmenter puisque le projet de loi de finances 2026 entend mettre fin aux avantages dont b\u00e9n\u00e9ficient ce carburant dit \u00ab\u00a0durable\u00a0\u00bb. Comme le B100, qu\u2019utilisent certains agriculteurs et transporteurs. Leur prix pourrait augmenter de \u00ab\u00a040 \u00e0 50 centimes au litre\u00a0\u00bb, selon l\u2019association 40\u00a0millions d\u2019automobilistes cit\u00e9e par <a href=\"https:\/\/www.lefigaro.fr\/conjoncture\/une-hausse-de-40-a-50-centimes-d-euros-par-litre-pourquoi-le-budget-2026-pourrait-provoquer-l-envolee-des-prix-des-biocarburants-e85-et-b100-20251014\" target=\"_blank\" class=\"c-link c-link--is-underlined\" rel=\"noopener\">Le Figaro<\/a>.<\/p>\n<p>Prix Nobel, l\u00e9gion d\u2019honneur\u2026 Les niches symboliques<\/p>\n<p>Le gouvernement veut aussi s\u2019attaquer \u00e0 \u00ab\u00a0la suppression de petites d\u00e9penses fiscales avec un faible nombre de b\u00e9n\u00e9ficiaires et pour des gains unitaires souvent limit\u00e9s\u00a0\u00bb. Dans le viseur, \u00ab\u00a0l\u2019exon\u00e9ration \u00e0 l\u2019imp\u00f4t sur le revenu du traitement attach\u00e9 \u00e0 la L\u00e9gion d\u2019honneur\u00a0\u00bb et \u00e0 d\u2019autres r\u00e9compenses. Comme la m\u00e9daille militaire, celle du travail ou le prix Nobel. De m\u00eame, les sportifs professionnels profitaient de d\u00e9ductions \u00ab\u00a0pour leur reconversion\u00a0\u00bb et devraient maintenant contribuer \u00e0 l\u2019effort national. Si ce budget 2026 est vot\u00e9.<\/p>\n","protected":false},"excerpt":{"rendered":"O\u00f9 trouver des \u00e9conomies\u00a0? Le gouvernement les traque dans l\u2019\u00e9laboration de son budget 2026. Parmi elles, les niches&hellip;\n","protected":false},"author":2,"featured_media":467091,"comment_status":"","ping_status":"","sticky":false,"template":"","format":"standard","meta":{"footnotes":""},"categories":[6],"tags":[47,1003,35,33,34,1011,27,342,8235,10563,316,11067],"class_list":{"0":"post-467090","1":"post","2":"type-post","3":"status-publish","4":"format-standard","5":"has-post-thumbnail","7":"category-economie","8":"tag-actualite","9":"tag-budget","10":"tag-business","11":"tag-economie","12":"tag-economy","13":"tag-fr","14":"tag-france","15":"tag-impots","16":"tag-ministre-de-leconomie","17":"tag-niches-fiscales","18":"tag-politique","19":"tag-sebastien-lecornu"},"share_on_mastodon":{"url":"https:\/\/pubeurope.com\/@fr\/115383215382685466","error":""},"_links":{"self":[{"href":"https:\/\/www.europesays.com\/fr\/wp-json\/wp\/v2\/posts\/467090","targetHints":{"allow":["GET"]}}],"collection":[{"href":"https:\/\/www.europesays.com\/fr\/wp-json\/wp\/v2\/posts"}],"about":[{"href":"https:\/\/www.europesays.com\/fr\/wp-json\/wp\/v2\/types\/post"}],"author":[{"embeddable":true,"href":"https:\/\/www.europesays.com\/fr\/wp-json\/wp\/v2\/users\/2"}],"replies":[{"embeddable":true,"href":"https:\/\/www.europesays.com\/fr\/wp-json\/wp\/v2\/comments?post=467090"}],"version-history":[{"count":0,"href":"https:\/\/www.europesays.com\/fr\/wp-json\/wp\/v2\/posts\/467090\/revisions"}],"wp:featuredmedia":[{"embeddable":true,"href":"https:\/\/www.europesays.com\/fr\/wp-json\/wp\/v2\/media\/467091"}],"wp:attachment":[{"href":"https:\/\/www.europesays.com\/fr\/wp-json\/wp\/v2\/media?parent=467090"}],"wp:term":[{"taxonomy":"category","embeddable":true,"href":"https:\/\/www.europesays.com\/fr\/wp-json\/wp\/v2\/categories?post=467090"},{"taxonomy":"post_tag","embeddable":true,"href":"https:\/\/www.europesays.com\/fr\/wp-json\/wp\/v2\/tags?post=467090"}],"curies":[{"name":"wp","href":"https:\/\/api.w.org\/{rel}","templated":true}]}}