{"id":467094,"date":"2025-10-16T09:49:10","date_gmt":"2025-10-16T09:49:10","guid":{"rendered":"https:\/\/www.europesays.com\/fr\/467094\/"},"modified":"2025-10-16T09:49:10","modified_gmt":"2025-10-16T09:49:10","slug":"le-gouvernement-de-sebastien-lecornu-echappe-a-la-motion-de-censure-deposee-par-lfi-suivez-le-direct","status":"publish","type":"post","link":"https:\/\/www.europesays.com\/fr\/467094\/","title":{"rendered":"Le gouvernement de S\u00e9bastien Lecornu \u00e9chappe \u00e0 la motion de censure d\u00e9pos\u00e9e par LFI&#8230; suivez le direct"},"content":{"rendered":"<p>\u00ab\u00a0Voyez cette non-censure comme un sursis\u00a0\u00bb, lance le PS \u00e0 Lecornu<\/p>\n<p>Le d\u00e9put\u00e9 socialiste Laurent Baumel a appel\u00e9 le Premier ministre S\u00e9bastien Lecornu \u00e0 faire de \u00ab\u00a0nouvelles concessions\u00a0\u00bb lors des d\u00e9bats budg\u00e9taires, ajoutant que la \u00ab\u00a0non-censure\u00a0\u00bb du parti socialiste jeudi n&rsquo;\u00e9tait \u00ab\u00a0en aucun cas un pacte de non-censure\u00a0\u00bb.<\/p>\n<p>Le renoncement au 49.3 \u00ab\u00a0ne vous exon\u00e8re pas de votre responsabilit\u00e9 de faire de nouvelles concessions sur la trajectoire financi\u00e8re, sur la justice sociale, sur le pouvoir d&rsquo;achat, si vous voulez, si nous voulons que la France ait un budget et un gouvernement \u00e0 la fin de cette ann\u00e9e\u00a0\u00bb, a-t-il d\u00e9clar\u00e9 \u00e0 l&rsquo;Assembl\u00e9e, lors des d\u00e9bats sur deux motions de censure.\u00a0<\/p>\n<p>Sur la suspension promise par S\u00e9bastien Lecornu de la r\u00e9forme des retraites, Laurent Baumel a pr\u00e9venu : \u00ab\u00a0Il n&rsquo;y aura pas d&rsquo;entourloupe ou de ruse proc\u00e9durale. Vous \u00eates le garant qu&rsquo;\u00e0 la fin du processus, la suspension devienne une r\u00e9alit\u00e9 juridique. La p\u00e9rennit\u00e9 m\u00eame de votre gouvernement est d\u00e9sormais li\u00e9e \u00e0 cet engagement.\u00a0\u00bb<\/p>\n","protected":false},"excerpt":{"rendered":"\u00ab\u00a0Voyez cette non-censure comme un sursis\u00a0\u00bb, lance le PS \u00e0 Lecornu Le d\u00e9put\u00e9 socialiste Laurent Baumel a appel\u00e9&hellip;\n","protected":false},"author":2,"featured_media":467095,"comment_status":"","ping_status":"","sticky":false,"template":"","format":"standard","meta":{"footnotes":""},"categories":[4],"tags":[11,1011,27,51445,12,25,11067,59118],"class_list":{"0":"post-467094","1":"post","2":"type-post","3":"status-publish","4":"format-standard","5":"has-post-thumbnail","7":"category-france","8":"tag-actualites","9":"tag-fr","10":"tag-france","11":"tag-lecornu","12":"tag-news","13":"tag-republique-francaise","14":"tag-sebastien-lecornu","15":"tag-tensions-politiques"},"share_on_mastodon":{"url":"https:\/\/pubeurope.com\/@fr\/115383223225715486","error":""},"_links":{"self":[{"href":"https:\/\/www.europesays.com\/fr\/wp-json\/wp\/v2\/posts\/467094","targetHints":{"allow":["GET"]}}],"collection":[{"href":"https:\/\/www.europesays.com\/fr\/wp-json\/wp\/v2\/posts"}],"about":[{"href":"https:\/\/www.europesays.com\/fr\/wp-json\/wp\/v2\/types\/post"}],"author":[{"embeddable":true,"href":"https:\/\/www.europesays.com\/fr\/wp-json\/wp\/v2\/users\/2"}],"replies":[{"embeddable":true,"href":"https:\/\/www.europesays.com\/fr\/wp-json\/wp\/v2\/comments?post=467094"}],"version-history":[{"count":0,"href":"https:\/\/www.europesays.com\/fr\/wp-json\/wp\/v2\/posts\/467094\/revisions"}],"wp:featuredmedia":[{"embeddable":true,"href":"https:\/\/www.europesays.com\/fr\/wp-json\/wp\/v2\/media\/467095"}],"wp:attachment":[{"href":"https:\/\/www.europesays.com\/fr\/wp-json\/wp\/v2\/media?parent=467094"}],"wp:term":[{"taxonomy":"category","embeddable":true,"href":"https:\/\/www.europesays.com\/fr\/wp-json\/wp\/v2\/categories?post=467094"},{"taxonomy":"post_tag","embeddable":true,"href":"https:\/\/www.europesays.com\/fr\/wp-json\/wp\/v2\/tags?post=467094"}],"curies":[{"name":"wp","href":"https:\/\/api.w.org\/{rel}","templated":true}]}}