{"id":467102,"date":"2025-10-16T09:53:12","date_gmt":"2025-10-16T09:53:12","guid":{"rendered":"https:\/\/www.europesays.com\/fr\/467102\/"},"modified":"2025-10-16T09:53:12","modified_gmt":"2025-10-16T09:53:12","slug":"nancy-des-massifs-de-vegetaux-de-la-ville-sont-en-plein-chantier-on-vous-explique","status":"publish","type":"post","link":"https:\/\/www.europesays.com\/fr\/467102\/","title":{"rendered":"Nancy. Des massifs de v\u00e9g\u00e9taux de la ville sont en plein chantier\u00a0: on vous explique"},"content":{"rendered":"<p>\u00c7a n\u2019a pas fait plaisir \u00e0 tout le monde. Des rosiers d\u00e9racin\u00e9s, arrach\u00e9s puis \u00e9vacu\u00e9s, alors m\u00eame que de petites fleurs roses faisaient mine de vouloir encore s\u2019ouvrir dans les premiers frimas\u2026 \u00ab\u00a0C\u2019est s\u00fbr qu\u2019on s\u2019est un peu fait eng\u2026 ler\u00a0\u00bb, confie un jardinier \u00e0 l\u2019\u0153uvre sur cet imposant massif, dont il a \u00e9t\u00e9 fait table rase au pied de la rue de la Tour de la Commanderie.<\/p>\n<p>\u00c0 tous ces riverains ou badauds aux alarmes, r\u00e9ponse \u00e9tait imm\u00e9diatement donn\u00e9e\u00a0: \u00ab\u00a0Ne vous inqui\u00e9tez pas, \u00e7a restera un lieu v\u00e9g\u00e9talis\u00e9.\u00a0\u00bb<\/p>\n<p>Pas question de b\u00e9tonner en effet. L\u2019heure est simplement au \u00ab\u00a0renouvellement\u00a0\u00bb, nous fait-on savoir depuis les services de la mairie. Les rosiers en question, qui s\u2019\u00e9tageaient sur les 255 m2 de ce talus situ\u00e9 au pied de la tour m\u00e9di\u00e9vale, montraient d\u2019ind\u00e9niables signes de vieillissement.<\/p>\n<p>  B\u00e2che et paillage avant plantation<\/p>\n<p>La nouvelle configuration devrait offrir une version plus vari\u00e9e. Elle y associera arbustes, vivaces et bulbes, dont les floraisons se succ\u00e9deront au fil des saisons, assurant ainsi un spectacle sur toute l\u2019ann\u00e9e. Des plantes aux noms savants, que sont les philadelphus lemoinei, salix helvetica, geranium mac White Ness, rosa blanc double de Coubert, deutzia gracilis,\u00a0etc.<\/p>\n<p>\u00c0 ce jour, place nette a \u00e9t\u00e9 faite, avant que le sol mis \u00e0 nu ne soit recouvert d\u2019une b\u00e2che puis d\u2019un paillage, en attendant la plantation des nouvelles esp\u00e8ces v\u00e9g\u00e9tales pr\u00e9vue avant la fin de l\u2019ann\u00e9e.<\/p>\n<p>  Des projets \u00e0 la P\u00e9p\u2019<\/p>\n<p>Le talus de la Commanderie ne sera pas seul \u00e0 b\u00e9n\u00e9ficier de ces \u00e9volutions dans les mois \u00e0 venir. D\u2019autres projets sont en cours d\u2019arbitrage. Ils devraient voir le jour d\u2019ici 2027 notamment autour de l\u2019aire de jeu de <a href=\"https:\/\/www.estrepublicain.fr\/culture-loisirs\/2020\/08\/25\/savez-vous-quand-la-pepiniere-royale-a-ete-transformee-en-parc-public\" target=\"_blank\" rel=\"noopener\"> la P\u00e9pini\u00e8re,<\/a> mais aussi de la future grande voli\u00e8re (sur l\u2019espace animalier). Sans oublier la roseraie qui devrait, elle aussi, \u00eatre r\u00e9g\u00e9n\u00e9r\u00e9e \u00e0 partir de l\u2019automne 2026.<\/p>\n<p>Il se pourrait m\u00eame que le massif dit de l\u2019horloge en fleurs, non loin de la brasserie, soit lui aussi remis en question. D\u2019autant que les enfants ont une certaine propension \u00e0 le prendre pour un jeu de plein air.<\/p>\n<p>Bref, \u00e7a bouge et bougera dans les massifs. L\u2019enjeu \u00e9tant de maintenir ces trou\u00e9es v\u00e9g\u00e9tales au mieux de leurs couleurs et de leur forme, dans un environnement nanc\u00e9ien r\u00e9put\u00e9 tr\u00e8s min\u00e9ral (du moins dans sa face visible). Et ainsi p\u00e9renniser ses 4 Fleurs au <a href=\"https:\/\/www.estrepublicain.fr\/environnement\/2022\/07\/14\/label-des-villes-fleuries-le-jury-a-visite-la-commune\" target=\"_blank\" rel=\"noopener\">classement des Villes et Villages fleuris,<\/a> dont Nancy est labellis\u00e9e depuis 1998.<\/p>\n","protected":false},"excerpt":{"rendered":"\u00c7a n\u2019a pas fait plaisir \u00e0 tout le monde. Des rosiers d\u00e9racin\u00e9s, arrach\u00e9s puis \u00e9vacu\u00e9s, alors m\u00eame que&hellip;\n","protected":false},"author":2,"featured_media":467103,"comment_status":"","ping_status":"","sticky":false,"template":"","format":"standard","meta":{"footnotes":""},"categories":[9635],"tags":[1111,11,1704,436,1777,674,1011,27,775,1702,1703,12,25,104],"class_list":{"0":"post-467102","1":"post","2":"type-post","3":"status-publish","4":"format-standard","5":"has-post-thumbnail","7":"category-nancy","8":"tag-actu","9":"tag-actualites","10":"tag-edition-nancy-et-agglomeration","11":"tag-environnement","12":"tag-eu","13":"tag-europe","14":"tag-fr","15":"tag-france","16":"tag-grand-est","17":"tag-nancy","18":"tag-nancy-ville-54b","19":"tag-news","20":"tag-republique-francaise","21":"tag-societe"},"share_on_mastodon":{"url":"https:\/\/pubeurope.com\/@fr\/115383238995374592","error":""},"_links":{"self":[{"href":"https:\/\/www.europesays.com\/fr\/wp-json\/wp\/v2\/posts\/467102","targetHints":{"allow":["GET"]}}],"collection":[{"href":"https:\/\/www.europesays.com\/fr\/wp-json\/wp\/v2\/posts"}],"about":[{"href":"https:\/\/www.europesays.com\/fr\/wp-json\/wp\/v2\/types\/post"}],"author":[{"embeddable":true,"href":"https:\/\/www.europesays.com\/fr\/wp-json\/wp\/v2\/users\/2"}],"replies":[{"embeddable":true,"href":"https:\/\/www.europesays.com\/fr\/wp-json\/wp\/v2\/comments?post=467102"}],"version-history":[{"count":0,"href":"https:\/\/www.europesays.com\/fr\/wp-json\/wp\/v2\/posts\/467102\/revisions"}],"wp:featuredmedia":[{"embeddable":true,"href":"https:\/\/www.europesays.com\/fr\/wp-json\/wp\/v2\/media\/467103"}],"wp:attachment":[{"href":"https:\/\/www.europesays.com\/fr\/wp-json\/wp\/v2\/media?parent=467102"}],"wp:term":[{"taxonomy":"category","embeddable":true,"href":"https:\/\/www.europesays.com\/fr\/wp-json\/wp\/v2\/categories?post=467102"},{"taxonomy":"post_tag","embeddable":true,"href":"https:\/\/www.europesays.com\/fr\/wp-json\/wp\/v2\/tags?post=467102"}],"curies":[{"name":"wp","href":"https:\/\/api.w.org\/{rel}","templated":true}]}}