{"id":467104,"date":"2025-10-16T09:54:15","date_gmt":"2025-10-16T09:54:15","guid":{"rendered":"https:\/\/www.europesays.com\/fr\/467104\/"},"modified":"2025-10-16T09:54:15","modified_gmt":"2025-10-16T09:54:15","slug":"meurthe-et-moselle-reunion-de-crise-a-lomh-de-nancy-apres-quune-salariee-se-soit-defenestree","status":"publish","type":"post","link":"https:\/\/www.europesays.com\/fr\/467104\/","title":{"rendered":"Meurthe-et-Moselle. R\u00e9union de crise \u00e0 l\u2019OMh de Nancy apr\u00e8s qu\u2019une salari\u00e9e se soit d\u00e9fenestr\u00e9e"},"content":{"rendered":"<p>L\u2019Office m\u00e9tropolitain de l\u2019habitat du Grand Nancy (OMh), 32 rue Saint-L\u00e9on, \u00e0 Nancy \u00e9tait exceptionnellement ferm\u00e9 ce jeudi matin, apr\u00e8s le drame survenu la veille, vers 16\u00a0h\u00a030.<\/p>\n<p>Une cadre de l\u2019office <a href=\"https:\/\/www.estrepublicain.fr\/faits-divers-justice\/2025\/10\/15\/une-salariee-de-l-omh-blessee-apres-avoir-saute-par-la-fenetre\" target=\"_blank\" rel=\"noopener\">a saut\u00e9 par la fen\u00eatre d\u2019un bureau situ\u00e9 au 1er \u00a0\u00e9tage du b\u00e2timent,<\/a> c\u00f4t\u00e9 rue Saint-L\u00e9on. Une chute d\u2019environ trois m\u00e8tres qui s\u2019est termin\u00e9e sur le trottoir.<\/p>\n<p>Polytraumatis\u00e9e, prise en charge par les pompiers, la victime, \u00e2g\u00e9e d\u2019une quarantaine d\u2019ann\u00e9es, a \u00e9t\u00e9 transport\u00e9e vers les urgences de l\u2019h\u00f4pital Central tout comme l\u2019une de ses coll\u00e8gues, en \u00e9tat de choc car t\u00e9moin des faits.<\/p>\n<p>  Une victime hors de danger<\/p>\n<p>Ce jeudi 15\u00a0octobre, le maire de Nancy, <a href=\"https:\/\/www.estrepublicain.fr\/p\/mathieu-klein\" target=\"_blank\" rel=\"noopener\">Mathieu Klein<\/a>, en sa qualit\u00e9 de pr\u00e9sident du conseil d\u2019administration du bailleur social, est venu rencontrer les salari\u00e9s lors d\u2019une r\u00e9union qui s\u2019est tenue dans une salle de l\u2019OMh, entre 10\u00a0h\u00a030 et 11\u00a0h\u00a015.<\/p>\n<p>La victime est hors de danger. Des salari\u00e9s \u00e9voquent <a href=\"https:\/\/www.estrepublicain.fr\/faits-divers-justice\/2025\/07\/14\/burn-out-demissions-et-proces-le-redressement-chaotique-de-l-office-de-l-habitat\" target=\"_blank\" rel=\"noopener\">des conditions de travail d\u00e9grad\u00e9es<\/a> susceptibles d\u2019\u00eatre \u00e0 l\u2019origine de ce passage \u00e0 l\u2019acte.<\/p>\n<p>  \u00ab\u00a0Des reproches infond\u00e9s\u00a0\u00bb<\/p>\n<p>Dans un communiqu\u00e9, Fr\u00e9d\u00e9ric Nicolas, secr\u00e9taire g\u00e9n\u00e9ral de l\u2019Union d\u00e9partementale Force ouvri\u00e8re, indique que l\u2019acte d\u00e9sesp\u00e9r\u00e9 de \u00ab\u00a0la repr\u00e9sentante de la section FO \u00e0 l\u2019OMh a eu lieu apr\u00e8s un mail du directeur g\u00e9n\u00e9ral\u00a0\u00bb, qui contenait, selon FO, \u00ab\u00a0des reproches infond\u00e9s et vexatoires\u00a0\u00bb.<\/p>\n<p>\u00ab\u00a0Depuis plusieurs ann\u00e9es notre camarade subit un management toxique. [\u2026] Il est inadmissible qu\u2019une salari\u00e9e veuille attenter \u00e0 sa vie pour son travail. On ne laissera pas passer cette atteinte \u00e0 l\u2019int\u00e9grit\u00e9 d\u2019une de nos repr\u00e9sentantes.\u00a0\u00bb<\/p>\n","protected":false},"excerpt":{"rendered":"L\u2019Office m\u00e9tropolitain de l\u2019habitat du Grand Nancy (OMh), 32 rue Saint-L\u00e9on, \u00e0 Nancy \u00e9tait exceptionnellement ferm\u00e9 ce jeudi&hellip;\n","protected":false},"author":2,"featured_media":467105,"comment_status":"","ping_status":"","sticky":false,"template":"","format":"standard","meta":{"footnotes":""},"categories":[9635],"tags":[1111,11,9671,271,272,1704,1777,674,274,1011,27,775,1702,1703,12,25,801],"class_list":{"0":"post-467104","1":"post","2":"type-post","3":"status-publish","4":"format-standard","5":"has-post-thumbnail","7":"category-nancy","8":"tag-actu","9":"tag-actualites","10":"tag-conflit-social","11":"tag-crime","12":"tag-delit-et-contravention","13":"tag-edition-nancy-et-agglomeration","14":"tag-eu","15":"tag-europe","16":"tag-faits-divers-justice","17":"tag-fr","18":"tag-france","19":"tag-grand-est","20":"tag-nancy","21":"tag-nancy-ville-54b","22":"tag-news","23":"tag-republique-francaise","24":"tag-social"},"share_on_mastodon":{"url":"https:\/\/pubeurope.com\/@fr\/115383242912719329","error":""},"_links":{"self":[{"href":"https:\/\/www.europesays.com\/fr\/wp-json\/wp\/v2\/posts\/467104","targetHints":{"allow":["GET"]}}],"collection":[{"href":"https:\/\/www.europesays.com\/fr\/wp-json\/wp\/v2\/posts"}],"about":[{"href":"https:\/\/www.europesays.com\/fr\/wp-json\/wp\/v2\/types\/post"}],"author":[{"embeddable":true,"href":"https:\/\/www.europesays.com\/fr\/wp-json\/wp\/v2\/users\/2"}],"replies":[{"embeddable":true,"href":"https:\/\/www.europesays.com\/fr\/wp-json\/wp\/v2\/comments?post=467104"}],"version-history":[{"count":0,"href":"https:\/\/www.europesays.com\/fr\/wp-json\/wp\/v2\/posts\/467104\/revisions"}],"wp:featuredmedia":[{"embeddable":true,"href":"https:\/\/www.europesays.com\/fr\/wp-json\/wp\/v2\/media\/467105"}],"wp:attachment":[{"href":"https:\/\/www.europesays.com\/fr\/wp-json\/wp\/v2\/media?parent=467104"}],"wp:term":[{"taxonomy":"category","embeddable":true,"href":"https:\/\/www.europesays.com\/fr\/wp-json\/wp\/v2\/categories?post=467104"},{"taxonomy":"post_tag","embeddable":true,"href":"https:\/\/www.europesays.com\/fr\/wp-json\/wp\/v2\/tags?post=467104"}],"curies":[{"name":"wp","href":"https:\/\/api.w.org\/{rel}","templated":true}]}}