{"id":467107,"date":"2025-10-16T09:56:10","date_gmt":"2025-10-16T09:56:10","guid":{"rendered":"https:\/\/www.europesays.com\/fr\/467107\/"},"modified":"2025-10-16T09:56:10","modified_gmt":"2025-10-16T09:56:10","slug":"le-rugby-championship-sera-absent-du-calendrier-en-2026-sport","status":"publish","type":"post","link":"https:\/\/www.europesays.com\/fr\/467107\/","title":{"rendered":"Le Rugby Championship sera absent du calendrier en 2026 . Sport"},"content":{"rendered":"<p>Il n\u2019y aura pas de Rugby Championship l\u2019ann\u00e9e prochaine. La comp\u00e9tition, <a href=\"https:\/\/www.ouest-france.fr\/sport\/rugby\/direct-argentine-afrique-du-sud-suivez-la-rencontre-decisive-du-rugby-championship-en-live-80b9ac3b-b84e-470d-b9d0-49b37fc5415c\" target=\"_blank\" rel=\"noopener\">qui r\u00e9unit les quatre meilleures \u00e9quipes de l\u2019h\u00e9misph\u00e8re sud (Afrique du Sud, Nouvelle-Z\u00e9lande, Australie et Argentine)<\/a>, ne se jouera pas en 2026 mais reviendra au calendrier d\u00e8s 2027, a annonc\u00e9 ce jeudi 16\u00a0octobre le consortium organisateur (Sanzaar).<\/p>\n<p>Les N\u00e9o-Z\u00e9landais doivent se rendre l\u2019an prochain en Afrique du Sud, qui les a coiff\u00e9s sur le fil pour le titre dans le Rugby Championship cette ann\u00e9e, pour une tourn\u00e9e d\u2019ores et d\u00e9j\u00e0 labellis\u00e9e \u00ab\u00a0Greatest Rivalry\u00a0\u00bb, la plus grande rivalit\u00e9. Ce sera la premi\u00e8re tourn\u00e9e classique des All Blacks chez les Springboks depuis 1996, lorsque les N\u00e9o-Z\u00e9landais avaient remport\u00e9 la s\u00e9rie 2-1.<\/p>\n<p>Pas de place pour le Rugby Championship en 2026<\/p>\n<p>En outre, la nouvelle Coupe des Nations regroupant les \u00e9quipes europ\u00e9ennes du Tournoi des 6\u00a0nations (France, Angleterre, Irlande, Ecosse, pays de Galles, Italie), celles du Rugby Championship et vraisemblablement le Japon et les Fidji, doit \u00eatre organis\u00e9e l\u2019an prochain, ainsi qu\u2019en 2028 et 2030, selon le Sanzaar. Pas de place dans ces conditions pour un Rugby Championship en 2026.<\/p>\n<p>Le Sanzaar annonce cependant la reprise du Rugby Championship en 2027, ann\u00e9e de la Coupe du monde en Australie, avant une nouvelle pause en 2030 pour une fen\u00eatre r\u00e9serv\u00e9e aux tourn\u00e9es en ao\u00fbt et septembre.<\/p>\n<p><strong>Lire aussi\u00a0:<\/strong>\u00a0<a href=\"https:\/\/rennes.maville.com\/sport\/detail_-rugby.-les-all-blacks-visent-le-grand-chelem-lors-de-la-tournee-d-automne-_54135-7017930_actu.Htm\" target=\"_blank\" rel=\"noopener\">Rugby. Les All Blacks visent le Grand Chelem lors de la tourn\u00e9e d\u2019automne<\/a><\/p>\n<p><strong>\u00ab\u00a0Ce nouveau calendrier pour les nations de l\u2019h\u00e9misph\u00e8re sud a pour but de montrer aux fans le plus haut niveau du rugby mondial\u00a0\u00bb<\/strong>, a expliqu\u00e9 le patron du Sanzaar Brendan Morris.<\/p>\n<p>\u00a0<\/p>\n","protected":false},"excerpt":{"rendered":"Il n\u2019y aura pas de Rugby Championship l\u2019ann\u00e9e prochaine. La comp\u00e9tition, qui r\u00e9unit les quatre meilleures \u00e9quipes de&hellip;\n","protected":false},"author":2,"featured_media":467108,"comment_status":"","ping_status":"","sticky":false,"template":"","format":"standard","meta":{"footnotes":""},"categories":[9619],"tags":[1111,11,3809,1465,1777,674,63,1011,27,1792,1922,12,882,25,479,517,2310,1470],"class_list":{"0":"post-467107","1":"post","2":"type-post","3":"status-publish","4":"format-standard","5":"has-post-thumbnail","7":"category-toulon","8":"tag-actu","9":"tag-actualites","10":"tag-ball","11":"tag-basket","12":"tag-eu","13":"tag-europe","14":"tag-football","15":"tag-fr","16":"tag-france","17":"tag-handball","18":"tag-info","19":"tag-news","20":"tag-provence-alpes-cote-dazur","21":"tag-republique-francaise","22":"tag-rugby","23":"tag-sport","24":"tag-toulon","25":"tag-volley"},"share_on_mastodon":{"url":"https:\/\/pubeurope.com\/@fr\/115383250708074555","error":""},"_links":{"self":[{"href":"https:\/\/www.europesays.com\/fr\/wp-json\/wp\/v2\/posts\/467107","targetHints":{"allow":["GET"]}}],"collection":[{"href":"https:\/\/www.europesays.com\/fr\/wp-json\/wp\/v2\/posts"}],"about":[{"href":"https:\/\/www.europesays.com\/fr\/wp-json\/wp\/v2\/types\/post"}],"author":[{"embeddable":true,"href":"https:\/\/www.europesays.com\/fr\/wp-json\/wp\/v2\/users\/2"}],"replies":[{"embeddable":true,"href":"https:\/\/www.europesays.com\/fr\/wp-json\/wp\/v2\/comments?post=467107"}],"version-history":[{"count":0,"href":"https:\/\/www.europesays.com\/fr\/wp-json\/wp\/v2\/posts\/467107\/revisions"}],"wp:featuredmedia":[{"embeddable":true,"href":"https:\/\/www.europesays.com\/fr\/wp-json\/wp\/v2\/media\/467108"}],"wp:attachment":[{"href":"https:\/\/www.europesays.com\/fr\/wp-json\/wp\/v2\/media?parent=467107"}],"wp:term":[{"taxonomy":"category","embeddable":true,"href":"https:\/\/www.europesays.com\/fr\/wp-json\/wp\/v2\/categories?post=467107"},{"taxonomy":"post_tag","embeddable":true,"href":"https:\/\/www.europesays.com\/fr\/wp-json\/wp\/v2\/tags?post=467107"}],"curies":[{"name":"wp","href":"https:\/\/api.w.org\/{rel}","templated":true}]}}