{"id":467111,"date":"2025-10-16T09:58:10","date_gmt":"2025-10-16T09:58:10","guid":{"rendered":"https:\/\/www.europesays.com\/fr\/467111\/"},"modified":"2025-10-16T09:58:10","modified_gmt":"2025-10-16T09:58:10","slug":"la-ligne-1-de-tramway-arrive-enfin-a-la-gare-sud-de-france","status":"publish","type":"post","link":"https:\/\/www.europesays.com\/fr\/467111\/","title":{"rendered":"la ligne 1 de tramway arrive (enfin) \u00e0 la gare Sud de France"},"content":{"rendered":"<p>            Par<br \/>\n        <strong><br \/>\n            <a href=\"https:\/\/actu.fr\/auteur\/metropoop\" title=\"Consulter tous les articles de R\u00e9daction M\u00e9tropolitain\" rel=\"nofollow noopener\" target=\"_blank\">R\u00e9daction M\u00e9tropolitain<\/a><br \/>\n        <\/strong><\/p>\n<p>        Publi\u00e9 le<\/p>\n<p>            16 oct. 2025 \u00e0 11h31<br \/>\n        ; mis \u00e0 jour le 16 oct. 2025 \u00e0 11h32    <\/p>\n<p>Afin de c\u00e9l\u00e9brer la mise en service, tant attendue, de <strong>l\u2019extension de la ligne 1 de tramway<\/strong> entre Odysseum et <strong>la gare Sud de France<\/strong>, <strong>la M\u00e9tropole de Montpellier<\/strong> organise <strong>une journ\u00e9e festive<\/strong> ponctu\u00e9e par de nombreuses animations : musique, danse, breakdance, d\u00e9gustation de vins, fresque artistique, jeux pour les familles\u2026<\/p>\n<p>Une incoh\u00e9rence r\u00e9par\u00e9e<\/p>\n<p class=\" wall-content\">Reconnu d\u2019utilit\u00e9 publique en octobre 2022, ce projet d\u2019extension de 1,3 km r\u00e9pond \u00e0 un enjeu majeur de connexion rapide et directe entre les deux gares de Montpellier Saint-Roch, situ\u00e9e en centre-ville, et Montpellier Sud de France, \u00e9rig\u00e9e au coeur du nouveau quartier d\u2019affaires Cambac\u00e9r\u00e8s, annonc\u00e9e en 20 minutes.\u00a0<\/p>\n<p class=\" wall-content\">Cette extension part de l\u2019actuel terminus Odysseum pour arriver au d\u00e9sormais terminus Gare Sud de France implant\u00e9 \u00e0 proximit\u00e9 de la place Fran\u00e7oise H\u00e9ritier du nouveau quartier Cambac\u00e9r\u00e8s, futur poumon \u00e9conomique tertiaire du territoire. Une incoh\u00e9rence enfin r\u00e9par\u00e9e.\u00a0\u00a0<\/p>\n<p>Une journ\u00e9e festive<\/p>\n<p class=\" wall-content\">Inauguration rime avec d\u00e9gustation en mettant \u00e0 l\u2019honneur le vin local et notamment l\u2019AOC Languedoc. Et rien de tel qu\u2019un accord mets-vins avec la pr\u00e9sence des traiteurs Boc Doc, traiteur sp\u00e9cialis\u00e9 dans le bocal gourmand, et Kinos, traiteur responsable et healthy, situ\u00e9s non loin de l\u2019extension de la ligne 1.\u00a0<\/p>\n<p>    <a href=\"https:\/\/www.google.com\/maps\/embed?pb=!1m18!1m12!1m3!1d2592.3124982537583!2d3.921648375621307!3d43.59520635618051!2m3!1f0!2f0!3f0!3m2!1i1024!2i768!4f13.1!3m3!1m2!1s0x12b6a51352504ead%3A0x7d17e0e98097dcf!2sMontpellier%20Sud%20de%20France!5e1!3m2!1sfr!2sfr!4v1760548524994!5m2!1sfr!2sfr\" title=\"Ouvrie le lien\" rel=\"nofollow noopener\" target=\"_blank\">Cliquez ici pour visualiser le contenu<\/a><\/p>\n<p>Vid\u00e9os : en ce moment sur Actu<\/p>\n<p class=\" wall-content\">Une inauguration qui sera rythm\u00e9e de nombreux \u00e9v\u00e9nements tout au long de la journ\u00e9e don un v\u00e9ritable show de danse \u00e0 ciel ouvert. \u00c0 commencer par la pr\u00e9sence de la compagnie d\u2019Anne-Marie Porras lors du temps protocolaire. D\u00e8s 14h, Montpellier Breaking M\u00e9tropole prendra la place Fran\u00e7oise H\u00e9ritier comme terrain de jeu pour des initiations et une battle de danses entre amateurs et professionnels. Dans un autre registre, le mus\u00e9e Parcelle 473 s\u2019associe \u00e0 MAYE, artiste originaire de S\u00e8te et form\u00e9 \u00e0 Montpellier reconnu comme l\u2019une des figures majeures du street art fran\u00e7ais contemporain, pour des ateliers et la r\u00e9alisation d\u2019une fresque collaborative.<\/p>\n<p class=\" wall-content\">Lors de cette journ\u00e9e festive, petits et grands pourront \u00e9galement profiter d\u2019animations comme des jeux en bois g\u00e9ants, un stand de maquillage aux couleurs de la ligne 1, ou encore des bornes photos immortalisant le temps fort.<\/p>\n<p>Votre r\u00e9gion, votre actu !<\/p>\n<p>Recevez chaque jour les infos qui comptent pour vous.<\/p>\n<p>\t<a href=\"https:\/\/actu.fr\/newsletter\" class=\"ac-btn ac-btn--corner ac-btn--medium ac-btn--blue800\" rel=\"nofollow noopener\" target=\"_blank\">S&rsquo;incrire<\/a><br \/>\nLe programme de la journ\u00e9e<\/p>\n<p class=\" wall-content\"><strong>L\u2019inauguration officielle<\/strong><br \/>\u2013 10h45 : D\u00e9part en tramway depuis la station Odysseum <br \/>\u2013 11h : Temps inaugural avec prises de paroles officielles et coupure de ruban<br \/>\u2013 12h : Mise en service de l\u2019extension de la ligne 1 de tramway\u00a0<\/p>\n<p class=\" wall-content\"><strong>Les animations<\/strong><br \/>\u2013 12h-13h30 : d\u00e9gustation de vins anim\u00e9e par trois sommeliers (Maison des Vins du Languedoc), animations en musique, cocktail sous chapiteaux avec commer\u00e7ants locaux et performance de la chorale Sunny Chorus, initiation breakdance avec le public\u2026<br \/>\u2013 D\u00e8s 12h, en continu : jeux en bois g\u00e9ants, stand de maquillage hirondelle, borne photo + bande 360\u00b0, com\u00e9diens en interaction avec les voyageurs, fresque participative sous la tutelle de l\u2019artiste Maye en partenariat avec le mus\u00e9e Parcelle 473, initiation au street art (toute la journ\u00e9e).<\/p>\n<p class=\" wall-content\"><strong>Danse<\/strong><br \/>\u2013\u00a013h30 : Battle breakdance pro avec speaker \u2013 DJ \u2013 juges (28 danseurs pros)<br \/>\u2013 14h : Lancement battle Kids<br \/>\u2013\u00a016h30\u00a0:\u00a0Remise des prix \u2013 coupe<\/p>\n<p class=\" wall-content\">Personnalisez votre actualit\u00e9 en ajoutant vos villes et m\u00e9dias en favori avec <a href=\"https:\/\/moncompte.actu.fr\" title=\"D\u00e9couvez Mon Actu\" rel=\"nofollow noopener\" data-trk=\"{&quot;cta&quot;:{&quot;action&quot;:&quot;https:\\\/\\\/moncompte.actu.fr&quot;,&quot;category&quot;:&quot;mon compte&quot;,&quot;from&quot;:&quot;article footer&quot;,&quot;name&quot;:&quot;Mon actu&quot;,&quot;type&quot;:&quot;cta&quot;}}\" target=\"_blank\">Mon Actu<\/a>.<\/p>\n","protected":false},"excerpt":{"rendered":"Par R\u00e9daction M\u00e9tropolitain Publi\u00e9 le 16 oct. 2025 \u00e0 11h31 ; mis \u00e0 jour le 16 oct. 2025&hellip;\n","protected":false},"author":2,"featured_media":467112,"comment_status":"","ping_status":"","sticky":false,"template":"","format":"standard","meta":{"footnotes":""},"categories":[9599],"tags":[1111,11,1777,674,1011,27,2208,12,2680,25,104,5787],"class_list":{"0":"post-467111","1":"post","2":"type-post","3":"status-publish","4":"format-standard","5":"has-post-thumbnail","7":"category-montpellier","8":"tag-actu","9":"tag-actualites","10":"tag-eu","11":"tag-europe","12":"tag-fr","13":"tag-france","14":"tag-montpellier","15":"tag-news","16":"tag-occitanie","17":"tag-republique-francaise","18":"tag-societe","19":"tag-transports-en-commun-lyonnais-tcl"},"share_on_mastodon":{"url":"https:\/\/pubeurope.com\/@fr\/115383258626863324","error":""},"_links":{"self":[{"href":"https:\/\/www.europesays.com\/fr\/wp-json\/wp\/v2\/posts\/467111","targetHints":{"allow":["GET"]}}],"collection":[{"href":"https:\/\/www.europesays.com\/fr\/wp-json\/wp\/v2\/posts"}],"about":[{"href":"https:\/\/www.europesays.com\/fr\/wp-json\/wp\/v2\/types\/post"}],"author":[{"embeddable":true,"href":"https:\/\/www.europesays.com\/fr\/wp-json\/wp\/v2\/users\/2"}],"replies":[{"embeddable":true,"href":"https:\/\/www.europesays.com\/fr\/wp-json\/wp\/v2\/comments?post=467111"}],"version-history":[{"count":0,"href":"https:\/\/www.europesays.com\/fr\/wp-json\/wp\/v2\/posts\/467111\/revisions"}],"wp:featuredmedia":[{"embeddable":true,"href":"https:\/\/www.europesays.com\/fr\/wp-json\/wp\/v2\/media\/467112"}],"wp:attachment":[{"href":"https:\/\/www.europesays.com\/fr\/wp-json\/wp\/v2\/media?parent=467111"}],"wp:term":[{"taxonomy":"category","embeddable":true,"href":"https:\/\/www.europesays.com\/fr\/wp-json\/wp\/v2\/categories?post=467111"},{"taxonomy":"post_tag","embeddable":true,"href":"https:\/\/www.europesays.com\/fr\/wp-json\/wp\/v2\/tags?post=467111"}],"curies":[{"name":"wp","href":"https:\/\/api.w.org\/{rel}","templated":true}]}}