{"id":467117,"date":"2025-10-16T10:01:18","date_gmt":"2025-10-16T10:01:18","guid":{"rendered":"https:\/\/www.europesays.com\/fr\/467117\/"},"modified":"2025-10-16T10:01:18","modified_gmt":"2025-10-16T10:01:18","slug":"les-forestivites-pour-se-reconnecter-a-la-foret","status":"publish","type":"post","link":"https:\/\/www.europesays.com\/fr\/467117\/","title":{"rendered":"Les Forestivit\u00e9s\u00a0: pour se reconnecter \u00e0 la for\u00eat"},"content":{"rendered":"<p>  Les Forestivit\u00e9s\u00a0: pour se reconnecter \u00e0 la for\u00eat &#8211; Savoie.fr<\/p>\n<p><a id=\"top\" style=\"display:block;\"\/><\/p>\n<p>                    \u00e9crit le 16 octobre 2025<\/p>\n<p>Les Forestivit\u00e9s, ce sont deux semaines d\u2019un festival engag\u00e9 avec une cinquantaine d\u2019animations, de visites, de rencontres et d\u2019ateliers sur tout le d\u00e9partement. Cette premi\u00e8re \u00e9dition se d\u00e9roulera du 19 octobre au 2 novembre.<\/p>\n<p>                    <img decoding=\"async\" src=\"https:\/\/www.europesays.com\/fr\/wp-content\/uploads\/2025\/10\/th-980x1000-2025_10_forestivites_1020.jpg.jpg\" loading=\"lazy\" alt=\"Extrait de l'affiche\"\/><\/p>\n<p><a href=\"#top\"><br \/>\n    <img decoding=\"async\" class=\"portlet-image-img\" src=\"https:\/\/www.europesays.com\/fr\/wp-content\/uploads\/2025\/10\/hautdepage.png\" alt=\"Retour au haut de page\" title=\"Retour au haut de page\" style=\"\"\/><\/p>\n<p><\/a><\/p>\n<p>eNrFmG1P2zAQx9\/3U0R5nwfYKN2UFm0dbJVAdIVq094gN7lQd8YOfmjCPv0ubWFlSsRwMXtVJbbvzr6\/f3dNclTdMG8JUlHB+\/5eGPse8FRklF\/3\/enlSdDzjwadZEGWZGsazgv3e76XMqJU369HwxkQrsLvZ6efANeD9AcdLxGzBaT60TyjKQu\/EDU\/I0U9x0uWgmbeDei5yPp+YfTqrZcoLTGKQSnkT1WQFJJo82Z7NKuqq4M47m4PJlFt8R9MGwXylPDrRsu5tLKZGimB6yHRcC3kXXPQqrx60+3GPSsPVE1ACSNTGBM9H0uxpBlkzXsgTIGVk7zMLkAuGejaSaPxqISZlW2yINUEbkfNMX\/A0aGudBAHe4fdGE+phz+9AytXcuukGr3hHiLMxl734PBtHDFQQS5wkaZLqvGhwNWBgkCipjlHKYMMSMDIapa2TN9YSE2Yo8RRNXysQEd+JNw+KZCMqoKRu3ChCtujIpLgMEiEhbuN1Du4lIgvhmf2l31uGIueGfV0wxVHEdfYGgrDdQteTia2BzEUXEPVnlE7Iupqo0UK6uXM\/hK8uSSMzYzR1JZ6CCaD9386GbVC79WB8ZEomEp3xPhGeSbK5txoaaxBtJ14R8EXK5a2V9nDeP+d9SX7gRJrqVLHRooCIuQTVbtgZ8RzsStwULXNpu41+7p6XXVVIiUMWvqqwBJQKNT7XtDZVXB3zdYDjUY\/H1\/aauirAXl3sXpsNE2z\/kP27ejtoiSgYlsDf77+1wxw2HEb2UyYudaFeh9FZVmGiqANCHP5XyrEVuF294fASXew7pbWpHUU+mxdPp+RQtvb+FTzsGtDvFm\/abxful5PH8DtDK+j45cn9p9u2FnY40eEcedm1bkSTQV31S6ZWaPF3WoE5pWfSKTDeZ7Tlg81rbpMovVHokEnieoPRIPOb0ihH\/o=<\/p>\n<p>sfrLut6q76LLjxn3<\/p>\n<p>    <img decoding=\"async\" src=\"https:\/\/www.savoie.fr\/images\/jalios\/icons\/ajax-wait.svg\" class=\"jalios-icon ajax-wait jalios-icon-svg\" alt=\"\" id=\"ajaxWaitIcon\"\/><\/p>\n","protected":false},"excerpt":{"rendered":"Les Forestivit\u00e9s\u00a0: pour se reconnecter \u00e0 la for\u00eat &#8211; Savoie.fr \u00e9crit le 16 octobre 2025 Les Forestivit\u00e9s, ce&hellip;\n","protected":false},"author":2,"featured_media":467118,"comment_status":"","ping_status":"","sticky":false,"template":"","format":"standard","meta":{"footnotes":""},"categories":[9566],"tags":[328,1111,11,59119,2430,1777,674,1011,27,2731,12,25],"class_list":{"0":"post-467117","1":"post","2":"type-post","3":"status-publish","4":"format-standard","5":"has-post-thumbnail","7":"category-grenoble","8":"tag-a-la-une","9":"tag-actu","10":"tag-actualites","11":"tag-agriculture-et-foret","12":"tag-auvergne-rhone-alpes","13":"tag-eu","14":"tag-europe","15":"tag-fr","16":"tag-france","17":"tag-grenoble","18":"tag-news","19":"tag-republique-francaise"},"share_on_mastodon":{"url":"https:\/\/pubeurope.com\/@fr\/115383271044569753","error":""},"_links":{"self":[{"href":"https:\/\/www.europesays.com\/fr\/wp-json\/wp\/v2\/posts\/467117","targetHints":{"allow":["GET"]}}],"collection":[{"href":"https:\/\/www.europesays.com\/fr\/wp-json\/wp\/v2\/posts"}],"about":[{"href":"https:\/\/www.europesays.com\/fr\/wp-json\/wp\/v2\/types\/post"}],"author":[{"embeddable":true,"href":"https:\/\/www.europesays.com\/fr\/wp-json\/wp\/v2\/users\/2"}],"replies":[{"embeddable":true,"href":"https:\/\/www.europesays.com\/fr\/wp-json\/wp\/v2\/comments?post=467117"}],"version-history":[{"count":0,"href":"https:\/\/www.europesays.com\/fr\/wp-json\/wp\/v2\/posts\/467117\/revisions"}],"wp:featuredmedia":[{"embeddable":true,"href":"https:\/\/www.europesays.com\/fr\/wp-json\/wp\/v2\/media\/467118"}],"wp:attachment":[{"href":"https:\/\/www.europesays.com\/fr\/wp-json\/wp\/v2\/media?parent=467117"}],"wp:term":[{"taxonomy":"category","embeddable":true,"href":"https:\/\/www.europesays.com\/fr\/wp-json\/wp\/v2\/categories?post=467117"},{"taxonomy":"post_tag","embeddable":true,"href":"https:\/\/www.europesays.com\/fr\/wp-json\/wp\/v2\/tags?post=467117"}],"curies":[{"name":"wp","href":"https:\/\/api.w.org\/{rel}","templated":true}]}}