{"id":467119,"date":"2025-10-16T10:02:12","date_gmt":"2025-10-16T10:02:12","guid":{"rendered":"https:\/\/www.europesays.com\/fr\/467119\/"},"modified":"2025-10-16T10:02:12","modified_gmt":"2025-10-16T10:02:12","slug":"ligue-2-gf38-deux-blesses-des-conditions-dentrainement-deja-compliquees-les-infos-avant-la-reception-de-pau","status":"publish","type":"post","link":"https:\/\/www.europesays.com\/fr\/467119\/","title":{"rendered":"Ligue 2. GF38\u00a0: deux bless\u00e9s, des conditions d\u2019entra\u00eenement (d\u00e9j\u00e0) compliqu\u00e9es&#8230; les infos avant la r\u00e9ception de Pau"},"content":{"rendered":"<p>  Deux bless\u00e9s pendant la tr\u00eave<\/p>\n<p>Le GF38 a enregistr\u00e9 deux blessures durant la tr\u00eave internationale. En effet, Moussa Djitt\u00e9 souffre du mollet. Depuis son retour au club, l\u2019attaquant n\u2019a encore jamais \u00e9t\u00e9 \u00e0 100\u00a0%. Par ailleurs, Baptiste Mouazan est touch\u00e9 \u00e0 la vo\u00fbte plantaire. Ces deux joueurs sont forfaits pour la r\u00e9ception de Pau. Un point sera fait avec Yadaly Diaby, seul Grenoblois appel\u00e9 en s\u00e9lection. Le Guin\u00e9en sera dans le groupe mais le staff h\u00e9site \u00e0 la titulariser. Par ailleurs, Samba L\u00e9l\u00e9 Diba a repris l\u2019entra\u00eenement collectif. Il postule \u00e0 une place dans le groupe qui sera communiqu\u00e9 ce jeudi en fin d\u2019apr\u00e8s-midi. Tout comme Alan K\u00e9rou\u00e9dan, bien remis de son Covid.<\/p>\n<p>Ce contenu est bloqu\u00e9 car vous n&rsquo;avez pas accept\u00e9 les cookies et autres traceurs.<\/p>\n<p>En cliquant sur \u00ab J\u2019accepte \u00bb, les cookies et autres traceurs seront d\u00e9pos\u00e9s et vous pourrez visualiser les contenus  (<a href=\"\" class=\"consentModule_policy\" target=\"_blank\" title=\"Consulter la politique de protection des donn\u00e9es du fournisseur\">plus d&rsquo;informations<\/a>).<\/p>\n<p>En cliquant sur \u00ab J\u2019accepte tous les cookies \u00bb, vous autorisez des d\u00e9p\u00f4ts de cookies et autres traceurs pour le stockage de vos donn\u00e9es sur nos sites et applications \u00e0 des fins de personnalisation et de ciblage publicitaire.<\/p>\n<p class=\"consentModule_secondaryText\">Vous gardez la possibilit\u00e9 de retirer votre consentement \u00e0 tout moment en consultant notre <a href=\"https:\/\/www.ledauphine.com\/protection-des-donnees\" target=\"_blank\" title=\"Consulter notre politique de protection des donn\u00e9es\" rel=\"noopener\">politique de protection des donn\u00e9es<\/a>. <br \/>&#13;<br \/>\n            <a href=\"https:\/\/www.ledauphine.com\/sport\/2025\/10\/16\/javascript:Didomi.notice.show()\" class=\"consentModule_cmp\" target=\"_blank\" rel=\"noopener\">G\u00e9rer mes choix<\/a>&#13;\n        <\/p>\n<p>&#13;<br \/>\n                        J&rsquo;accepte&#13;<br \/>\n            J&rsquo;accepte tous les cookies&#13;\n        <\/p>\n<p>  Un terrain d\u2019entra\u00eenement tr\u00e8s compliqu\u00e9<\/p>\n<p>On n\u2019est pas encore en hiver et pourtant, la pelouse du centre d\u2019entra\u00eenement de la Poterne est d\u00e9j\u00e0 en grande souffrance. A tel point que les Grenoblois n\u2019ont pas pu s\u2019entra\u00eener dessus ce jeudi. Ils ont effectu\u00e9 leur s\u00e9ance d\u2019entra\u00eenement sur le synth\u00e9tique qui jouxte la pelouse\u2026 mais qui n\u2019est pas non plus dans un tr\u00e8s bon \u00e9tat. \u00ab\u00a0Ce n\u2019est pas id\u00e9al, mais on est oblig\u00e9 de s\u2019adapter\u00a0\u00bb, observe Franck Rizzetto avec diplomatie.<\/p>\n<p>  La d\u00e9cla<\/p>\n<p>\u00ab\u00a0Je ne ressens plus de douleur mais j\u2019ai besoin d\u2019encha\u00eener les matches car je fonctionne comme \u00e7a. Pour moi, c\u2019\u00e9tait presque dommage que la tr\u00eave internationale arrive juste apr\u00e8s <a href=\"https:\/\/www.ledauphine.com\/sport\/2025\/10\/04\/et-si-c-etait-le-declic-pour-le-gf38\" target=\"_blank\" rel=\"noopener\">le match de Reims (4-2). <\/a> Mais je me sens bien. J\u2019apporte ce que je sais faire \u00e0 l\u2019\u00e9quipe, notamment dans la gestion des temps forts et des temps faibles. On a relanc\u00e9 une nouvelle dynamique, il y a de la joie dans le groupe, il faut qu\u2019on arrive \u00e0 continuer dans ce sens.\u00a0\u00bb De Jessy Benet, milieu de Grenoble.<\/p>\n","protected":false},"excerpt":{"rendered":"Deux bless\u00e9s pendant la tr\u00eave Le GF38 a enregistr\u00e9 deux blessures durant la tr\u00eave internationale. En effet, Moussa&hellip;\n","protected":false},"author":2,"featured_media":467120,"comment_status":"","ping_status":"","sticky":false,"template":"","format":"standard","meta":{"footnotes":""},"categories":[9566],"tags":[1111,11,2430,112,1777,674,1701,63,1011,27,12637,2731,2732,108,12636,12,25,517],"class_list":{"0":"post-467119","1":"post","2":"type-post","3":"status-publish","4":"format-standard","5":"has-post-thumbnail","7":"category-grenoble","8":"tag-actu","9":"tag-actualites","10":"tag-auvergne-rhone-alpes","11":"tag-edition-grenoble-agglomeration","12":"tag-eu","13":"tag-europe","14":"tag-fil-info-sport","15":"tag-football","16":"tag-fr","17":"tag-france","18":"tag-gf38-grenoble-foot-38","19":"tag-grenoble","20":"tag-grenoble-bassin","21":"tag-isere","22":"tag-ligue-2-football","23":"tag-news","24":"tag-republique-francaise","25":"tag-sport"},"share_on_mastodon":{"url":"https:\/\/pubeurope.com\/@fr\/115383274244686005","error":""},"_links":{"self":[{"href":"https:\/\/www.europesays.com\/fr\/wp-json\/wp\/v2\/posts\/467119","targetHints":{"allow":["GET"]}}],"collection":[{"href":"https:\/\/www.europesays.com\/fr\/wp-json\/wp\/v2\/posts"}],"about":[{"href":"https:\/\/www.europesays.com\/fr\/wp-json\/wp\/v2\/types\/post"}],"author":[{"embeddable":true,"href":"https:\/\/www.europesays.com\/fr\/wp-json\/wp\/v2\/users\/2"}],"replies":[{"embeddable":true,"href":"https:\/\/www.europesays.com\/fr\/wp-json\/wp\/v2\/comments?post=467119"}],"version-history":[{"count":0,"href":"https:\/\/www.europesays.com\/fr\/wp-json\/wp\/v2\/posts\/467119\/revisions"}],"wp:featuredmedia":[{"embeddable":true,"href":"https:\/\/www.europesays.com\/fr\/wp-json\/wp\/v2\/media\/467120"}],"wp:attachment":[{"href":"https:\/\/www.europesays.com\/fr\/wp-json\/wp\/v2\/media?parent=467119"}],"wp:term":[{"taxonomy":"category","embeddable":true,"href":"https:\/\/www.europesays.com\/fr\/wp-json\/wp\/v2\/categories?post=467119"},{"taxonomy":"post_tag","embeddable":true,"href":"https:\/\/www.europesays.com\/fr\/wp-json\/wp\/v2\/tags?post=467119"}],"curies":[{"name":"wp","href":"https:\/\/api.w.org\/{rel}","templated":true}]}}