{"id":467121,"date":"2025-10-16T10:04:16","date_gmt":"2025-10-16T10:04:16","guid":{"rendered":"https:\/\/www.europesays.com\/fr\/467121\/"},"modified":"2025-10-16T10:04:16","modified_gmt":"2025-10-16T10:04:16","slug":"saint-gilles-un-stage-daccordeon-dans-le-cadre-du-grand-soufflet","status":"publish","type":"post","link":"https:\/\/www.europesays.com\/fr\/467121\/","title":{"rendered":"Saint-Gilles. Un stage d\u2019accord\u00e9on dans le cadre du Grand Soufflet"},"content":{"rendered":"<p>La F\u00e9d\u00e9ration pour la pratique et l\u2019enseignement artistique en Ille-et-Vilaine (FPEA 35) a organis\u00e9, samedi, dans le cadre de la 30e \u00e9dition du festival Le Grand Soufflet, un stage d\u2019accord\u00e9on chromatique destin\u00e9 aux \u00e9l\u00e8ves des \u00e9coles de musique et conservatoires ou musiciens amateurs.<\/p>\n<p>Le stage, qui s\u2019est d\u00e9roul\u00e9 dans la salle du Sabot d\u2019Or, a \u00e9t\u00e9 anim\u00e9 par Camille Privat, enseignante au conservatoire de Laval (Mayenne) et artiste renomm\u00e9e. <strong>\u00ab\u00a0Onze\u00a0stagiaires venus du d\u00e9partement ont pu d\u00e9couvrir la musique bulgare, <\/strong>souligne Yves Montagne, pr\u00e9sident de la FPEA 35.\u00a0<strong>Une telle journ\u00e9e favorise la rencontre entre m\u00eames instrumentistes, permet d\u2019approfondir les techniques de jeu et le travail du style.\u00a0\u00bb<\/strong><\/p>\n<p>Ce fut \u00e9galement l\u2019occasion de rencontrer des musiciens du groupe Sugar Bulgar, qui a donn\u00e9 un concert samedi soir au Sabot d\u2019Or.<\/p>\n<p>La FPEA 35\u00a0rassemble 57\u00a0structures d\u2019enseignement ou de pratique amateure, soit plus de 10\u00a0000\u00a0\u00e9l\u00e8ves, musiciens ou choristes.<\/p>\n<p>\u00a0<\/p>\n","protected":false},"excerpt":{"rendered":"La F\u00e9d\u00e9ration pour la pratique et l\u2019enseignement artistique en Ille-et-Vilaine (FPEA 35) a organis\u00e9, samedi, dans le cadre&hellip;\n","protected":false},"author":2,"featured_media":467122,"comment_status":"","ping_status":"","sticky":false,"template":"","format":"standard","meta":{"footnotes":""},"categories":[2821],"tags":[52178,1111,11,829,33781,1777,674,1011,27,2515,12,584,25,8357,41485,3866],"class_list":{"0":"post-467121","1":"post","2":"type-post","3":"status-publish","4":"format-standard","5":"has-post-thumbnail","7":"category-rennes","8":"tag-accordeon","9":"tag-actu","10":"tag-actualites","11":"tag-bretagne","12":"tag-cadre","13":"tag-eu","14":"tag-europe","15":"tag-fr","16":"tag-france","17":"tag-grand","18":"tag-news","19":"tag-rennes","20":"tag-republique-francaise","21":"tag-saint-gilles","22":"tag-soufflet","23":"tag-stage"},"share_on_mastodon":{"url":"https:\/\/pubeurope.com\/@fr\/115383282215782853","error":""},"_links":{"self":[{"href":"https:\/\/www.europesays.com\/fr\/wp-json\/wp\/v2\/posts\/467121","targetHints":{"allow":["GET"]}}],"collection":[{"href":"https:\/\/www.europesays.com\/fr\/wp-json\/wp\/v2\/posts"}],"about":[{"href":"https:\/\/www.europesays.com\/fr\/wp-json\/wp\/v2\/types\/post"}],"author":[{"embeddable":true,"href":"https:\/\/www.europesays.com\/fr\/wp-json\/wp\/v2\/users\/2"}],"replies":[{"embeddable":true,"href":"https:\/\/www.europesays.com\/fr\/wp-json\/wp\/v2\/comments?post=467121"}],"version-history":[{"count":0,"href":"https:\/\/www.europesays.com\/fr\/wp-json\/wp\/v2\/posts\/467121\/revisions"}],"wp:featuredmedia":[{"embeddable":true,"href":"https:\/\/www.europesays.com\/fr\/wp-json\/wp\/v2\/media\/467122"}],"wp:attachment":[{"href":"https:\/\/www.europesays.com\/fr\/wp-json\/wp\/v2\/media?parent=467121"}],"wp:term":[{"taxonomy":"category","embeddable":true,"href":"https:\/\/www.europesays.com\/fr\/wp-json\/wp\/v2\/categories?post=467121"},{"taxonomy":"post_tag","embeddable":true,"href":"https:\/\/www.europesays.com\/fr\/wp-json\/wp\/v2\/tags?post=467121"}],"curies":[{"name":"wp","href":"https:\/\/api.w.org\/{rel}","templated":true}]}}