{"id":467125,"date":"2025-10-16T10:06:12","date_gmt":"2025-10-16T10:06:12","guid":{"rendered":"https:\/\/www.europesays.com\/fr\/467125\/"},"modified":"2025-10-16T10:06:12","modified_gmt":"2025-10-16T10:06:12","slug":"qui-adopterait-le-lapin-butter-grandes-oreilles-origines-mysterieuses-age-inconnu","status":"publish","type":"post","link":"https:\/\/www.europesays.com\/fr\/467125\/","title":{"rendered":"qui adopterait le lapin Butter, grandes oreilles, origines myst\u00e9rieuses, \u00e2ge inconnu\u00a0?"},"content":{"rendered":"<p>Butter est un lapin t\u00eate de lion m\u00e2le st\u00e9rilis\u00e9, d\u2019\u00e2ge inconnu. Il est vaccin\u00e9. Il est arriv\u00e9 au refuge le 4\u00a0septembre 025.<\/p>\n<p>Son histoire\u00a0: Butter \u00e9tant pass\u00e9 par la fourri\u00e8re, <a href=\"https:\/\/www.dna.fr\/societe\/2025\/06\/06\/crise-a-la-spa-20-salaries-refusent-que-la-directrice-soit-poussee-vers-la-sortie\" target=\"_blank\" rel=\"noopener\">la SPA<\/a> ne conna\u00eet malheureusement rien de son parcours. Mais sait d\u00e9j\u00e0 qu\u2019il s\u2019agit d\u2019un b\u00e9lier d\u2019\u00e9lite, doux et collant comme du peanut butter&#8230; C\u2019est un pinpin au temp\u00e9rament doux et tranquille, mais derri\u00e8re cette s\u00e9r\u00e9nit\u00e9 apparente, il y a un petit lapin qui, une fois en confiance dans son foyer, pourrait bien r\u00e9v\u00e9ler toute sa curiosit\u00e9 et son \u00e9nergie.<\/p>\n<p>Ce contenu est bloqu\u00e9 car vous n&rsquo;avez pas accept\u00e9 les cookies et autres traceurs.<\/p>\n<p>En cliquant sur \u00ab J\u2019accepte \u00bb, les cookies et autres traceurs seront d\u00e9pos\u00e9s et vous pourrez visualiser les contenus  (<a href=\"\" class=\"consentModule_policy\" target=\"_blank\" title=\"Consulter la politique de protection des donn\u00e9es du fournisseur\">plus d&rsquo;informations<\/a>).<\/p>\n<p>En cliquant sur \u00ab J\u2019accepte tous les cookies \u00bb, vous autorisez des d\u00e9p\u00f4ts de cookies et autres traceurs pour le stockage de vos donn\u00e9es sur nos sites et applications \u00e0 des fins de personnalisation et de ciblage publicitaire.<\/p>\n<p class=\"consentModule_secondaryText\">Vous gardez la possibilit\u00e9 de retirer votre consentement \u00e0 tout moment en consultant notre <a href=\"https:\/\/www.dna.fr\/protection-des-donnees\" target=\"_blank\" title=\"Consulter notre politique de protection des donn\u00e9es\" rel=\"noopener\">politique de protection des donn\u00e9es<\/a>. <br \/>&#13;<br \/>\n            <a href=\"https:\/\/www.dna.fr\/societe\/2025\/10\/16\/javascript:Didomi.notice.show()\" class=\"consentModule_cmp\" target=\"_blank\" rel=\"noopener\">G\u00e9rer mes choix<\/a>&#13;\n        <\/p>\n<p>&#13;<br \/>\n                        J&rsquo;accepte&#13;<br \/>\n            J&rsquo;accepte tous les cookies&#13;\n        <\/p>\n<p> Grand fan de pissenlit et de petites friandises, on peut dire que Butter est un v\u00e9ritable petit estomac sur pattounes. Rien ne lui r\u00e9siste, pas m\u00eame les d\u00e9licieuses fanes de carottes\u00a0! C\u2019est un b\u00e9lier, bien \u00e9videmment qu\u2019il vous touchera en plein c\u0153ur rapidement\u00a0! Mais n\u2019oubliez pas que les lapins b\u00e9liers sont sujets aux otites. Une vie en totale libert\u00e9 serait le top pour lui. \u00a0<\/p>\n<p>La SPA recherche un foyer pouvant lui offrir une vie en semi-libert\u00e9 ou en libert\u00e9 totale, et dans l\u2019id\u00e9al en collocation avec une lagomorphe femelle st\u00e9rilis\u00e9e. Prenez contact \u00e0 la SPA de Strasbourg, 7 rue de l\u2019Entenloch \u00e0 Strasbourg-Cronenbourg, 03\u00a088\u00a034\u00a067\u00a067 accueil@spa-strasbourg.org\u00a0; nacs@spa-strasbourg.org<\/p>\n<p class=\"note\">www.spa-strasbourg.org<\/p>\n","protected":false},"excerpt":{"rendered":"Butter est un lapin t\u00eate de lion m\u00e2le st\u00e9rilis\u00e9, d\u2019\u00e2ge inconnu. Il est vaccin\u00e9. Il est arriv\u00e9 au&hellip;\n","protected":false},"author":2,"featured_media":467126,"comment_status":"","ping_status":"","sticky":false,"template":"","format":"standard","meta":{"footnotes":""},"categories":[2820],"tags":[1111,11,1867,2880,1777,674,107,1011,27,775,12,25,104,640,2879],"class_list":{"0":"post-467125","1":"post","2":"type-post","3":"status-publish","4":"format-standard","5":"has-post-thumbnail","7":"category-strasbourg","8":"tag-actu","9":"tag-actualites","10":"tag-animaux","11":"tag-edition-strasbourg","12":"tag-eu","13":"tag-europe","14":"tag-fil-info","15":"tag-fr","16":"tag-france","17":"tag-grand-est","18":"tag-news","19":"tag-republique-francaise","20":"tag-societe","21":"tag-strasbourg","22":"tag-strasbourg-ville"},"share_on_mastodon":{"url":"https:\/\/pubeurope.com\/@fr\/115383290098999640","error":""},"_links":{"self":[{"href":"https:\/\/www.europesays.com\/fr\/wp-json\/wp\/v2\/posts\/467125","targetHints":{"allow":["GET"]}}],"collection":[{"href":"https:\/\/www.europesays.com\/fr\/wp-json\/wp\/v2\/posts"}],"about":[{"href":"https:\/\/www.europesays.com\/fr\/wp-json\/wp\/v2\/types\/post"}],"author":[{"embeddable":true,"href":"https:\/\/www.europesays.com\/fr\/wp-json\/wp\/v2\/users\/2"}],"replies":[{"embeddable":true,"href":"https:\/\/www.europesays.com\/fr\/wp-json\/wp\/v2\/comments?post=467125"}],"version-history":[{"count":0,"href":"https:\/\/www.europesays.com\/fr\/wp-json\/wp\/v2\/posts\/467125\/revisions"}],"wp:featuredmedia":[{"embeddable":true,"href":"https:\/\/www.europesays.com\/fr\/wp-json\/wp\/v2\/media\/467126"}],"wp:attachment":[{"href":"https:\/\/www.europesays.com\/fr\/wp-json\/wp\/v2\/media?parent=467125"}],"wp:term":[{"taxonomy":"category","embeddable":true,"href":"https:\/\/www.europesays.com\/fr\/wp-json\/wp\/v2\/categories?post=467125"},{"taxonomy":"post_tag","embeddable":true,"href":"https:\/\/www.europesays.com\/fr\/wp-json\/wp\/v2\/tags?post=467125"}],"curies":[{"name":"wp","href":"https:\/\/api.w.org\/{rel}","templated":true}]}}