{"id":467127,"date":"2025-10-16T10:07:17","date_gmt":"2025-10-16T10:07:17","guid":{"rendered":"https:\/\/www.europesays.com\/fr\/467127\/"},"modified":"2025-10-16T10:07:17","modified_gmt":"2025-10-16T10:07:17","slug":"la-brasserie-boehm-au-coeur-dune-future-serie-pour-france-2","status":"publish","type":"post","link":"https:\/\/www.europesays.com\/fr\/467127\/","title":{"rendered":"la brasserie Bo\u00ebhm au c\u0153ur d&rsquo;une future s\u00e9rie pour France 2"},"content":{"rendered":"<p>            Par<br \/>\n        <strong><br \/>\n            <a href=\"https:\/\/actu.fr\/auteur\/ivan-capecchi\" title=\"Consulter tous les articles de Ivan CAPECCHI\" target=\"_blank\" rel=\"noopener\">Ivan CAPECCHI<\/a><br \/>\n        <\/strong><\/p>\n<p>        Publi\u00e9 le<\/p>\n<p>            16 oct. 2025 \u00e0 11h30        <\/p>\n<p>Mercredi, une \u00e9quipe de tournage \u00e9tait visible aux abords de la <a href=\"https:\/\/actu.fr\/grand-est\/strasbourg_67482\/strasbourg-un-restaurant-avec-un-excellent-rapport-qualite-prix-vient-d-ouvrir-en-hypercentre_57773108.html\" target=\"_blank\" rel=\"noopener\">brasserie Bo\u00ebhm<\/a>, nouvelle identit\u00e9 de <a href=\"https:\/\/actu.fr\/grand-est\/strasbourg_67482\/la-chaine-d-or-brasserie-historique-du-centre-ville-de-strasbourg-va-bientot-fermer_53330381.html\" target=\"_blank\" rel=\"noopener\">La Cha\u00eene d\u2019Or<\/a> qui avait ouvert ses portes en 2023 sous la houlette de Pierre Diebold, \u00e9galement derri\u00e8re la <a href=\"https:\/\/actu.fr\/grand-est\/strasbourg_67482\/strasbourg-on-a-teste-en-avant-premiere-la-nouvelle-brasserie-louise-voici-notre-verdict_62450420.html\" target=\"_blank\" rel=\"noopener\">brasserie Louise<\/a>, anciennement \u00ab<a href=\"https:\/\/actu.fr\/grand-est\/strasbourg_67482\/strasbourg-la-celebre-brasserie-de-la-bourse-va-fermer-voici-ce-qui-va-la-remplacer_62022360.html\" target=\"_blank\" rel=\"noopener\">\u2009brasserie de la Bourse<\/a>\u2009\u00bb. Voici ce que l\u2019on sait.<\/p>\n<p>Une mini-s\u00e9rie pour France 2<\/p>\n<p class=\" wall-content\">Il s\u2019agit d\u2019un tournage pour Vice-versa, une <strong>s\u00e9rie<\/strong> de <strong>quatre \u00e9pisodes de 52\u00a0minutes<\/strong> pour France 2. Les interpr\u00e8tes principaux sont <strong>Lola Dewaere<\/strong>, qui a notamment jou\u00e9 dans le t\u00e9l\u00e9film Ligne de Mire et Mince alors\u2009!, un film de <a href=\"https:\/\/cinema.actu.fr\/personne\/55688\" target=\"_blank\" rel=\"noopener\">Charlotte de Turckheim<\/a>, et <strong>Nicolas Gob<\/strong>, aper\u00e7u entre autres dans Les Crevettes paillet\u00e9es.<\/p>\n<p class=\" wall-content\">La r\u00e9alisatrice est <strong>Julie Rohart<\/strong>, connue pour Factice (t\u00e9l\u00e9vision) ou Loup y es-tu\u2009? (cin\u00e9ma).<\/p>\n<p>\u00ab\u2009La brasserie Bo\u00ebhm est un d\u00e9cor important du film\u2009\u00bb<\/p>\n<p class=\" wall-content\">\u00ab\u2009Il s\u2019agira d\u2019une <strong>mini-s\u00e9rie avec une intrigue polici\u00e8re<\/strong>\u2009\u00bb, d\u00e9voile Pascal Lamargot, directeur de production.<\/p>\n<p class=\" wall-content\">\u00ab\u2009Tout le tournage se fait en <a href=\"https:\/\/actu.fr\/tag\/alsace\" target=\"_blank\" rel=\"noopener\">Alsace<\/a>, on y tourne depuis le 7\u00a0octobre et on y sera <strong>jusqu\u2019au 28\u00a0novembre prochain<\/strong>\u2009\u00bb, explique M. Lamargot. \u00ab<strong>\u2009La brasserie Bo\u00ebhm est un d\u00e9cor important de la s\u00e9rie<\/strong>\u2009\u00bb, pr\u00e9cise-t-il.<\/p>\n<p class=\" wall-content\">Pour le moment, la <strong>date de diffusion<\/strong> est inconnue.<\/p>\n<p class=\" wall-content\">Personnalisez votre actualit\u00e9 en ajoutant vos villes et m\u00e9dias en favori avec <a href=\"https:\/\/moncompte.actu.fr\" title=\"D\u00e9couvez Mon Actu\" rel=\"nofollow noopener\" data-trk=\"{&quot;cta&quot;:{&quot;action&quot;:&quot;https:\\\/\\\/moncompte.actu.fr&quot;,&quot;category&quot;:&quot;mon compte&quot;,&quot;from&quot;:&quot;article footer&quot;,&quot;name&quot;:&quot;Mon actu&quot;,&quot;type&quot;:&quot;cta&quot;}}\" target=\"_blank\">Mon Actu<\/a>.<\/p>\n","protected":false},"excerpt":{"rendered":"Par Ivan CAPECCHI Publi\u00e9 le 16 oct. 2025 \u00e0 11h30 Mercredi, une \u00e9quipe de tournage \u00e9tait visible aux&hellip;\n","protected":false},"author":2,"featured_media":467128,"comment_status":"","ping_status":"","sticky":false,"template":"","format":"standard","meta":{"footnotes":""},"categories":[2820],"tags":[1111,11,1777,674,1011,27,775,1652,12,25,1314,640,252],"class_list":{"0":"post-467127","1":"post","2":"type-post","3":"status-publish","4":"format-standard","5":"has-post-thumbnail","7":"category-strasbourg","8":"tag-actu","9":"tag-actualites","10":"tag-eu","11":"tag-europe","12":"tag-fr","13":"tag-france","14":"tag-grand-est","15":"tag-loisirs-culture","16":"tag-news","17":"tag-republique-francaise","18":"tag-series","19":"tag-strasbourg","20":"tag-television"},"share_on_mastodon":{"url":"https:\/\/pubeurope.com\/@fr\/115383294036948693","error":""},"_links":{"self":[{"href":"https:\/\/www.europesays.com\/fr\/wp-json\/wp\/v2\/posts\/467127","targetHints":{"allow":["GET"]}}],"collection":[{"href":"https:\/\/www.europesays.com\/fr\/wp-json\/wp\/v2\/posts"}],"about":[{"href":"https:\/\/www.europesays.com\/fr\/wp-json\/wp\/v2\/types\/post"}],"author":[{"embeddable":true,"href":"https:\/\/www.europesays.com\/fr\/wp-json\/wp\/v2\/users\/2"}],"replies":[{"embeddable":true,"href":"https:\/\/www.europesays.com\/fr\/wp-json\/wp\/v2\/comments?post=467127"}],"version-history":[{"count":0,"href":"https:\/\/www.europesays.com\/fr\/wp-json\/wp\/v2\/posts\/467127\/revisions"}],"wp:featuredmedia":[{"embeddable":true,"href":"https:\/\/www.europesays.com\/fr\/wp-json\/wp\/v2\/media\/467128"}],"wp:attachment":[{"href":"https:\/\/www.europesays.com\/fr\/wp-json\/wp\/v2\/media?parent=467127"}],"wp:term":[{"taxonomy":"category","embeddable":true,"href":"https:\/\/www.europesays.com\/fr\/wp-json\/wp\/v2\/categories?post=467127"},{"taxonomy":"post_tag","embeddable":true,"href":"https:\/\/www.europesays.com\/fr\/wp-json\/wp\/v2\/tags?post=467127"}],"curies":[{"name":"wp","href":"https:\/\/api.w.org\/{rel}","templated":true}]}}