{"id":467129,"date":"2025-10-16T10:08:12","date_gmt":"2025-10-16T10:08:12","guid":{"rendered":"https:\/\/www.europesays.com\/fr\/467129\/"},"modified":"2025-10-16T10:08:12","modified_gmt":"2025-10-16T10:08:12","slug":"pres-de-nice-ce-site-envahi-par-les-touristes-prend-une-mesure-pour-limiter-leur-presence","status":"publish","type":"post","link":"https:\/\/www.europesays.com\/fr\/467129\/","title":{"rendered":"Pr\u00e8s de Nice. Ce site envahi par les touristes prend une mesure pour limiter leur pr\u00e9sence"},"content":{"rendered":"<p>            Par<br \/>\n        <strong><br \/>\n            <a href=\"https:\/\/actu.fr\/auteur\/ugo-maillard\" title=\"Consulter tous les articles de Ugo Maillard\" target=\"_blank\" rel=\"noopener\">Ugo Maillard<\/a><br \/>\n        <\/strong><\/p>\n<p>        Publi\u00e9 le<\/p>\n<p>            16 oct. 2025 \u00e0 11h49        <\/p>\n<p>Une mani\u00e8re de limiter le surtourisme. Lors du conseil municipal de ce mois d\u2019octobre 2025, les \u00e9lus de la Ville d\u2019\u00c8ze (<a href=\"https:\/\/actu.fr\/provence-alpes-cote-d-azur\/alpes-maritimes_06\" target=\"_blank\" rel=\"noopener\">Alpes-Maritimes<\/a>) ont vot\u00e9 en faveur d\u2019une <strong>augmentation du tarif<\/strong> du billet d\u2019entr\u00e9e du Jardin exotique.<\/p>\n<p>    <a href=\"https:\/\/www.google.com\/maps\/embed?pb=!1m18!1m12!1m3!1d12218.635563698586!2d7.361439145788848!3d43.72688021721752!2m3!1f0!2f0!3f0!3m2!1i1024!2i768!4f13.1!3m3!1m2!1s0x12cdc3661041d42f%3A0x500b21ad792a9a09!2sLe%20Jardin%20Exotique!5e0!3m2!1sfr!2sfr!4v1760606001411!5m2!1sfr!2sfr\" title=\"Ouvrie le lien\" target=\"_blank\" rel=\"noopener\">Cliquez ici pour visualiser le contenu<\/a><\/p>\n<p class=\" wall-content\">Ce site, d\u2019une beaut\u00e9 rare et qui offre un panorama \u00e0 couper le souffle sur la C\u00f4te d\u2019Azur, accueille chaque ann\u00e9e <strong>plus de 500\u2009000\u00a0visiteurs<\/strong>.<\/p>\n<p class=\" wall-content\">Un nombre d\u00e9raisonnable selon la mairie qui a d\u00e9cid\u00e9 d\u2019agir.<\/p>\n<p>Deux euros en plus<\/p>\n<p class=\" wall-content\">Dans le petit village d\u2019\u00c8ze, pr\u00e8s de <a href=\"https:\/\/actu.fr\/nice\/\" target=\"_blank\" rel=\"noopener\">Nice<\/a>, les ruelles se garnissent d\u00e8s le printemps de centaines de touristes venus du monde entier. Au terme des d\u00e9ambulations, les visiteurs ont la possibilit\u00e9 de se rendre au Jardin exotique pour profiter du calme et du panorama. Un site qui subit le surtourisme.<\/p>\n<p>    <img   decoding=\"async\" loading=\"lazy\" src=\"https:\/\/www.europesays.com\/fr\/wp-content\/uploads\/2025\/10\/jardin-exotique-eze-960x640.png\" alt=\"La Ville d'Eze, pr\u00e8s de Nice, a fait le choix d'augmenter le billet d'entr\u00e9e du Jardin exotique.\" width=\"960\" height=\"640\"\/><br \/>\n    La Ville d\u2019Eze, pr\u00e8s de Nice, a fait le choix d\u2019augmenter le billet d\u2019entr\u00e9e du Jardin exotique. (\u00a9Ugo Maillard \/ actu Nice)<\/p>\n<p class=\" wall-content\">Pour le r\u00e9guler, la mairie change sa grille tarifaire. Le billet d\u2019entr\u00e9e passe <strong>de 8 \u00e0 10\u00a0euros<\/strong>.<\/p>\n<p>Votre r\u00e9gion, votre actu !<\/p>\n<p>Recevez chaque jour les infos qui comptent pour vous.<\/p>\n<p>\t<a href=\"https:\/\/actu.fr\/newsletter\" class=\"ac-btn ac-btn--corner ac-btn--medium ac-btn--blue800\" target=\"_blank\" rel=\"noopener\">S&rsquo;incrire<\/a><\/p>\n<p class=\" wall-content\">Une mesure qui pourrait repousser les touristes\u2009? L\u2019avenir le dira.<\/p>\n<p class=\" wall-content\">Personnalisez votre actualit\u00e9 en ajoutant vos villes et m\u00e9dias en favori avec <a href=\"https:\/\/moncompte.actu.fr\" title=\"D\u00e9couvez Mon Actu\" rel=\"nofollow noopener\" data-trk=\"{&quot;cta&quot;:{&quot;action&quot;:&quot;https:\\\/\\\/moncompte.actu.fr&quot;,&quot;category&quot;:&quot;mon compte&quot;,&quot;from&quot;:&quot;article footer&quot;,&quot;name&quot;:&quot;Mon actu&quot;,&quot;type&quot;:&quot;cta&quot;}}\" target=\"_blank\">Mon Actu<\/a>.<\/p>\n","protected":false},"excerpt":{"rendered":"Par Ugo Maillard Publi\u00e9 le 16 oct. 2025 \u00e0 11h49 Une mani\u00e8re de limiter le surtourisme. Lors du&hellip;\n","protected":false},"author":2,"featured_media":467130,"comment_status":"","ping_status":"","sticky":false,"template":"","format":"standard","meta":{"footnotes":""},"categories":[2819],"tags":[1111,11,1777,674,1011,27,1305,12,2401,882,25,602],"class_list":{"0":"post-467129","1":"post","2":"type-post","3":"status-publish","4":"format-standard","5":"has-post-thumbnail","7":"category-nice","8":"tag-actu","9":"tag-actualites","10":"tag-eu","11":"tag-europe","12":"tag-fr","13":"tag-france","14":"tag-lifestyle","15":"tag-news","16":"tag-nice","17":"tag-provence-alpes-cote-dazur","18":"tag-republique-francaise","19":"tag-tourisme"},"share_on_mastodon":{"url":"https:\/\/pubeurope.com\/@fr\/115383298711873910","error":""},"_links":{"self":[{"href":"https:\/\/www.europesays.com\/fr\/wp-json\/wp\/v2\/posts\/467129","targetHints":{"allow":["GET"]}}],"collection":[{"href":"https:\/\/www.europesays.com\/fr\/wp-json\/wp\/v2\/posts"}],"about":[{"href":"https:\/\/www.europesays.com\/fr\/wp-json\/wp\/v2\/types\/post"}],"author":[{"embeddable":true,"href":"https:\/\/www.europesays.com\/fr\/wp-json\/wp\/v2\/users\/2"}],"replies":[{"embeddable":true,"href":"https:\/\/www.europesays.com\/fr\/wp-json\/wp\/v2\/comments?post=467129"}],"version-history":[{"count":0,"href":"https:\/\/www.europesays.com\/fr\/wp-json\/wp\/v2\/posts\/467129\/revisions"}],"wp:featuredmedia":[{"embeddable":true,"href":"https:\/\/www.europesays.com\/fr\/wp-json\/wp\/v2\/media\/467130"}],"wp:attachment":[{"href":"https:\/\/www.europesays.com\/fr\/wp-json\/wp\/v2\/media?parent=467129"}],"wp:term":[{"taxonomy":"category","embeddable":true,"href":"https:\/\/www.europesays.com\/fr\/wp-json\/wp\/v2\/categories?post=467129"},{"taxonomy":"post_tag","embeddable":true,"href":"https:\/\/www.europesays.com\/fr\/wp-json\/wp\/v2\/tags?post=467129"}],"curies":[{"name":"wp","href":"https:\/\/api.w.org\/{rel}","templated":true}]}}