{"id":467131,"date":"2025-10-16T10:09:17","date_gmt":"2025-10-16T10:09:17","guid":{"rendered":"https:\/\/www.europesays.com\/fr\/467131\/"},"modified":"2025-10-16T10:09:17","modified_gmt":"2025-10-16T10:09:17","slug":"pres-de-nice-il-filme-le-comportement-dangereux-dun-chauffeur-de-bus-lignes-dazur-la-video-devient-virale","status":"publish","type":"post","link":"https:\/\/www.europesays.com\/fr\/467131\/","title":{"rendered":"Pr\u00e8s de Nice. Il filme le comportement dangereux d&rsquo;un chauffeur de bus Lignes d&rsquo;Azur, la vid\u00e9o devient virale"},"content":{"rendered":"<p>            Par<br \/>\n        <strong><br \/>\n            <a href=\"https:\/\/actu.fr\/auteur\/arthur-frand\" title=\"Consulter tous les articles de Arthur Frand\" rel=\"nofollow noopener\" target=\"_blank\">Arthur Frand<\/a><br \/>\n        <\/strong><\/p>\n<p>        Publi\u00e9 le<\/p>\n<p>            16 oct. 2025 \u00e0 11h13        <\/p>\n<p>La vid\u00e9o captur\u00e9e \u00e0 <a href=\"https:\/\/actu.fr\/provence-alpes-cote-d-azur\/beaulieu-sur-mer_06011\" rel=\"nofollow noopener\" target=\"_blank\">Beaulieu-sur-Mer<\/a>\u00a0dure un <strong>peu plus de 2\u00a0minutes<\/strong> et a tr\u00e8s vite \u00e9t\u00e9 virale sur Instagram\u2009: 25000 likes et plusieurs milliers de partages. ErDoZz, motard cannois passionn\u00e9 aux 208000 abonn\u00e9s sur le r\u00e9seau social, poste r\u00e9guli\u00e8rement des vid\u00e9os de ses trajets gr\u00e2ce \u00e0 une cam\u00e9ra fix\u00e9e sur son casque.<\/p>\n<p>    <a href=\"https:\/\/www.google.com\/maps\/embed?pb=!1m18!1m12!1m3!1d13023.595076804828!2d7.3220921201437035!3d43.70809799875764!2m3!1f0!2f0!3f0!3m2!1i1024!2i768!4f13.1!3m3!1m2!1s0x12cddb4ad7495ecb%3A0x40819a5fd979f40!2sBeaulieu-sur-Mer!5e1!3m2!1sfr!2sfr!4v1760604320886!5m2!1sfr!2sfr\" title=\"Ouvrie le lien\" rel=\"nofollow noopener\" target=\"_blank\">Cliquez ici pour visualiser le contenu<\/a><\/p>\n<p class=\" wall-content\">Ce mardi 14\u00a0octobre, il a publi\u00e9 des images datant du 6\u00a0octobre vers 16h30, qui montrent la <strong>conduite dangereuse<\/strong> d\u2019un chauffeur de bus <a href=\"https:\/\/actu.fr\/nice\/\" rel=\"nofollow noopener\" target=\"_blank\">Lignes d\u2019Azur<\/a> sur une route de Beaulieu-sur-Mer dans les <a href=\"https:\/\/actu.fr\/provence-alpes-cote-d-azur\/alpes-maritimes_06\" rel=\"nofollow noopener\" target=\"_blank\">Alpes-Maritimes<\/a>. La compagnie de transports a r\u00e9agi en <strong>condamnant ce comportement<\/strong> d\u2019un chauffeur sous-traitant.<\/p>\n<p>Un d\u00e9passement dangereux dans une zone limit\u00e9e \u00e0 30<\/p>\n<p class=\" wall-content\">Sur la vid\u00e9o, on aper\u00e7oit un bus rouge du r\u00e9seau Lignes d\u2019Azur, sur une route de Beaulieu-sur-Mer en direction de Plateau de Justice (ligne 83), effectuer <b>doubler le motard. <\/b>Malgr\u00e9 la pr\u00e9sence d\u2019une ligne blanche, qui <strong>interdit le d\u00e9passement<\/strong>\u2009et dans une <strong>zone limit\u00e9e \u00e0 30km\/h.<\/strong> \u00ab\u2009Oh la vache\u2026 Mais qu\u2019est-ce qu\u2019il fait, il a son boulot en jeu\u2009\u00bb, s\u2019\u00e9tonne alors le motard, qui raconte avoir \u00e9t\u00e9 coll\u00e9 sur plusieurs centaines de m\u00e8tres.<\/p>\n<p class=\" wall-content\"><a href=\"https:\/\/www.instagram.com\/reel\/DPyz3k5CEAS\/embed\" title=\"Ouvrir le lien sur Instagram\" rel=\"nofollow noopener\" target=\"_blank\">Visualiser le contenu sur Instagram<\/a><\/p>\n<p>\u00ab\u2009Je n\u2019ai pas besoin de tes conseils merci\u2009\u00bb<\/p>\n<p class=\" wall-content\">Le motard retrouve ensuite le chauffeur de bus \u00e0 un feu de chantier rouge et <strong>l\u2019interpelle<\/strong>.<br \/>\u00ab\u2009Je passe dix fois par jour sur cette route. Je n\u2019ai pas besoin de tes conseils, c\u2019est gentil. Tu n\u2019as qu\u2019\u00e0 rester \u00e0 droite, pourquoi tu restes au milieu\u2009?\u2009\u00bb, tente de se justifier le chauffeur de bus. Ce dernier apprend qu\u2019il est film\u00e9 et semble ensuite conscient qu\u2019il risque un licenciement si l\u2019information remonte jusqu\u2019\u00e0 son employeur. \u00ab\u2009Si vous voulez que je perde mon emploi, faites-le, merci\u2009\u00bb.<\/p>\n<p class=\" wall-content\">Le motard, Arnaud de son pr\u00e9nom, lui, regrette alors de ne pas avoir simplement quelques excuses de la part du chauffeur de bus.<\/p>\n<p>Votre r\u00e9gion, votre actu !<\/p>\n<p>Recevez chaque jour les infos qui comptent pour vous.<\/p>\n<p>\t<a href=\"https:\/\/actu.fr\/newsletter\" class=\"ac-btn ac-btn--corner ac-btn--medium ac-btn--blue800\" rel=\"nofollow noopener\" target=\"_blank\">S&rsquo;incrire<\/a><br \/>\nLe r\u00e9seau Ligne d\u2019Azur condamne et demande des sanctions<\/p>\n<p class=\" wall-content\">Interpell\u00e9e sur les r\u00e9seaux sociaux, la compagnie Lignes d\u2019Azur a r\u00e9agi via un communiqu\u00e9 ce mercredi 15\u00a0octobre. Elle <strong>condamne<\/strong> \u00ab\u2009avec la plus grande fermet\u00e9 cette conduite dangereuse et inacceptable d\u2019un chauffeur \u00ab\u2009et\u2009\u00bb cette attitude contraire aux valeurs de s\u00e9curit\u00e9 et de respect port\u00e9es par le r\u00e9seau\u2009\u00bb.<\/p>\n<p class=\" wall-content\">Pour les trajets sur la ligne n\u00b0\u00a083, Lignes d\u2019Azur <strong>d\u00e9clare sous-traiter<\/strong> ses services \u00e0 Suma. La R\u00e9gie a demand\u00e9 \u00e0 l\u2019entreprise de \u00ab\u2009prendre des sanctions exemplaires et imm\u00e9diates\u2009\u00bb \u00e0 l\u2019encontre du chauffeur. Lignes d\u2019Azur pr\u00e9cise aussi qu\u2019un \u00ab\u2009rappel strict des consignes sera effectu\u00e9 \u00e0 tous les sous-traitants\u2009\u00bb.<\/p>\n<p class=\" wall-content\">Le motard, Arnaud de son pr\u00e9nom, a \u00e9galement eu un retour de la compagnie Lignes d\u2019Azur. \u00ab\u2009Sachez que nous avons imm\u00e9diatement transmis votre signalement aupr\u00e8s du service concern\u00e9. Nous ne manquerons pas de revenir vers vous d\u00e8s retour de leur part\u2009\u00bb, lui a \u00e9crit le service client.<\/p>\n<p class=\" wall-content\">Personnalisez votre actualit\u00e9 en ajoutant vos villes et m\u00e9dias en favori avec <a href=\"https:\/\/moncompte.actu.fr\" title=\"D\u00e9couvez Mon Actu\" rel=\"nofollow noopener\" data-trk=\"{&quot;cta&quot;:{&quot;action&quot;:&quot;https:\\\/\\\/moncompte.actu.fr&quot;,&quot;category&quot;:&quot;mon compte&quot;,&quot;from&quot;:&quot;article footer&quot;,&quot;name&quot;:&quot;Mon actu&quot;,&quot;type&quot;:&quot;cta&quot;}}\" target=\"_blank\">Mon Actu<\/a>.<\/p>\n<p>                    <script async src=\"\/\/www.instagram.com\/embed.js\"><\/script><\/p>\n","protected":false},"excerpt":{"rendered":"Par Arthur Frand Publi\u00e9 le 16 oct. 2025 \u00e0 11h13 La vid\u00e9o captur\u00e9e \u00e0 Beaulieu-sur-Mer\u00a0dure un peu plus&hellip;\n","protected":false},"author":2,"featured_media":467132,"comment_status":"","ping_status":"","sticky":false,"template":"","format":"standard","meta":{"footnotes":""},"categories":[2819],"tags":[1111,11,1777,674,1011,27,14554,12,2401,882,25,104,2803],"class_list":{"0":"post-467131","1":"post","2":"type-post","3":"status-publish","4":"format-standard","5":"has-post-thumbnail","7":"category-nice","8":"tag-actu","9":"tag-actualites","10":"tag-eu","11":"tag-europe","12":"tag-fr","13":"tag-france","14":"tag-lignes-dazur","15":"tag-news","16":"tag-nice","17":"tag-provence-alpes-cote-dazur","18":"tag-republique-francaise","19":"tag-societe","20":"tag-transport"},"share_on_mastodon":{"url":"https:\/\/pubeurope.com\/@fr\/115383301914788172","error":""},"_links":{"self":[{"href":"https:\/\/www.europesays.com\/fr\/wp-json\/wp\/v2\/posts\/467131","targetHints":{"allow":["GET"]}}],"collection":[{"href":"https:\/\/www.europesays.com\/fr\/wp-json\/wp\/v2\/posts"}],"about":[{"href":"https:\/\/www.europesays.com\/fr\/wp-json\/wp\/v2\/types\/post"}],"author":[{"embeddable":true,"href":"https:\/\/www.europesays.com\/fr\/wp-json\/wp\/v2\/users\/2"}],"replies":[{"embeddable":true,"href":"https:\/\/www.europesays.com\/fr\/wp-json\/wp\/v2\/comments?post=467131"}],"version-history":[{"count":0,"href":"https:\/\/www.europesays.com\/fr\/wp-json\/wp\/v2\/posts\/467131\/revisions"}],"wp:featuredmedia":[{"embeddable":true,"href":"https:\/\/www.europesays.com\/fr\/wp-json\/wp\/v2\/media\/467132"}],"wp:attachment":[{"href":"https:\/\/www.europesays.com\/fr\/wp-json\/wp\/v2\/media?parent=467131"}],"wp:term":[{"taxonomy":"category","embeddable":true,"href":"https:\/\/www.europesays.com\/fr\/wp-json\/wp\/v2\/categories?post=467131"},{"taxonomy":"post_tag","embeddable":true,"href":"https:\/\/www.europesays.com\/fr\/wp-json\/wp\/v2\/tags?post=467131"}],"curies":[{"name":"wp","href":"https:\/\/api.w.org\/{rel}","templated":true}]}}