{"id":467133,"date":"2025-10-16T10:10:20","date_gmt":"2025-10-16T10:10:20","guid":{"rendered":"https:\/\/www.europesays.com\/fr\/467133\/"},"modified":"2025-10-16T10:10:20","modified_gmt":"2025-10-16T10:10:20","slug":"neuf-personnes-dont-des-membres-du-clerge-mises-en-cause-pour-des-violences-sexuelles-a-saint-stanislas","status":"publish","type":"post","link":"https:\/\/www.europesays.com\/fr\/467133\/","title":{"rendered":"Neuf personnes, dont des membres du clerg\u00e9, mises en cause pour des violences sexuelles \u00e0 Saint-Stanislas"},"content":{"rendered":"<p>Un mois et demi apr\u00e8s <a href=\"https:\/\/www.20minutes.fr\/faits_divers\/4170212-20250829-nantes-dix-victimes-cinq-pretres-mis-cause-viols-agressions-denonces-college-lycee-prive\" target=\"_blank\" class=\"c-link c-link--is-underlined\" rel=\"noopener\">les r\u00e9v\u00e9lations<\/a> de violences sexuelles au sein de l\u2019\u00e9tablissement catholique <a href=\"https:\/\/www.20minutes.fr\/societe\/4174835-20250923-violences-sexuelles-nantes-plus-soixante-eleves-college-lycee-saint-stanislas-donne-temoignage\" target=\"_blank\" class=\"c-link c-link--is-underlined\" rel=\"noopener\">Saint-Stanislas<\/a>, des plaintes ont \u00e9t\u00e9 d\u00e9pos\u00e9es et des courriers envoy\u00e9s par dizaines. Ces t\u00e9moignages concernent des faits de viols ou de violences sexuelles remontant majoritairement aux ann\u00e9es\u00a01960 au sein du coll\u00e8ge nantais mais aussi dans d\u2019autres \u00e9tablissements de <a href=\"https:\/\/www.20minutes.fr\/societe\/loire-atlantique\/\" target=\"_blank\" class=\"c-link c-link--is-underlined\" rel=\"noopener\">Loire-Atlantique<\/a>.<\/p>\n<p>\u00ab\u00a0La plupart des personnes qui se sont signal\u00e9es ont adress\u00e9 leur courrier de toute la France\u00a0\u00bb, affirme le procureur de la R\u00e9publique de <a href=\"https:\/\/www.20minutes.fr\/nantes\/\" target=\"_blank\" class=\"c-link c-link--is-underlined\" rel=\"noopener\">Nantes<\/a>, Antoine Leroy. Envoy\u00e9es principalement \u00e0 l\u2019\u00e9v\u00each\u00e9, les lettres ont \u00e9t\u00e9 transmises \u00e0 la justice. \u00ab\u00a0D\u2019autres ont \u00e9t\u00e9 adress\u00e9es directement au parquet\u00a0\u00bb et \u00ab\u00a0certaines personnes se sont \u00e9galement rendues dans des commissariats de police pour donner des informations ou d\u00e9poser plainte.\u00a0\u00bb<\/p>\n<p>D\u2019autres \u00e9tablissements cibl\u00e9s<\/p>\n<p>A ce jour, \u00ab\u00a0le parquet de Nantes a \u00e9t\u00e9 destinataire d\u2019un total de 55 courriers\u00a0\u00bb, indique le procureur. 36 proviennent directement de victimes, tandis que 19 courriers ont \u00e9t\u00e9 r\u00e9dig\u00e9s par des t\u00e9moins \u00ab\u00a0c\u2019est-\u00e0-dire des personnes qui n\u2019ont pas \u00e9t\u00e9 les victimes directes de tels agissements mais dont elles ont eu connaissance, parce que les victimes \u00e9taient des proches ou des personnes de leur famille\u00a0\u00bb.<\/p>\n<\/p>\n<p>Sur la totalit\u00e9 des faits d\u00e9nonc\u00e9s, 31 \u00e9voquent des faits commis au coll\u00e8ge Saint-Stanislas, les autres auraient eu lieu dans d\u2019autres \u00e9tablissements catholiques du d\u00e9partement. Le procureur mentionne, sans donner de noms, un deuxi\u00e8me \u00e9tablissement nantais ainsi qu\u2019un \u00e9tablissement \u00e0 <a href=\"https:\/\/www.20minutes.fr\/economie\/saint-nazaire\/\" target=\"_blank\" class=\"c-link c-link--is-underlined\" rel=\"noopener\">Saint-Nazaire<\/a>.<\/p>\n<p>Enqu\u00eates p\u00e9nales<\/p>\n<p>A Saint-Stanislas, les faits \u00e9voqu\u00e9s mentionnent exclusivement des <a href=\"https:\/\/www.20minutes.fr\/faits_divers\/faits-divers-nantes\/4170505-20250902-nantes-surnommait-tateur-victime-ancien-eleve-college-prive-saint-stanislas-temoigne\" target=\"_blank\" class=\"c-link c-link--is-underlined\" rel=\"noopener\">violences d\u2019ordre sexuel<\/a>, \u00ab\u00a0agressions sexuelles ou viols\u00a0\u00bb commis quasi exclusivement dans les ann\u00e9es\u00a01960. Neuf personnes de l\u2019\u00e9tablissement sont mises en cause dans ces courriers, principalement des membres du clerg\u00e9. \u00ab\u00a0Certaines des personnes mises en cause sont d\u00e9sormais d\u00e9c\u00e9d\u00e9es\u00a0\u00bb, pr\u00e9cise Antoine Leroy. Il ajoute que selon les situations, \u00ab\u00a0des enqu\u00eates p\u00e9nales vont \u00eatre diligent\u00e9es\u00a0\u00bb.<\/p>\n","protected":false},"excerpt":{"rendered":"Un mois et demi apr\u00e8s les r\u00e9v\u00e9lations de violences sexuelles au sein de l\u2019\u00e9tablissement catholique Saint-Stanislas, des plaintes&hellip;\n","protected":false},"author":2,"featured_media":467134,"comment_status":"","ping_status":"","sticky":false,"template":"","format":"standard","meta":{"footnotes":""},"categories":[2818],"tags":[1111,11,1267,1067,1777,674,1011,27,303,3047,766,12,2636,1306,25,1265,799],"class_list":{"0":"post-467133","1":"post","2":"type-post","3":"status-publish","4":"format-standard","5":"has-post-thumbnail","7":"category-nantes","8":"tag-actu","9":"tag-actualites","10":"tag-agression-sexuelle","11":"tag-enquete","12":"tag-eu","13":"tag-europe","14":"tag-fr","15":"tag-france","16":"tag-justice","17":"tag-loire-atlantique","18":"tag-nantes","19":"tag-news","20":"tag-pays-de-la-loire","21":"tag-regions","22":"tag-republique-francaise","23":"tag-viol","24":"tag-violences-sexuelles"},"share_on_mastodon":{"url":"https:\/\/pubeurope.com\/@fr\/115383305804208149","error":""},"_links":{"self":[{"href":"https:\/\/www.europesays.com\/fr\/wp-json\/wp\/v2\/posts\/467133","targetHints":{"allow":["GET"]}}],"collection":[{"href":"https:\/\/www.europesays.com\/fr\/wp-json\/wp\/v2\/posts"}],"about":[{"href":"https:\/\/www.europesays.com\/fr\/wp-json\/wp\/v2\/types\/post"}],"author":[{"embeddable":true,"href":"https:\/\/www.europesays.com\/fr\/wp-json\/wp\/v2\/users\/2"}],"replies":[{"embeddable":true,"href":"https:\/\/www.europesays.com\/fr\/wp-json\/wp\/v2\/comments?post=467133"}],"version-history":[{"count":0,"href":"https:\/\/www.europesays.com\/fr\/wp-json\/wp\/v2\/posts\/467133\/revisions"}],"wp:featuredmedia":[{"embeddable":true,"href":"https:\/\/www.europesays.com\/fr\/wp-json\/wp\/v2\/media\/467134"}],"wp:attachment":[{"href":"https:\/\/www.europesays.com\/fr\/wp-json\/wp\/v2\/media?parent=467133"}],"wp:term":[{"taxonomy":"category","embeddable":true,"href":"https:\/\/www.europesays.com\/fr\/wp-json\/wp\/v2\/categories?post=467133"},{"taxonomy":"post_tag","embeddable":true,"href":"https:\/\/www.europesays.com\/fr\/wp-json\/wp\/v2\/tags?post=467133"}],"curies":[{"name":"wp","href":"https:\/\/api.w.org\/{rel}","templated":true}]}}