{"id":467148,"date":"2025-10-16T10:18:11","date_gmt":"2025-10-16T10:18:11","guid":{"rendered":"https:\/\/www.europesays.com\/fr\/467148\/"},"modified":"2025-10-16T10:18:11","modified_gmt":"2025-10-16T10:18:11","slug":"une-audience-solennelle-a-marseille-pour-la-presentation-des-nouveaux-magistrats","status":"publish","type":"post","link":"https:\/\/www.europesays.com\/fr\/467148\/","title":{"rendered":"Une audience solennelle \u00e0 Marseille pour la pr\u00e9sentation des nouveaux magistrats"},"content":{"rendered":"<p>Le d\u00e9cor un brin baroque de la grande salle du tribunal de commerce de <a href=\"https:\/\/www.laprovence.com\/bouches-du-rhone\/marseille-13055\" target=\"_blank\" rel=\"noopener\">Marseille<\/a> est inhabituel pour une audience solennelle de pr\u00e9sentation des nouveaux magistrats\u2026 du tribunal judiciaire. Aucune fac\u00e9tie, mais une contrainte de salle, sympt\u00f4me des difficult\u00e9s mat\u00e9rielles chroniques de la juridiction.<\/p>\n<p>Sur le plan humain, toutefois, le pr\u00e9sident du tribunal judiciaire de Marseille, Olivier Leurent, a cette ann\u00e9e, des raisons de manifester une \u00ab\u00a0grande satisfaction\u00a0\u00bb\u00a0: 19 nouveaux magistrats du si\u00e8ge, pour 15 d\u00e9parts, c\u2019est un solde positif propulsant les effectifs \u00e0 143.<\/p>\n<p>Presque autant qu\u2019\u00e0 Bobigny (151 magistrats du si\u00e8ge). Mais pas encore assez au regard de l\u2019activit\u00e9 du ressort, de ses sp\u00e9cificit\u00e9s, et de stocks de proc\u00e9dures jug\u00e9s \u00ab\u00a0pr\u00e9occupants\u00a0\u00bb par le pr\u00e9sident. Les quatre magistrats du si\u00e8ge suppl\u00e9mentaires, \u00ab\u00a0des renforts urgentissimes r\u00e9clam\u00e9s depuis deux ans\u00a0\u00bb, viendront abonder \u00e0 l\u2019application des peines, au tribunal pour enfants et au JLD, mais pour Olivier Leurent, il en faudrait encore au moins sept de plus.<\/p>\n<p>Un effort n\u00e9cessaire pour absorber les cons\u00e9quences de la terrible ann\u00e9e\u00a02023 sur le plan de la criminalit\u00e9 organis\u00e9e, \u00e0 l\u2019ouverture prochaine des 740 places de prison de&#8230;<\/p>\n","protected":false},"excerpt":{"rendered":"Le d\u00e9cor un brin baroque de la grande salle du tribunal de commerce de Marseille est inhabituel pour&hellip;\n","protected":false},"author":2,"featured_media":467149,"comment_status":"","ping_status":"","sticky":false,"template":"","format":"standard","meta":{"footnotes":""},"categories":[2814],"tags":[17,1111,11,6186,154,1777,674,274,1011,27,884,12,471,27681,882,25,59120,96],"class_list":{"0":"post-467148","1":"post","2":"type-post","3":"status-publish","4":"format-standard","5":"has-post-thumbnail","7":"category-marseille","8":"tag-17","9":"tag-actu","10":"tag-actualites","11":"tag-audience","12":"tag-des","13":"tag-eu","14":"tag-europe","15":"tag-faits-divers-justice","16":"tag-fr","17":"tag-france","18":"tag-marseille","19":"tag-news","20":"tag-pour","21":"tag-presentation","22":"tag-provence-alpes-cote-dazur","23":"tag-republique-francaise","24":"tag-solennelle","25":"tag-une"},"share_on_mastodon":{"url":"https:\/\/pubeurope.com\/@fr\/115383337362306849","error":""},"_links":{"self":[{"href":"https:\/\/www.europesays.com\/fr\/wp-json\/wp\/v2\/posts\/467148","targetHints":{"allow":["GET"]}}],"collection":[{"href":"https:\/\/www.europesays.com\/fr\/wp-json\/wp\/v2\/posts"}],"about":[{"href":"https:\/\/www.europesays.com\/fr\/wp-json\/wp\/v2\/types\/post"}],"author":[{"embeddable":true,"href":"https:\/\/www.europesays.com\/fr\/wp-json\/wp\/v2\/users\/2"}],"replies":[{"embeddable":true,"href":"https:\/\/www.europesays.com\/fr\/wp-json\/wp\/v2\/comments?post=467148"}],"version-history":[{"count":0,"href":"https:\/\/www.europesays.com\/fr\/wp-json\/wp\/v2\/posts\/467148\/revisions"}],"wp:featuredmedia":[{"embeddable":true,"href":"https:\/\/www.europesays.com\/fr\/wp-json\/wp\/v2\/media\/467149"}],"wp:attachment":[{"href":"https:\/\/www.europesays.com\/fr\/wp-json\/wp\/v2\/media?parent=467148"}],"wp:term":[{"taxonomy":"category","embeddable":true,"href":"https:\/\/www.europesays.com\/fr\/wp-json\/wp\/v2\/categories?post=467148"},{"taxonomy":"post_tag","embeddable":true,"href":"https:\/\/www.europesays.com\/fr\/wp-json\/wp\/v2\/tags?post=467148"}],"curies":[{"name":"wp","href":"https:\/\/api.w.org\/{rel}","templated":true}]}}