{"id":467150,"date":"2025-10-16T10:19:11","date_gmt":"2025-10-16T10:19:11","guid":{"rendered":"https:\/\/www.europesays.com\/fr\/467150\/"},"modified":"2025-10-16T10:19:11","modified_gmt":"2025-10-16T10:19:11","slug":"accuse-de-corruption-de-mineur-le-chef-de-file-eelv-se-met-en-retrait-un-bureau-politique-organise-en-urgence","status":"publish","type":"post","link":"https:\/\/www.europesays.com\/fr\/467150\/","title":{"rendered":"accus\u00e9 de corruption de mineur, le chef de file EELV se met en retrait, un bureau politique organis\u00e9 en urgence"},"content":{"rendered":"<p>\n    Quelques jours seulement apr\u00e8s avoir \u00e9t\u00e9 d\u00e9sign\u00e9 par les \u00e9cologistes pour mener la campagne municipale, Hassen Hammou annonce s\u2019\u00eatre mis en retrait. Il est convoqu\u00e9 le 13 novembre prochain pour corruption de mineur.<\/p>\n<p class=\"fig-paragraph\">Il prend cette d\u00e9cision \u00abafin de prot\u00e9ger le collectif\u00bb. Dans un message post\u00e9 sur X, le tout nouveau chef de file des \u00e9cologistes \u00e0 Marseille pour les municipales,\u00a0<a href=\"http:\/\/www.lefigaro.fr\/marseille\/marseille-le-chef-de-file-eelv-hassen-hammou-convoque-devant-la-justice-pour-corruption-de-mineur-20251015\" data-fig-type=\"NewsFlash\" data-gtm-custom-categorie=\"navigation\" data-gtm-custom-action=\"crossclick\" data-gtm-custom-label=\"Contextuel\" data-gtm-event=\"customEventSPE\" data-fig-domain=\"LEFIGARO\" target=\"_blank\" rel=\"noopener\">Hassen Hammou<\/a>, annonce se \u00abmettre en retrait de sa fonction\u00bb apr\u00e8s les r\u00e9v\u00e9lations de La Provence qui annonce sa convocation devant la justice le 13 novembre prochain pour corruption de mineurs. Cette d\u00e9cision est en vigueur \u00abjusqu\u2019au d\u00e9lib\u00e9r\u00e9\u00bb, pr\u00e9cise Hassen Hammou.<\/p>\n<p class=\"fig-paragraph\">Membre du bureau politique ex\u00e9cutif chez Les \u00c9cologistes-<a href=\"http:\/\/www.lefigaro.fr\/marseille\/municipales-2026-a-marseille-le-dilemme-des-ecologistes-face-a-la-division-de-la-gauche-20250930\" data-fig-type=\"NewsFlash\" data-gtm-custom-categorie=\"navigation\" data-gtm-custom-action=\"crossclick\" data-gtm-custom-label=\"Contextuel\" data-gtm-event=\"customEventSPE\" data-fig-domain=\"LEFIGARO\" target=\"_blank\" rel=\"noopener\">EELV<\/a>, Hassen Hammou est accus\u00e9 de \u00abcorruption de mineur par un moyen de communication \u00e9lectronique\u00bb. Sollicit\u00e9 par l\u2019AFP lors de la publication de l\u2019article du quotidien r\u00e9gional, Hassen Hammou a expliqu\u00e9 avoir \u00abdonn\u00e9 rendez-vous \u00e0 une femme\u00bb en ligne. \u00abJe ne connaissais pas sa minorit\u00e9\u00bb, assure-t-il. Lors de la rencontre, il d\u00e9clare avoir \u00e9t\u00e9 \u00abagress\u00e9 par deux personnes\u00bb qui lui ont vol\u00e9 ses biens. Pour ces faits, \u00abils se sont fait condamner par la justice\u00bb, ajoute-t-il.<\/p>\n<p>                                    <a class=\"fig-a11y-skip a11y-hidden\" href=\"#fig-a11y-skip-main-inarticle\"><br \/>\n        Passer la publicit\u00e9<br \/>\n    <\/a><\/p>\n<p>Deux jours apr\u00e8s son \u00e9lection<\/p>\n<p class=\"fig-paragraph\">L\u2019ancien porte-parole r\u00e9gional d\u2019EELV Paca venait de se faire \u00e9lire, mardi, pour reconduire les Verts dans la coalition d\u2019union de la gauche lors des municipales des 15 et 22 mars prochains. Hassen Hammou avait d\u2019abord refus\u00e9 de se mettre en retrait, se disant \u00abvictime\u00bb d\u2019un \u00abproc\u00e8s politique\u00bb. Sollicit\u00e9e par Le Figaro, la direction nationale du parti fait savoir qu\u2019\u00abun bureau politique sera organis\u00e9 en fin de journ\u00e9e.\u00bb<\/p>\n<p class=\"fig-paragraph\">\u00abJe r\u00e9affirme mon innocence et j\u2019esp\u00e8re que la justice fera toute la lumi\u00e8re sur cette affaire avec impartialit\u00e9 et s\u00e9r\u00e9nit\u00e9, \u00e9crit Hassen Hammou sur X. Je reste profond\u00e9ment attach\u00e9 aux valeurs que nous d\u00e9fendons collectivement et \u00e0 l\u2019action que nous menons au service des Marseillaises et des Marseillais. Cette p\u00e9riode de retrait est pour moi un moment de respect envers nos engagements communs et envers l\u2019institution judiciaire. Je reviendrai plus d\u00e9termin\u00e9 que jamais \u00e0 poursuivre notre travail d\u00e8s que la situation le permettra.\u00bb<\/p>\n","protected":false},"excerpt":{"rendered":"Quelques jours seulement apr\u00e8s avoir \u00e9t\u00e9 d\u00e9sign\u00e9 par les \u00e9cologistes pour mener la campagne municipale, Hassen Hammou annonce&hellip;\n","protected":false},"author":2,"featured_media":467151,"comment_status":"","ping_status":"","sticky":false,"template":"","format":"standard","meta":{"footnotes":""},"categories":[2814],"tags":[1111,11,1770,2286,1777,674,1011,27,884,6636,3554,12,882,25],"class_list":{"0":"post-467150","1":"post","2":"type-post","3":"status-publish","4":"format-standard","5":"has-post-thumbnail","7":"category-marseille","8":"tag-actu","9":"tag-actualites","10":"tag-corruption","11":"tag-eelv","12":"tag-eu","13":"tag-europe","14":"tag-fr","15":"tag-france","16":"tag-marseille","17":"tag-mineurs","18":"tag-municipales","19":"tag-news","20":"tag-provence-alpes-cote-dazur","21":"tag-republique-francaise"},"share_on_mastodon":{"url":"https:\/\/pubeurope.com\/@fr\/115383341155903866","error":""},"_links":{"self":[{"href":"https:\/\/www.europesays.com\/fr\/wp-json\/wp\/v2\/posts\/467150","targetHints":{"allow":["GET"]}}],"collection":[{"href":"https:\/\/www.europesays.com\/fr\/wp-json\/wp\/v2\/posts"}],"about":[{"href":"https:\/\/www.europesays.com\/fr\/wp-json\/wp\/v2\/types\/post"}],"author":[{"embeddable":true,"href":"https:\/\/www.europesays.com\/fr\/wp-json\/wp\/v2\/users\/2"}],"replies":[{"embeddable":true,"href":"https:\/\/www.europesays.com\/fr\/wp-json\/wp\/v2\/comments?post=467150"}],"version-history":[{"count":0,"href":"https:\/\/www.europesays.com\/fr\/wp-json\/wp\/v2\/posts\/467150\/revisions"}],"wp:featuredmedia":[{"embeddable":true,"href":"https:\/\/www.europesays.com\/fr\/wp-json\/wp\/v2\/media\/467151"}],"wp:attachment":[{"href":"https:\/\/www.europesays.com\/fr\/wp-json\/wp\/v2\/media?parent=467150"}],"wp:term":[{"taxonomy":"category","embeddable":true,"href":"https:\/\/www.europesays.com\/fr\/wp-json\/wp\/v2\/categories?post=467150"},{"taxonomy":"post_tag","embeddable":true,"href":"https:\/\/www.europesays.com\/fr\/wp-json\/wp\/v2\/tags?post=467150"}],"curies":[{"name":"wp","href":"https:\/\/api.w.org\/{rel}","templated":true}]}}