{"id":467158,"date":"2025-10-16T10:24:11","date_gmt":"2025-10-16T10:24:11","guid":{"rendered":"https:\/\/www.europesays.com\/fr\/467158\/"},"modified":"2025-10-16T10:24:11","modified_gmt":"2025-10-16T10:24:11","slug":"les-familles-dotages-appellent-israel-a-retarder-lapplication-de-laccord-de-cessez-le-feu","status":"publish","type":"post","link":"https:\/\/www.europesays.com\/fr\/467158\/","title":{"rendered":"les familles d&rsquo;otages appellent Isra\u00ebl \u00e0 retarder l&rsquo;application de l&rsquo;accord de cessez-le-feu"},"content":{"rendered":"<p class=\"c-body__bullet\">Le Forum des familles d&rsquo;otages a appel\u00e9, jeudi 16\u00a0octobre, le gouvernement isra\u00e9lien \u00e0 retarder l&rsquo;application de l&rsquo;accord de cessez-le-feu \u00e0 Gaza, tant que le Hamas n&rsquo;aura pas remis les 19\u00a0derni\u00e8res d\u00e9pouilles d&rsquo;otages promises. Dans un communiqu\u00e9, le Forum exige que \u00ab\u00a0le gouvernement cesse imm\u00e9diatement la mise en \u0153uvre de toute autre \u00e9tape de l&rsquo;accord, tant que le Hamas continue de violer ouvertement ses obligations concernant le retour de tous les otages et les d\u00e9pouilles des victimes\u00a0\u00bb. Suivez notre direct.<\/p>\n<p>\u2022<strong> La date de r\u00e9ouverture du passage de Rafah annonc\u00e9e \u00ab\u00a0ult\u00e9rieurement\u00a0\u00bb. <\/strong>Le Cogat, l&rsquo;organisme du minist\u00e8re de la D\u00e9fense isra\u00e9lien supervisant les activit\u00e9s civiles dans les Territoires palestiniens, a pr\u00e9cis\u00e9 que le passage serait ouvert pour la \u00ab\u00a0circulation des personnes uniquement\u00a0\u00bb. La date sera annonc\u00e9e \u00ab\u00a0une fois que la partie isra\u00e9lienne, en collaboration avec la partie \u00e9gyptienne, aura achev\u00e9 les pr\u00e9paratifs n\u00e9cessaires \u00e0 l&rsquo;ouverture du point de passage\u00a0\u00bb.\u00a0<\/p>\n<p><strong>\u2022 Isra\u00ebl confirme l&rsquo;identification de deux corps d&rsquo;otages isra\u00e9liens<\/strong>. L&rsquo;arm\u00e9e isra\u00e9lienne a annonc\u00e9 avoir identifi\u00e9 les d\u00e9pouilles des otages Inbar Hayman et Mohammad al-Atrash, restitu\u00e9es \u00e0 Isra\u00ebl mercredi soir par le Hamas.\u00a0Sur les 28\u00a0corps que le Hamas d\u00e9tient, neuf ont \u00e9t\u00e9 remis entre lundi et mercredi et identifi\u00e9s par Isra\u00ebl. Un dixi\u00e8me\u00a0corps a \u00e9t\u00e9 remis mardi, mais l&rsquo;arm\u00e9e isra\u00e9lienne a affirm\u00e9 mercredi que cette d\u00e9pouille n&rsquo;\u00e9tait pas celle d&rsquo;un des otages.<\/p>\n<p><strong>\u2022 Isra\u00ebl menace de reprendre les combats. <\/strong>Le ministre de la D\u00e9fense isra\u00e9lien, Isra\u00ebl Katz, a d\u00e9clar\u00e9 mercredi soir que son pays reprendrait les combats dans la bande de Gaza si le Hamas ne respectait pas l&rsquo;accord de cessez-le-feu, estimant que celui-ci n&rsquo;avait pas rendu toutes les d\u00e9pouilles d&rsquo;otages.<\/p>\n<p><strong> Le Hamas dit avoir remis \u00e0 Isra\u00ebl toutes les d\u00e9pouilles d&rsquo;otages.<\/strong> Le mouvement islamiste palestinien <a href=\"https:\/\/www.franceinfo.fr\/monde\/proche-orient\/israel-palestine\/plan-de-paix-a-gaza-le-hamas-dit-avoir-remis-toutes-les-depouilles-d-otages-auxquelles-il-a-pu-acceder_7554643.html\" rel=\"noopener noreferrer nofollow\" data-tooltip-url=\"https:\/\/www.franceinfo.fr\/monde\/proche-orient\/israel-palestine\/plan-de-paix-a-gaza-le-hamas-dit-avoir-remis-toutes-les-depouilles-d-otages-auxquelles-il-a-pu-acceder_7554643.html\" target=\"_blank\">a d\u00e9clar\u00e9<\/a>, mercredi soir, avoir \u00ab\u00a0rempli son engagement en remettant tous les prisonniers isra\u00e9liens vivants dont elle avait la garde, ainsi que les corps auxquels elle a pu avoir acc\u00e8s\u00a0\u00bb. En vertu de l&rsquo;accord de cessez-le-feu, le Hamas <a href=\"https:\/\/www.franceinfo.fr\/monde\/proche-orient\/israel-palestine\/plan-de-paix-pour-gaza-comment-doivent-se-derouler-les-liberations-d-otages-et-de-prisonniers-lundi_7548064.html\" rel=\"noopener noreferrer nofollow\" data-tooltip-url=\"https:\/\/www.franceinfo.fr\/monde\/proche-orient\/israel-palestine\/plan-de-paix-pour-gaza-comment-doivent-se-derouler-les-liberations-d-otages-et-de-prisonniers-lundi_7548064.html\" target=\"_blank\">doit rendre 28 corps d&rsquo;otages<\/a>. Mais il estime que la \u00ab\u00a0r\u00e9cup\u00e9ration et l&rsquo;extraction\u00a0\u00bb des d\u00e9pouilles restantes \u00ab\u00a0n\u00e9cessitent des efforts consid\u00e9rables et un \u00e9quipement sp\u00e9cial\u00a0\u00bb.<\/p>\n","protected":false},"excerpt":{"rendered":"Le Forum des familles d&rsquo;otages a appel\u00e9, jeudi 16\u00a0octobre, le gouvernement isra\u00e9lien \u00e0 retarder l&rsquo;application de l&rsquo;accord de&hellip;\n","protected":false},"author":2,"featured_media":467159,"comment_status":"","ping_status":"","sticky":false,"template":"","format":"standard","meta":{"footnotes":""},"categories":[1888],"tags":[1111,1928,11,1927,1777,674,1011,27,12,1926,626,1925,25],"class_list":{"0":"post-467158","1":"post","2":"type-post","3":"status-publish","4":"format-standard","5":"has-post-thumbnail","7":"category-paris","8":"tag-actu","9":"tag-actu-paris","10":"tag-actualites","11":"tag-actualites-paris","12":"tag-eu","13":"tag-europe","14":"tag-fr","15":"tag-france","16":"tag-news","17":"tag-news-paris","18":"tag-paris","19":"tag-paris-news","20":"tag-republique-francaise"},"share_on_mastodon":{"url":"https:\/\/pubeurope.com\/@fr\/115383360803227505","error":""},"_links":{"self":[{"href":"https:\/\/www.europesays.com\/fr\/wp-json\/wp\/v2\/posts\/467158","targetHints":{"allow":["GET"]}}],"collection":[{"href":"https:\/\/www.europesays.com\/fr\/wp-json\/wp\/v2\/posts"}],"about":[{"href":"https:\/\/www.europesays.com\/fr\/wp-json\/wp\/v2\/types\/post"}],"author":[{"embeddable":true,"href":"https:\/\/www.europesays.com\/fr\/wp-json\/wp\/v2\/users\/2"}],"replies":[{"embeddable":true,"href":"https:\/\/www.europesays.com\/fr\/wp-json\/wp\/v2\/comments?post=467158"}],"version-history":[{"count":0,"href":"https:\/\/www.europesays.com\/fr\/wp-json\/wp\/v2\/posts\/467158\/revisions"}],"wp:featuredmedia":[{"embeddable":true,"href":"https:\/\/www.europesays.com\/fr\/wp-json\/wp\/v2\/media\/467159"}],"wp:attachment":[{"href":"https:\/\/www.europesays.com\/fr\/wp-json\/wp\/v2\/media?parent=467158"}],"wp:term":[{"taxonomy":"category","embeddable":true,"href":"https:\/\/www.europesays.com\/fr\/wp-json\/wp\/v2\/categories?post=467158"},{"taxonomy":"post_tag","embeddable":true,"href":"https:\/\/www.europesays.com\/fr\/wp-json\/wp\/v2\/tags?post=467158"}],"curies":[{"name":"wp","href":"https:\/\/api.w.org\/{rel}","templated":true}]}}