{"id":467160,"date":"2025-10-16T10:25:13","date_gmt":"2025-10-16T10:25:13","guid":{"rendered":"https:\/\/www.europesays.com\/fr\/467160\/"},"modified":"2025-10-16T10:25:13","modified_gmt":"2025-10-16T10:25:13","slug":"europe-paris-avance-londres-et-francfort-stagnent-16-10-2025-a-1156","status":"publish","type":"post","link":"https:\/\/www.europesays.com\/fr\/467160\/","title":{"rendered":"Europe: Paris avance, Londres et Francfort stagnent &#8211; 16\/10\/2025 \u00e0 11:56"},"content":{"rendered":"<p>                                                                Les principales places boursi\u00e8res europ\u00e9ennes \u00e9voluent en ordre dispers\u00e9 ce matin : si Paris gagne 0,8% (apr\u00e8s s&rsquo;\u00eatre arrog\u00e9 2% hier), Francfort et Londres sont compl\u00e8tement atones.<\/p>\n<p>Dans l&rsquo;Hexagone, les march\u00e9s doivent composer avec l&rsquo;incertitude politique. S\u00e9bastien Lecornu vient d&rsquo;\u00e9chapper \u00e0 une premi\u00e8re motion de censure de la LFI. Le locataire de Matignon a pu compter sur le &lsquo;socle commun&rsquo;, un \u00e9quilibre maintenu \u00e0 18 voix pr\u00e8s&#8230;\n<\/p>\n<p>&lsquo;Bbien qu&rsquo;un accord puisse \u00eatre conclu pour maintenir le nouveau gouvernement en place, il est peu probable que cela se traduise par un renforcement des fondamentaux \u00e0 long terme&rsquo;, indique David Zahn, responsable de la gestion obligataire europ\u00e9enne chez Franklin Templeton.\n<\/p>\n<p>&lsquo;Nous anticipons donc que les \u00e9carts de taux des obligations d&rsquo;\u00c9tat fran\u00e7aises resteront volatils dans les mois \u00e0 venir et continuons de privil\u00e9gier une sous-pond\u00e9ration de la France dans les comptes europ\u00e9ens&rsquo;, ajoute l&rsquo;expert.\n<\/p>\n<p>Outre-Manche, l&rsquo;\u00e9conomie britannique a l\u00e9g\u00e8rement rebondi au mois d&rsquo;ao\u00fbt, la bonne sant\u00e9 du secteur industriel ayant permis de plus que compenser la morosit\u00e9 observ\u00e9e dans les services, montrent des donn\u00e9es publi\u00e9es jeudi par l&rsquo;Office national de la statistique (ONS). \u00c0 en croire ces chiffres, le produit int\u00e9rieur brut (PIB) a augment\u00e9 de 0,1% en ao\u00fbt, conform\u00e9ment aux attentes des analystes, apr\u00e8s s&rsquo;\u00eatre contract\u00e9 de 0,1% en juillet.\n<\/p>\n<p>&lsquo;Toutefois, l&rsquo;inflation \u00e9tant encore appel\u00e9e \u00e0 progresser, la Banque d&rsquo;Angleterre devrait tr\u00e8s probablement maintenir ses taux d&rsquo;int\u00e9r\u00eat inchang\u00e9s en novembre&rsquo;, estime Luke Bartholomew, \u00e9conomiste en chef adjoint chez Aberdeen.\n<\/p>\n<p>Sur le compartiment obligataire, le Bund \u00e0 10 ans ressort \u00e0 2,57% (+1 pt), tandis que l&rsquo;OAT de m\u00eame \u00e9ch\u00e9ance \u00e9volue \u00e0 3,35% (+1,8 pt), soit un spread de 78 pb, de retour au niveau pr\u00e9c\u00e9dent la crise politique hexagonale.<br \/>\n<br \/>\u00c0 Londres, le Brent recule de 0,4%, \u00e0 62,2 USD le baril. L&rsquo;euro est stable face au billet vert, \u00e0 1,165 USD.\n<\/p>\n<p>Dans l&rsquo;actualit\u00e9 des soci\u00e9t\u00e9s europ\u00e9ennes, Nordea a publi\u00e9 des r\u00e9sultats trimestriels sup\u00e9rieurs aux attentes, avec un b\u00e9n\u00e9fice op\u00e9rationnel de 1,60 milliard d&rsquo;euros, en repli de 2% mais l\u00e9g\u00e8rement au-dessus des attentes des analystes. Le groupe a b\u00e9n\u00e9fici\u00e9 de la hausse des volumes de pr\u00eats et de d\u00e9p\u00f4ts.\n<\/p>\n<p>Equinor annonce le d\u00e9marrage de la production du champ Bacalhau dans le bassin de Santos (Br\u00e9sil). Avec des r\u00e9serves r\u00e9cup\u00e9rables d\u00e9passant 1 milliard de barils \u00e9quivalent p\u00e9trole, Bacalhau est le plus grand champ offshore international jamais d\u00e9velopp\u00e9 par Equinor.\n<\/p>\n<p>Nestl\u00e9 a fait \u00e9tat ce matin d&rsquo;un chiffre d&rsquo;affaires de 65,9 millions de francs suisses sur la p\u00e9riode allant de janvier \u00e0 septembre, soit un repli de 1,9% en donn\u00e9es publi\u00e9es. Le groupe a aussi fait part de l&rsquo;acc\u00e9l\u00e9ration de son programme de r\u00e9ductions de co\u00fbts, qui va se traduire par la suppression d&rsquo;environ 16 000 postes au cours des deux ans \u00e0 venir.\n<\/p>\n<p>ABB a r\u00e9alis\u00e9 un chiffre d&rsquo;affaires de 9 083 millions de dollars, en croissance de +11% (+9% en comparable) au 3e trimestre 2025. Les commandes sont en hausse de +12% (+9% en comparable) \u00e0 9 143 millions de dollars.\n<\/p>\n<p>EssilorLuxottica annonce l&rsquo;acquisition d&rsquo;Ikerian, une entreprise experte en technologies de sant\u00e9 op\u00e9rant sous la marque &lsquo;RetinAI&rsquo;, sp\u00e9cialis\u00e9e dans l&rsquo;IA et la data.<\/p>\n","protected":false},"excerpt":{"rendered":"Les principales places boursi\u00e8res europ\u00e9ennes \u00e9voluent en ordre dispers\u00e9 ce matin : si Paris gagne 0,8% (apr\u00e8s s&rsquo;\u00eatre&hellip;\n","protected":false},"author":2,"featured_media":7013,"comment_status":"","ping_status":"","sticky":false,"template":"","format":"standard","meta":{"footnotes":""},"categories":[1888],"tags":[400,1111,1928,11,1927,398,408,405,1777,674,1011,27,403,402,399,404,12,1926,626,1925,25,401,406,407],"class_list":{"0":"post-467160","1":"post","2":"type-post","3":"status-publish","4":"format-standard","5":"has-post-thumbnail","7":"category-paris","8":"tag-action-cac-40","9":"tag-actu","10":"tag-actu-paris","11":"tag-actualites","12":"tag-actualites-paris","13":"tag-bourse-de-paris","14":"tag-boursorama","15":"tag-cotations","16":"tag-eu","17":"tag-europe","18":"tag-fr","19":"tag-france","20":"tag-indices-devises","21":"tag-investir","22":"tag-investissement","23":"tag-marche-boursier","24":"tag-news","25":"tag-news-paris","26":"tag-paris","27":"tag-paris-news","28":"tag-republique-francaise","29":"tag-sicav","30":"tag-trackers","31":"tag-warrants"},"share_on_mastodon":{"url":"https:\/\/pubeurope.com\/@fr\/115383364728258648","error":""},"_links":{"self":[{"href":"https:\/\/www.europesays.com\/fr\/wp-json\/wp\/v2\/posts\/467160","targetHints":{"allow":["GET"]}}],"collection":[{"href":"https:\/\/www.europesays.com\/fr\/wp-json\/wp\/v2\/posts"}],"about":[{"href":"https:\/\/www.europesays.com\/fr\/wp-json\/wp\/v2\/types\/post"}],"author":[{"embeddable":true,"href":"https:\/\/www.europesays.com\/fr\/wp-json\/wp\/v2\/users\/2"}],"replies":[{"embeddable":true,"href":"https:\/\/www.europesays.com\/fr\/wp-json\/wp\/v2\/comments?post=467160"}],"version-history":[{"count":0,"href":"https:\/\/www.europesays.com\/fr\/wp-json\/wp\/v2\/posts\/467160\/revisions"}],"wp:featuredmedia":[{"embeddable":true,"href":"https:\/\/www.europesays.com\/fr\/wp-json\/wp\/v2\/media\/7013"}],"wp:attachment":[{"href":"https:\/\/www.europesays.com\/fr\/wp-json\/wp\/v2\/media?parent=467160"}],"wp:term":[{"taxonomy":"category","embeddable":true,"href":"https:\/\/www.europesays.com\/fr\/wp-json\/wp\/v2\/categories?post=467160"},{"taxonomy":"post_tag","embeddable":true,"href":"https:\/\/www.europesays.com\/fr\/wp-json\/wp\/v2\/tags?post=467160"}],"curies":[{"name":"wp","href":"https:\/\/api.w.org\/{rel}","templated":true}]}}