{"id":467161,"date":"2025-10-16T10:26:10","date_gmt":"2025-10-16T10:26:10","guid":{"rendered":"https:\/\/www.europesays.com\/fr\/467161\/"},"modified":"2025-10-16T10:26:10","modified_gmt":"2025-10-16T10:26:10","slug":"un-chef-doeuvre-de-renoir-devoile-a-paris","status":"publish","type":"post","link":"https:\/\/www.europesays.com\/fr\/467161\/","title":{"rendered":"un chef-d&rsquo;oeuvre de Renoir d\u00e9voil\u00e9 \u00e0 Paris"},"content":{"rendered":"<p>Un tableau d\u00a0\u00bbAuguste Renoir a \u00e9t\u00e9 d\u00e9voil\u00e9 ce jeudi 16 octobre \u00e0 Paris \u00e0 l&rsquo;H\u00f4tel Drouot o\u00f9 il sera mis aux ench\u00e8res le 25 novembre prochain. La toile intitul\u00e9e \u00ab\u00a0L&rsquo;enfant et ses jouets &#8211; Gabrielle et le fils de l&rsquo;artiste, Jean\u00a0\u00bb se d\u00e9marque par sa tr\u00e8s grande raret\u00e9.<\/p>\n<p>Un \u00ab\u00a0chef-d&rsquo;oeuvre d&rsquo;intimit\u00e9\u00a0\u00bb du peintre fran\u00e7ais Pierre-Auguste Renoir, dit Auguste Renoir, repr\u00e9sentant son fils Jean Renoir et sa nourrice Gabrielle Renard, a \u00e9t\u00e9 d\u00e9voil\u00e9 jeudi Paris \u00e0 l&rsquo;H\u00f4tel Drouot o\u00f9 il sera mis aux ench\u00e8res le 25 novembre prochain.<\/p>\n<p>Intitul\u00e9 L&rsquo;enfant et ses jouets &#8211; Gabrielle et le fils de l&rsquo;artiste, Jean, ce tableau d&rsquo;une taille de 54&#215;65 cm, peint \u00e0 l&rsquo;huile et en parfait \u00e9tat, \u00ab\u00a0est estim\u00e9 entre 1 million et 1,5 million de fa\u00e7on tr\u00e8s raisonnable\u00a0\u00bb, a expliqu\u00e9 \u00e0 l&rsquo;AFP Christophe Joron-Derem, commissaire-priseur charg\u00e9 de sa vente par sa maison de vente aux ench\u00e8res.<\/p>\n<p>\u00ab\u00a0Ce tableau est une oeuvre tr\u00e8s, tr\u00e8s importante par le format et par la p\u00e9riode. On est vraiment sur une ma\u00eetrise parfaite par Renoir de son art\u00a0\u00bb, souligne Pascal Perrin, historien d&rsquo;art sp\u00e9cialiste de Renoir.<\/p>\n<p>Une peinture qui n&rsquo;a jamais vue<\/p>\n<p>Peint dans les ann\u00e9es 1890-1895, le tableau appartenait \u00e0 Jeanne Baudot, unique \u00e9l\u00e8ve et amie proche du ma\u00eetre. Elle le conserva jusqu&rsquo;\u00e0 sa mort, en 1957, dans sa maison de Louveciennes (Yvelines), o\u00f9 Auguste Renoir avait install\u00e9 son atelier.<\/p>\n<p>L&rsquo;oeuvre fut ensuite l\u00e9gu\u00e9e \u00e0 son \u00ab\u00a0fils spirituel\u00a0\u00bb Jean Griot &#8211; r\u00e9sistant lors de la Seconde Guerre mondiale et membre du cabinet du g\u00e9n\u00e9ral de Gaulle, puis directeur du Figaro dans les ann\u00e9es 1970 &#8211; avant d&rsquo;\u00eatre conserv\u00e9e par ses h\u00e9ritiers jusqu&rsquo;\u00e0 son d\u00e9c\u00e8s, en 2011.<\/p>\n<blockquote class=\"embed embed_quote\"><p>\u00ab\u00a0C&rsquo;est un tableau qui n&rsquo;est jamais sorti de la famille, qui n&rsquo;avait jamais \u00e9t\u00e9 vu et qui n&rsquo;\u00e9tait m\u00eame pas r\u00e9pertori\u00e9 dans les archives Wildenstein\u00a0\u00bb, r\u00e9f\u00e9rence majeure dans le milieu de l&rsquo;art, pr\u00e9cise Christophe Joron-Derem.<\/p><\/blockquote>\n<p>L&rsquo;oeuvre est d\u00e9sormais authentifi\u00e9e et a obtenu un num\u00e9ro de r\u00e9f\u00e9rence pour figurer dans le catalogue raisonn\u00e9 des oeuvres du peintre (inventaire officiel).<\/p>\n<p>Ce tableau repr\u00e9sente Jean Renoir enfant, deuxi\u00e8me fils du peintre et futur r\u00e9alisateur de La Grande Illusion et La R\u00e8gle du jeu, assis sur les genoux de sa nourrice Gabrielle Renard, concentr\u00e9 sur un jeu de petites figurines pos\u00e9es devant lui.<\/p>\n<p>Entr\u00e9e \u00e0 16 ans au service d&rsquo;Aline Charigot, l&rsquo;\u00e9pouse de l&rsquo;artiste, Gabrielle Renard consacra plus de vingt ans \u00e0 l&rsquo;\u00e9ducation des trois fils Renoir. Proche de la famille, elle \u00e9tait l&rsquo;un des mod\u00e8les privil\u00e9gi\u00e9s d&rsquo;Auguste Renoir, apparaissant dans pr\u00e8s de 200 toiles.<\/p>\n<p>Pr\u00e9sent\u00e9e comme un \u00ab\u00a0chef-d&rsquo;oeuvre d&rsquo;intimit\u00e9\u00a0\u00bb, cette peinture se distingue notamment par \u00ab\u00a0sa raret\u00e9\u00a0\u00bb, assure le commissaire-priseur. \u00ab\u00a0On ne conna\u00eet que deux sujets peints de cette fa\u00e7on par Pierre-Auguste Renoir. Une peinture assez semblable est conserv\u00e9e dans les collections de la National Gallery of Art de Washington\u00a0\u00bb, explique-t-il.<\/p>\n","protected":false},"excerpt":{"rendered":"Un tableau d\u00a0\u00bbAuguste Renoir a \u00e9t\u00e9 d\u00e9voil\u00e9 ce jeudi 16 octobre \u00e0 Paris \u00e0 l&rsquo;H\u00f4tel Drouot o\u00f9 il&hellip;\n","protected":false},"author":2,"featured_media":467162,"comment_status":"","ping_status":"","sticky":false,"template":"","format":"standard","meta":{"footnotes":""},"categories":[1888],"tags":[11,1777,674,1011,27,12,626,25],"class_list":{"0":"post-467161","1":"post","2":"type-post","3":"status-publish","4":"format-standard","5":"has-post-thumbnail","7":"category-paris","8":"tag-actualites","9":"tag-eu","10":"tag-europe","11":"tag-fr","12":"tag-france","13":"tag-news","14":"tag-paris","15":"tag-republique-francaise"},"share_on_mastodon":{"url":"https:\/\/pubeurope.com\/@fr\/115383368727905724","error":""},"_links":{"self":[{"href":"https:\/\/www.europesays.com\/fr\/wp-json\/wp\/v2\/posts\/467161","targetHints":{"allow":["GET"]}}],"collection":[{"href":"https:\/\/www.europesays.com\/fr\/wp-json\/wp\/v2\/posts"}],"about":[{"href":"https:\/\/www.europesays.com\/fr\/wp-json\/wp\/v2\/types\/post"}],"author":[{"embeddable":true,"href":"https:\/\/www.europesays.com\/fr\/wp-json\/wp\/v2\/users\/2"}],"replies":[{"embeddable":true,"href":"https:\/\/www.europesays.com\/fr\/wp-json\/wp\/v2\/comments?post=467161"}],"version-history":[{"count":0,"href":"https:\/\/www.europesays.com\/fr\/wp-json\/wp\/v2\/posts\/467161\/revisions"}],"wp:featuredmedia":[{"embeddable":true,"href":"https:\/\/www.europesays.com\/fr\/wp-json\/wp\/v2\/media\/467162"}],"wp:attachment":[{"href":"https:\/\/www.europesays.com\/fr\/wp-json\/wp\/v2\/media?parent=467161"}],"wp:term":[{"taxonomy":"category","embeddable":true,"href":"https:\/\/www.europesays.com\/fr\/wp-json\/wp\/v2\/categories?post=467161"},{"taxonomy":"post_tag","embeddable":true,"href":"https:\/\/www.europesays.com\/fr\/wp-json\/wp\/v2\/tags?post=467161"}],"curies":[{"name":"wp","href":"https:\/\/api.w.org\/{rel}","templated":true}]}}