{"id":467163,"date":"2025-10-16T10:27:14","date_gmt":"2025-10-16T10:27:14","guid":{"rendered":"https:\/\/www.europesays.com\/fr\/467163\/"},"modified":"2025-10-16T10:27:14","modified_gmt":"2025-10-16T10:27:14","slug":"les-gares-du-grand-paris-express-se-parent-de-projets-artistiques","status":"publish","type":"post","link":"https:\/\/www.europesays.com\/fr\/467163\/","title":{"rendered":"Les gares du Grand Paris Express\u00a0se parent de projets artistiques"},"content":{"rendered":"<p>                         <img loading=\"lazy\" decoding=\"async\" src=\"https:\/\/www.europesays.com\/fr\/wp-content\/uploads\/2025\/10\/6a8d32a_upload-1-uovzxeoq418r-313614-perspective-tandem-gare-massy-a-palaiseau-laure-prouvost.png\" alt=\"Vue d\u2019artiste du projet du duo Laure Prouvost-Thomas Richez, \u00e0 la gare de Massy-Palaiseau (Essonne).\"   width=\"664\" height=\"443\"\/>    Vue d\u2019artiste du projet du duo Laure Prouvost-Thomas Richez, \u00e0 la gare de Massy-Palaiseau (Essonne).  LAURE PROUVOST\/ADAGP\/THOMAS RICHEZ\/SOCI\u00c9T\u00c9 DES GRANDS PROJETS                 <\/p>\n<p class=\"article__paragraph  \">Les nouvelles stations du Grand Paris Express \u2013 sur les lignes\u00a014, 15, 16, 17 et 18 \u2013 vont vibrer de cr\u00e9ations pens\u00e9es en dialogue avec l\u2019architecture et le contexte de chaque lieu, en int\u00e9rieur ou en ext\u00e9rieur, sur les murs, les sols, accroch\u00e9es aux plafonds ou dans les airs. L\u2019ensemble des 70\u00a0tandems architecte-artiste retenus pour le r\u00e9seau et ses centres d\u2019exploitation et leurs projets ont \u00e9t\u00e9 d\u00e9voil\u00e9s d\u00e9but octobre.<\/p>\n<p class=\"article__paragraph  \">Lanc\u00e9 en\u00a02015, ce programme de commande publique pilot\u00e9 par la Soci\u00e9t\u00e9 des grands projets voit le jour en 2024, avec 40 projets en cours jusqu\u2019en\u00a02031, et 30 nouveaux qui se concr\u00e9tiseront \u00e0 partir de 2031, pour un budget total de 49\u00a0millions d\u2019euros, dont 20\u00a0millions soutenus par du m\u00e9c\u00e9nat.<\/p>\n<p class=\"article__paragraph  \">Jos\u00e9-Manuel Gon\u00e7alv\u00e8s, le directeur artistique du Grand Paris Express (et, jusqu\u2019en septembre, directeur du Centquatre, \u00e0 Paris), voit cette \u00ab\u00a0collection\u00a0\u00bb d\u2019\u0153uvres d\u2019art p\u00e9rennes int\u00e9gr\u00e9es au parcours des futures gares du Grand Paris Express comme \u00ab\u00a0un pr\u00e9cipit\u00e9 de l\u2019art du XXIe\u00a0si\u00e8cle\u00a0\u00bb. Le choix des artistes a \u00e9t\u00e9 fait par 10\u00a0commissaires \u2013\u00a0parmi lesquels le pr\u00e9sident du Centre Pompidou, Laurent Le Bon, la directrice du Louvre-Lens, Annabelle T\u00e9n\u00e8ze, ou encore le pr\u00e9sident de l\u2019association Bourges 2028, Capitale europ\u00e9enne de la culture, Jean-Fran\u00e7ois Chougnet. Chacun a \u00e0 sa charge de deux \u00e0 huit gares, de la s\u00e9lection de l\u2019artiste, en accord avec l\u2019architecte, au suivi du projet.<\/p>\n<p class=\"reading-mode-only \"><strong>Il vous reste 68.42% de cet article \u00e0 lire. La suite est r\u00e9serv\u00e9e aux abonn\u00e9s.<\/strong><\/p>\n","protected":false},"excerpt":{"rendered":"Vue d\u2019artiste du projet du duo Laure Prouvost-Thomas Richez, \u00e0 la gare de Massy-Palaiseau (Essonne). LAURE PROUVOST\/ADAGP\/THOMAS RICHEZ\/SOCI\u00c9T\u00c9&hellip;\n","protected":false},"author":2,"featured_media":467164,"comment_status":"","ping_status":"","sticky":false,"template":"","format":"standard","meta":{"footnotes":""},"categories":[1888],"tags":[11,1777,674,1011,27,12,626,25],"class_list":{"0":"post-467163","1":"post","2":"type-post","3":"status-publish","4":"format-standard","5":"has-post-thumbnail","7":"category-paris","8":"tag-actualites","9":"tag-eu","10":"tag-europe","11":"tag-fr","12":"tag-france","13":"tag-news","14":"tag-paris","15":"tag-republique-francaise"},"share_on_mastodon":{"url":"https:\/\/pubeurope.com\/@fr\/115383373179177226","error":""},"_links":{"self":[{"href":"https:\/\/www.europesays.com\/fr\/wp-json\/wp\/v2\/posts\/467163","targetHints":{"allow":["GET"]}}],"collection":[{"href":"https:\/\/www.europesays.com\/fr\/wp-json\/wp\/v2\/posts"}],"about":[{"href":"https:\/\/www.europesays.com\/fr\/wp-json\/wp\/v2\/types\/post"}],"author":[{"embeddable":true,"href":"https:\/\/www.europesays.com\/fr\/wp-json\/wp\/v2\/users\/2"}],"replies":[{"embeddable":true,"href":"https:\/\/www.europesays.com\/fr\/wp-json\/wp\/v2\/comments?post=467163"}],"version-history":[{"count":0,"href":"https:\/\/www.europesays.com\/fr\/wp-json\/wp\/v2\/posts\/467163\/revisions"}],"wp:featuredmedia":[{"embeddable":true,"href":"https:\/\/www.europesays.com\/fr\/wp-json\/wp\/v2\/media\/467164"}],"wp:attachment":[{"href":"https:\/\/www.europesays.com\/fr\/wp-json\/wp\/v2\/media?parent=467163"}],"wp:term":[{"taxonomy":"category","embeddable":true,"href":"https:\/\/www.europesays.com\/fr\/wp-json\/wp\/v2\/categories?post=467163"},{"taxonomy":"post_tag","embeddable":true,"href":"https:\/\/www.europesays.com\/fr\/wp-json\/wp\/v2\/tags?post=467163"}],"curies":[{"name":"wp","href":"https:\/\/api.w.org\/{rel}","templated":true}]}}