{"id":467165,"date":"2025-10-16T10:28:10","date_gmt":"2025-10-16T10:28:10","guid":{"rendered":"https:\/\/www.europesays.com\/fr\/467165\/"},"modified":"2025-10-16T10:28:10","modified_gmt":"2025-10-16T10:28:10","slug":"un-concert-donne-a-paris-pour-soutenir-les-musiciens-enfermes-dans-les-geoles-de-poutine","status":"publish","type":"post","link":"https:\/\/www.europesays.com\/fr\/467165\/","title":{"rendered":"Un concert donn\u00e9 \u00e0 Paris pour soutenir les musiciens enferm\u00e9s dans les ge\u00f4les de Poutine"},"content":{"rendered":"<p>            Par<br \/>\n        <strong><br \/>\n            <a href=\"https:\/\/actu.fr\/auteur\/glenn-gillet\" title=\"Consulter tous les articles de Glenn Gillet\" rel=\"nofollow noopener\" target=\"_blank\">Glenn Gillet<\/a><br \/>\n        <\/strong><\/p>\n<p>        Publi\u00e9 le<\/p>\n<p>            16 oct. 2025 \u00e0 12h04        <\/p>\n<p>Ils ne veulent pas arr\u00eater de donner de la voix pour soutenir des <strong>musiciens injustement incarc\u00e9r\u00e9s<\/strong> en <a href=\"https:\/\/actu.fr\/tag\/russie\" rel=\"nofollow noopener\" target=\"_blank\">Russie<\/a>. Sept instrumentistes et une chanteuse se produiront ce jeudi 16 octobre 2025 au sein de l\u2019\u00c9glise Saint-\u00c9phrem-le-Syriaque, dans le 5e arrondissement de Paris, pour \u00ab\u2009soutenir les <strong>prisonniers politiques<\/strong>\u2009\u00bb Andre\u00ef Chabanov, saxophoniste, et Richard Rouz, pianiste, qui purgent actuellement des peines de plusieurs ann\u00e9es de prison pour avoir exprim\u00e9, sur les r\u00e9seaux sociaux, leur opposition vis-\u00e0-vis du r\u00e9gime de <a href=\"https:\/\/actu.fr\/tag\/vladimir-poutine\" rel=\"nofollow noopener\" target=\"_blank\">Vladimir Poutine<\/a> et la <a href=\"https:\/\/actu.fr\/tag\/guerre-en-ukraine\" rel=\"nofollow noopener\" target=\"_blank\">guerre en Ukraine<\/a>.<\/p>\n<p>Emprisonn\u00e9s dans des colonies p\u00e9nitentiaires pour des messages en ligne<\/p>\n<p class=\" wall-content\">Sur des airs de huit compositeurs dont plusieurs Russes (Aleksandr Manotskov et Alexe\u00ef A\u00efgui, Alekse\u00ef Slastnikov tous trois pr\u00e9sents au concert, mais aussi de Gueorgui Sviridov ou encore Sergue\u00ef Rachmaninov), les musiciens joueront entre <strong>18h30 et 20h<\/strong> dans la petite \u00e9glise de la rue des Carmes, en plein quartier latin, afin de r\u00e9colter des fonds destin\u00e9s aux familles des deux prisonniers, comme le relaye Le Monde. L\u2019\u00e9v\u00e9nement est organis\u00e9 avec le soutien de M\u00e9morial France, une association qui promeut notamment \u00ab\u2009la d\u00e9fense des droits aujourd\u2019hui dans les \u00c9tats de l\u2019ex-URSS et de l\u2019ancien \u2018bloc de l\u2019Est\u2019\u2009\u00bb.<\/p>\n<p class=\" wall-content\">Richard Nouz, n\u00e9 \u00e0 dans la ville russe de Kirov d\u2019une famille d\u2019immigr\u00e9s roumains, est dipl\u00f4m\u00e9 du conservatoire de Moscou. Membre du mouvement pro-d\u00e9mocratie Open Russia et organisateurs de manifestations d\u2019oppositions au pouvoir, il est arr\u00eat\u00e9 en avril 2022 et inculp\u00e9 pour avoir publi\u00e9 sur Instagram \u00ab\u2009des informations sur les crimes de l\u2019arm\u00e9e russe \u00e0 Boutcha\u2009\u00bb, <strong>ville ukrainienne martyre<\/strong> o\u00f9 plus de 500 civils ont \u00e9t\u00e9 ex\u00e9cut\u00e9s au d\u00e9but de la guerre en Ukraine. Deux ans apr\u00e8s son arrestation, il est condamn\u00e9 \u00e0 huit ans de d\u00e9tention en colonie p\u00e9nitentiaire, o\u00f9 il est priv\u00e9 de livres et de correspondance.<\/p>\n<p class=\" wall-content\">Andre\u00ef Chabanov, n\u00e9 lui \u00e0 Samara, a \u00e9t\u00e9 perquisitionn\u00e9 en mars\u00a02024 suite \u00e0 \u00ab\u2009un post Facebook critique envers le r\u00e9gime et <strong>appelant \u00e0 la r\u00e9sistance\u2009<\/strong>\u00bb avant d\u2019\u00eatre condamn\u00e9 lui aussi \u00e0 six ans de prison en colonie p\u00e9nitentiaire. Il souffre d\u2019une spondylarthrite ankylosante, une maladie auto-immune incapacitante qui n\u00e9cessite un suivi m\u00e9dical important auquel il n\u2019a pas acc\u00e8s en d\u00e9tention. Une situation m\u00e9dicale qui appara\u00eet comme incompatible avec ses conditions de d\u00e9tention.<\/p>\n<p>Objectif : transmettre des colis aux deux musiciens<\/p>\n<p class=\" wall-content\">\u00ab\u2009Par ce concert, nous exprimons notre <strong>solidarit\u00e9<\/strong> avec ces musiciens injustement condamn\u00e9s en Russie et avec toutes les personnes emprisonn\u00e9es pour leurs convictions. Nous voulons soutenir par ce geste non seulement Andre\u00ef et Richard, mais aussi leurs familles\u2009\u00bb, \u00e9crivent les musiciens dans une d\u00e9claration commune.<\/p>\n<p class=\" wall-content\">Ils pr\u00e9cisent que m\u00eame si l\u2019entr\u00e9e au concert est gratuite (et <a href=\"https:\/\/www.helloasso.com\/associations\/memorial-france\/evenements\/concert-en-soutien-aux-musiciens-prisonniers-politiques-en-russie?fbclid=IwY2xjawNdmX1leHRuA2FlbQIxMQABHrKPJooD8YX0ebfx7NXoFx8lx2h2eaF2g59V3QMD4HdRDfmUPmpKXQBbQdhx_aem_p7zkz-W3EkMaNgeoAR8vrA\" rel=\"nofollow noopener\" target=\"_blank\">r\u00e9servable en ligne<\/a>), les spectateurs sont incit\u00e9s \u00e0 participer \u00e0 la collecte de fonds dont \u00ab\u2009l\u2019int\u00e9gralit\u00e9 sera remise aux familles des prisonniers afin qu\u2019elles puissent leur <strong>transmettre des colis<\/strong>\u2009\u00bb. Vous pouvez \u00e9galement apporter vos lettres destin\u00e9es aux deux musiciens ou prendre contact avec M\u00e9morial France.<\/p>\n<p class=\" wall-content\">Personnalisez votre actualit\u00e9 en ajoutant vos villes et m\u00e9dias en favori avec <a href=\"https:\/\/moncompte.actu.fr\" title=\"D\u00e9couvez Mon Actu\" rel=\"nofollow noopener\" data-trk=\"{&quot;cta&quot;:{&quot;action&quot;:&quot;https:\\\/\\\/moncompte.actu.fr&quot;,&quot;category&quot;:&quot;mon compte&quot;,&quot;from&quot;:&quot;article footer&quot;,&quot;name&quot;:&quot;Mon actu&quot;,&quot;type&quot;:&quot;cta&quot;}}\" target=\"_blank\">Mon Actu<\/a>.<\/p>\n","protected":false},"excerpt":{"rendered":"Par Glenn Gillet Publi\u00e9 le 16 oct. 2025 \u00e0 12h04 Ils ne veulent pas arr\u00eater de donner de&hellip;\n","protected":false},"author":2,"featured_media":467166,"comment_status":"","ping_status":"","sticky":false,"template":"","format":"standard","meta":{"footnotes":""},"categories":[1591],"tags":[11,1697,1887,131,1652,12,1885,1886,132],"class_list":{"0":"post-467165","1":"post","2":"type-post","3":"status-publish","4":"format-standard","5":"has-post-thumbnail","7":"category-russie","8":"tag-actualites","9":"tag-concert","10":"tag-federation-de-russie","11":"tag-guerre-en-ukraine","12":"tag-loisirs-culture","13":"tag-news","14":"tag-russia","15":"tag-russian-federation","16":"tag-russie"},"share_on_mastodon":{"url":"https:\/\/pubeurope.com\/@fr\/115383376616550272","error":""},"_links":{"self":[{"href":"https:\/\/www.europesays.com\/fr\/wp-json\/wp\/v2\/posts\/467165","targetHints":{"allow":["GET"]}}],"collection":[{"href":"https:\/\/www.europesays.com\/fr\/wp-json\/wp\/v2\/posts"}],"about":[{"href":"https:\/\/www.europesays.com\/fr\/wp-json\/wp\/v2\/types\/post"}],"author":[{"embeddable":true,"href":"https:\/\/www.europesays.com\/fr\/wp-json\/wp\/v2\/users\/2"}],"replies":[{"embeddable":true,"href":"https:\/\/www.europesays.com\/fr\/wp-json\/wp\/v2\/comments?post=467165"}],"version-history":[{"count":0,"href":"https:\/\/www.europesays.com\/fr\/wp-json\/wp\/v2\/posts\/467165\/revisions"}],"wp:featuredmedia":[{"embeddable":true,"href":"https:\/\/www.europesays.com\/fr\/wp-json\/wp\/v2\/media\/467166"}],"wp:attachment":[{"href":"https:\/\/www.europesays.com\/fr\/wp-json\/wp\/v2\/media?parent=467165"}],"wp:term":[{"taxonomy":"category","embeddable":true,"href":"https:\/\/www.europesays.com\/fr\/wp-json\/wp\/v2\/categories?post=467165"},{"taxonomy":"post_tag","embeddable":true,"href":"https:\/\/www.europesays.com\/fr\/wp-json\/wp\/v2\/tags?post=467165"}],"curies":[{"name":"wp","href":"https:\/\/api.w.org\/{rel}","templated":true}]}}