{"id":467169,"date":"2025-10-16T10:30:12","date_gmt":"2025-10-16T10:30:12","guid":{"rendered":"https:\/\/www.europesays.com\/fr\/467169\/"},"modified":"2025-10-16T10:30:12","modified_gmt":"2025-10-16T10:30:12","slug":"ce-que-le-shutdown-coute-aux-fonctionnaires-americains","status":"publish","type":"post","link":"https:\/\/www.europesays.com\/fr\/467169\/","title":{"rendered":"ce que le \u201cshutdown\u201d co\u00fbte aux fonctionnaires am\u00e9ricains"},"content":{"rendered":"\n<p>Sur TikTok, le mot-cl\u00e9 #Furlough (\u201cch\u00f4mage technique\u201d) est devenu viral depuis le 1er\u00a0octobre.\u00a0En cause\u00a0: l\u2019annonce du shutdown, fermeture partielle de l\u2019administration f\u00e9d\u00e9rale des \u00c9tats-Unis, qui a mis des centaines de milliers de fonctionnaires f\u00e9d\u00e9raux au ch\u00f4mage technique. Il prendra fin lorsque le Congr\u00e8s parviendra \u00e0 voter le budget et, pour le moment, c\u2019est loin d\u2019\u00eatre gagn\u00e9. Car, <a class=\"ithalc\" data-ithal=\"lien_externe\" data-ithalc=\"[nav_article]\" target=\"_blank\" href=\"https:\/\/www.washingtonpost.com\/business\/2025\/09\/30\/government-shutdown-senate\/\" rel=\"noopener\">d\u2019apr\u00e8s <strong>The Washington Post<\/strong><\/a><strong>,<\/strong> les d\u00e9mocrates refusent de le voter tant que les r\u00e9publicains ne feront pas \u201cdes concessions sur la politique de sant\u00e9\u201d.<\/p>\n<p>Dans ce contexte, de nombreux employ\u00e9s f\u00e9d\u00e9raux racontent leur quotidien en ligne. \u201cSans savoir combien de temps durera le shutdown, certains s\u2019inqui\u00e8tent de la mani\u00e8re dont ils vont subvenir \u00e0 leurs besoins\u201d,<a class=\"ithalc\" data-ithal=\"lien_externe\" data-ithalc=\"[nav_article]\" target=\"_blank\" href=\"https:\/\/www.nytimes.com\/interactive\/2025\/09\/30\/us\/politics\/government-shutdown-furloughs.html\" rel=\"noopener\"> rapporte <strong>The New York Times,<\/strong><\/a><strong> <\/strong>qui a recueilli plusieurs t\u00e9moignages.<\/p>\n<p>Et pour cause\u00a0: pendant toute la dur\u00e9e du shutdown, les employ\u00e9s f\u00e9d\u00e9raux sont en effet mis ch\u00f4mage technique\u00a0: \u201cils ne sont donc ni pay\u00e9s ni autoris\u00e9s \u00e0 travailler, sauf s\u2019ils exercent une profession jug\u00e9e essentielle, comme c\u2019est le cas des agents de s\u00e9curit\u00e9 a\u00e9roportuaire, qui continuent \u00e0 travailler, mais sans salaire\u201d, <a class=\"ithalc\" data-ithal=\"lien_externe\" data-ithalc=\"[nav_article]\" target=\"_blank\" href=\"https:\/\/www.nbcnews.com\/politics\/congress\/mass-firings-doge-federal-workers-shutdown-rcna234847\" rel=\"noopener\">pr\u00e9cise <strong>NBC News.<\/strong><\/a> Les militaires b\u00e9n\u00e9ficient d\u2019une exception puisque Donald Trump a ordonn\u00e9 qu\u2019ils soient pay\u00e9s.<\/p>\n<p>Mais pour d\u2019autres, les cons\u00e9quences du shutdown pourraient \u00eatre bien plus lourdes. La Maison-Blanche a en effet\u00a0laiss\u00e9 entendre que certains employ\u00e9s ne percevraient pas le rappel de salaire pr\u00e9vu par la loi, et Washington envisage m\u00eame de profiter de la situation pour licencier d\u00e9finitivement pr\u00e8s de 4\u00a0000\u00a0fonctionnaires.<\/p>\n<p>Ces mesures viennent d\u2019une certaine mani\u00e8re parachever l\u2019ouvrage du Doge (\u201cd\u00e9partement de l\u2019efficacit\u00e9 gouvernementale\u201d), dirig\u00e9 par le milliardaire et patron de Tesla, Elon Musk, jusqu\u2019au 31\u00a0mai. Entre janvier et mai, le Doge avait notamment pr\u00e9sid\u00e9 \u00e0 des licenciements de masse de fonctionnaires f\u00e9d\u00e9raux, \u00e0 des coupes claires dans de nombreux budgets et au\u00a0<a href=\"https:\/\/www.courrierinternational.com\/article\/etats-unis-pourquoi-elon-musk-veut-la-peau-de-l-usaid-l-agence-americaine-pour-le-developpement_227334\" target=\"_blank\" rel=\"noopener\">d\u00e9mant\u00e8lement de plusieurs institutions, dont l\u2019USAID<\/a>, l\u2019agence de d\u00e9veloppement am\u00e9ricaine, et le<a href=\"https:\/\/www.courrierinternational.com\/article\/etats-unis-trump-s-attelle-au-demantelement-du-ministere-americain-de-l-education_229018\" target=\"_blank\" rel=\"noopener\">\u00a0minist\u00e8re de l\u2019\u00c9ducation<\/a>.<\/p>\n","protected":false},"excerpt":{"rendered":"Sur TikTok, le mot-cl\u00e9 #Furlough (\u201cch\u00f4mage technique\u201d) est devenu viral depuis le 1er\u00a0octobre.\u00a0En cause\u00a0: l\u2019annonce du shutdown, fermeture&hellip;\n","protected":false},"author":2,"featured_media":467170,"comment_status":"","ping_status":"","sticky":false,"template":"","format":"standard","meta":{"footnotes":""},"categories":[1589],"tags":[11,3822,75,73,1866,12,316,56160,1864,1865,1863,308,17344],"class_list":{"0":"post-467169","1":"post","2":"type-post","3":"status-publish","4":"format-standard","5":"has-post-thumbnail","7":"category-etats-unis","8":"tag-actualites","9":"tag-amu00e9riques","10":"tag-donald-trump","11":"tag-etats-unis","12":"tag-etats-unis-damerique","13":"tag-news","14":"tag-politique","15":"tag-shutdown-aux-u00e9tats-unis","16":"tag-united-states","17":"tag-united-states-of-america","18":"tag-us","19":"tag-usa","20":"tag-vidu00e9o"},"share_on_mastodon":{"url":"https:\/\/pubeurope.com\/@fr\/115383384403855091","error":""},"_links":{"self":[{"href":"https:\/\/www.europesays.com\/fr\/wp-json\/wp\/v2\/posts\/467169","targetHints":{"allow":["GET"]}}],"collection":[{"href":"https:\/\/www.europesays.com\/fr\/wp-json\/wp\/v2\/posts"}],"about":[{"href":"https:\/\/www.europesays.com\/fr\/wp-json\/wp\/v2\/types\/post"}],"author":[{"embeddable":true,"href":"https:\/\/www.europesays.com\/fr\/wp-json\/wp\/v2\/users\/2"}],"replies":[{"embeddable":true,"href":"https:\/\/www.europesays.com\/fr\/wp-json\/wp\/v2\/comments?post=467169"}],"version-history":[{"count":0,"href":"https:\/\/www.europesays.com\/fr\/wp-json\/wp\/v2\/posts\/467169\/revisions"}],"wp:featuredmedia":[{"embeddable":true,"href":"https:\/\/www.europesays.com\/fr\/wp-json\/wp\/v2\/media\/467170"}],"wp:attachment":[{"href":"https:\/\/www.europesays.com\/fr\/wp-json\/wp\/v2\/media?parent=467169"}],"wp:term":[{"taxonomy":"category","embeddable":true,"href":"https:\/\/www.europesays.com\/fr\/wp-json\/wp\/v2\/categories?post=467169"},{"taxonomy":"post_tag","embeddable":true,"href":"https:\/\/www.europesays.com\/fr\/wp-json\/wp\/v2\/tags?post=467169"}],"curies":[{"name":"wp","href":"https:\/\/api.w.org\/{rel}","templated":true}]}}