{"id":467188,"date":"2025-10-16T10:43:13","date_gmt":"2025-10-16T10:43:13","guid":{"rendered":"https:\/\/www.europesays.com\/fr\/467188\/"},"modified":"2025-10-16T10:43:13","modified_gmt":"2025-10-16T10:43:13","slug":"quand-marc-nest-pas-la","status":"publish","type":"post","link":"https:\/\/www.europesays.com\/fr\/467188\/","title":{"rendered":"Quand Marc n&rsquo;est pas l\u00e0&#8230;"},"content":{"rendered":"<p>Le GP d&rsquo;Australie s&rsquo;annonce particuli\u00e8rement ouvert. <a href=\"https:\/\/fr.motorsport.com\/driver\/marc-marquez\/92646\/\" target=\"_blank\" rel=\"noopener\">Marc M\u00e1rquez<\/a>, habitu\u00e9 \u00e0 dominer cette ann\u00e9e et vainqueur apr\u00e8s une impressionnante remont\u00e9e en 2024, <a href=\"https:\/\/fr.motorsport.com\/driver\/jorge-martin\/109391\/\" target=\"_blank\" rel=\"noopener\">Jorge Mart\u00edn<\/a>, qui s&rsquo;est battu pour la victoire lors des deux derni\u00e8res saisons, et <a href=\"https:\/\/fr.motorsport.com\/driver\/maverick-vinales\/96553\/\" target=\"_blank\" rel=\"noopener\">Maverick Vi\u00f1ales<\/a>, victorieux en 2018, sont absents, tandis que <a href=\"https:\/\/fr.motorsport.com\/driver\/marco-bezzecchi\/441839\/\" target=\"_blank\" rel=\"noopener\">Marco Bezzecchi<\/a>, en forme derni\u00e8rement, aura ses chances compromises par <a href=\"https:\/\/fr.motorsport.com\/motogp\/news\/bezzecchi-penalise-australie-accrochage-marquez\/10767755\/\" target=\"_blank\" rel=\"noopener\">son double long-lap<\/a> et que le niveau de <a href=\"https:\/\/fr.motorsport.com\/driver\/pecco-bagnaia\/109394\/\" target=\"_blank\" rel=\"noopener\">Pecco Bagnaia<\/a> reste une \u00e9nigme.<\/p>\n<p>Dans ce contexte, l&rsquo;\u00e9tiquette du favori pourrait revenir \u00e0 <a href=\"https:\/\/fr.motorsport.com\/driver\/alex-marquez\/96324\/\" target=\"_blank\" rel=\"noopener\">\u00c1lex M\u00e1rquez<\/a>, qui retrouve en plus un trac\u00e9 plus favorable apr\u00e8s un d\u00e9but de tourn\u00e9e outre-mer qu&rsquo;il redoutait. \u00ab\u00a0On sort de deux week-ends qui \u00e9taient un peu en rouge dans le calendrier, on s&rsquo;attendait \u00e0 y souffrir un peu\u00a0\u00bb, a soulign\u00e9 l&rsquo;actuel deuxi\u00e8me du championnat, interrog\u00e9 par le site du MotoGP. \u00ab\u00a0On a beaucoup souffert au Japon et on a pas mal sauv\u00e9 la situation en Indon\u00e9sie. Maintenant, sur le papier, on arrive sur des circuits bien meilleurs pour nous, ici et surtout la Malaisie qui devrait \u00eatre tr\u00e8s bonne.\u00a0\u00bb<\/p>\n<p>\u00c1lex M\u00e1rquez a conscience que l&rsquo;absence de son fr\u00e8re, particuli\u00e8rement redoutable \u00e0 Phillip Island, pourrait l&rsquo;aider, mais il se m\u00e9fie de ses autres rivaux\u00a0: \u00ab\u00a0Quand Marc n&rsquo;est pas l\u00e0 sur un circuit qui tourne \u00e0 gauche&#8230; Si Marc \u00e9tait l\u00e0, le pourcentage de chance de victoire serait d\u00e9j\u00e0 beaucoup plus faible\u00a0! Il n&rsquo;est pas ici, cela va beaucoup ouvrir les possibilit\u00e9s pour la victoire.\u00a0\u00bb<\/p>\n<p>\u00ab\u00a0Bezzecchi est toujours tr\u00e8s rapide ici, Pecco l&rsquo;est de nouveau, Ferm\u00edn [Aldeguer, vainqueur \u00e0 Mandalika] l&rsquo;a \u00e9t\u00e9 par le pass\u00e9 en Moto2. Ce sera int\u00e9ressant de voir o\u00f9 chacun se situe.\u00a0Je pense que tout le monde se rapproche en cette fin de saison, tous les constructeurs. Ce sera int\u00e9ressant. Il faudra tr\u00e8s bien faire les choses pour ne pas avoir de probl\u00e8me dimanche.\u00a0\u00bb<\/p>\n<p>   <img decoding=\"async\" draggable=\"false\" src=\"https:\/\/www.europesays.com\/fr\/wp-content\/uploads\/2025\/10\/1760611393_25_alex-marquez-gresini-racing.jpg\" alt=\"Alex Marquez, Gresini Racing\" width=\"1200\" height=\"800\" loading=\"lazy\"\/> <\/p>\n<p class=\"title\">\u00c1lex M\u00e1rquez<\/p>\n<p class=\"photographer\">Photo de: Sonny Tumbelaka \/ AFP via Getty Images<\/p>\n<p>Les exp\u00e9riences du pass\u00e9 poussent \u00e9galement le pilote Gresini \u00e0 la prudence, puisque son seul podium \u00e0 Phillip Island remonte au Moto3. En MotoGP, il n&rsquo;a disput\u00e9 sa premi\u00e8re course en Australie qu&rsquo;en 2022, les deux \u00e9ditions pr\u00e9c\u00e9dentes ayant \u00e9t\u00e9 annul\u00e9es, et il n&rsquo;a jamais pu y briller.<\/p>\n<p>\u00ab\u00a0En 2022 ce n&rsquo;\u00e9tait pas mauvais mais je me suis accroch\u00e9 avec Miller au virage Miller, donc ce n&rsquo;\u00e9tait pas une bonne exp\u00e9rience !\u00a0\u00bb, a rappel\u00e9 M\u00e1rquez face \u00e0 la presse internationale, dont <strong>Motorsport.com<\/strong>. \u00ab\u00a0En 2023, j&rsquo;\u00e9tais bless\u00e9 aux c\u00f4tes en arrivant ici et l&rsquo;an dernier, j&rsquo;ai eu un long-lap, j&rsquo;\u00e9tais dernier au premier virage. On va essayer de renverser un peu ma chance parce que c&rsquo;est une piste qui, sur le papier, devrait \u00eatre vraiment bonne pour mon style.\u00a0\u00bb<\/p>\n<p>M\u00e1rquez tendu tant que la deuxi\u00e8me place n&rsquo;est pas assur\u00e9e<\/p>\n<p>Pour \u00c1lex M\u00e1rquez, la priorit\u00e9 reste le championnat, avec la deuxi\u00e8me place \u00e0 valider le concernant, tandis que Gresini a une chance de s&rsquo;assurer le statut de meilleure \u00e9quipe ind\u00e9pendante d\u00e8s ce week-end. L&rsquo;Espagnol reconnait qu&rsquo;il ne se sentait \u00ab\u00a0pas libre\u00a0\u00bb sur sa moto lors des derni\u00e8res courses, ce qui l&rsquo;a pouss\u00e9 \u00e0 se montrer \u00ab\u00a0plus prudent\u00a0\u00bb. Il esp\u00e8re atteindre ses objectifs au plus vite pour pouvoir retrouver un certain rel\u00e2chement.<\/p>\n<p>\u00ab\u00a0Il faut qu&rsquo;on soit tr\u00e8s concentr\u00e9s sur nos objectifs. On doit avancer s\u00e9ance par s\u00e9ance, essayer de tirer le meilleur, comme toujours. Il faudra essayer de valider la deuxi\u00e8me place du championnat. Ce sera un tr\u00e8s bon objectif mais on est encore quatre. On peut perdre la voie et il faut tr\u00e8s bien faire les choses, avec patience.\u00a0\u00bb<\/p>\n<p>\u00ab\u00a0Je veux assurer la deuxi\u00e8me place au plus vite, pour me d\u00e9tendre et surtout tr\u00e8s bien rouler, comme je l&rsquo;ai fait en d\u00e9but de saison\u00a0\u00bb, a-t-il n\u00e9anmoins reconnu. \u00ab\u00a0Ce sera un tr\u00e8s bon objectif mais il faut avancer week-end apr\u00e8s week-end. On a le GP d&rsquo;Australie. Je pense que c&rsquo;est une tr\u00e8s bonne piste pou moi, il faut qu&rsquo;on soit rapides pour avoir un bon r\u00e9sultat ici.\u00a0\u00bb<\/p>\n<p>Lire aussi :<\/p>\n<p>            Votre avis nous int\u00e9resse !<\/p>\n<p class=\"mt-auto\">Qu&rsquo;aimeriez-vous voir sur Motorsport.com ?<\/p>\n<p>            <a href=\"#\" class=\"ms-link text-link font-bold\">R\u00e9pondez \u00e0 notre enqu\u00eate de 5 minutes.<\/a><\/p>\n<p class=\"mt-1 font-info text-body\">&#8211; L&rsquo;\u00e9quipe Motorsport.com<\/p>\n","protected":false},"excerpt":{"rendered":"Le GP d&rsquo;Australie s&rsquo;annonce particuli\u00e8rement ouvert. Marc M\u00e1rquez, habitu\u00e9 \u00e0 dominer cette ann\u00e9e et vainqueur apr\u00e8s une impressionnante&hellip;\n","protected":false},"author":2,"featured_media":467189,"comment_status":"","ping_status":"","sticky":false,"template":"","format":"standard","meta":{"footnotes":""},"categories":[1413],"tags":[1011,27,56962,3452,1457,1456,1458,56963,60,7896,59121],"class_list":{"0":"post-467188","1":"post","2":"type-post","3":"status-publish","4":"format-standard","5":"has-post-thumbnail","7":"category-moto","8":"tag-fr","9":"tag-france","10":"tag-gp-daustralie","11":"tag-gresini-racing","12":"tag-moto","13":"tag-motocycle","14":"tag-motogp","15":"tag-phillip-island-grand-prix-circuit","16":"tag-sports","17":"tag-u00c1lex-mu00e1rquez","18":"tag-u00c1lex-mu00e1rquez-voit-ses-chances-renforcu00e9esu00a0-quand-marc-nest-pas-lu00e0"},"share_on_mastodon":{"url":"https:\/\/pubeurope.com\/@fr\/115383436238548950","error":""},"_links":{"self":[{"href":"https:\/\/www.europesays.com\/fr\/wp-json\/wp\/v2\/posts\/467188","targetHints":{"allow":["GET"]}}],"collection":[{"href":"https:\/\/www.europesays.com\/fr\/wp-json\/wp\/v2\/posts"}],"about":[{"href":"https:\/\/www.europesays.com\/fr\/wp-json\/wp\/v2\/types\/post"}],"author":[{"embeddable":true,"href":"https:\/\/www.europesays.com\/fr\/wp-json\/wp\/v2\/users\/2"}],"replies":[{"embeddable":true,"href":"https:\/\/www.europesays.com\/fr\/wp-json\/wp\/v2\/comments?post=467188"}],"version-history":[{"count":0,"href":"https:\/\/www.europesays.com\/fr\/wp-json\/wp\/v2\/posts\/467188\/revisions"}],"wp:featuredmedia":[{"embeddable":true,"href":"https:\/\/www.europesays.com\/fr\/wp-json\/wp\/v2\/media\/467189"}],"wp:attachment":[{"href":"https:\/\/www.europesays.com\/fr\/wp-json\/wp\/v2\/media?parent=467188"}],"wp:term":[{"taxonomy":"category","embeddable":true,"href":"https:\/\/www.europesays.com\/fr\/wp-json\/wp\/v2\/categories?post=467188"},{"taxonomy":"post_tag","embeddable":true,"href":"https:\/\/www.europesays.com\/fr\/wp-json\/wp\/v2\/tags?post=467188"}],"curies":[{"name":"wp","href":"https:\/\/api.w.org\/{rel}","templated":true}]}}