{"id":467190,"date":"2025-10-16T10:44:10","date_gmt":"2025-10-16T10:44:10","guid":{"rendered":"https:\/\/www.europesays.com\/fr\/467190\/"},"modified":"2025-10-16T10:44:10","modified_gmt":"2025-10-16T10:44:10","slug":"alpine-avec-une-livree-speciale-a-austin-mexico-et-sao-paulo","status":"publish","type":"post","link":"https:\/\/www.europesays.com\/fr\/467190\/","title":{"rendered":"Alpine avec une livr\u00e9e sp\u00e9ciale \u00e0 Austin, Mexico et S\u00e3o Paulo"},"content":{"rendered":"<p style=\"text-align: justify;\"><strong>Les \u00e9quipes se sont donn\u00e9 le mot pour ce Grand Prix des \u00c9tats-Unis, il fallait une livr\u00e9e sp\u00e9ciale. Alpine arborera un sch\u00e9ma diff\u00e9rent pour les 3 prochaines courses.<\/strong><\/p>\n<p style=\"text-align: justify;\" data-start=\"0\" data-end=\"284\">BWT Alpine Formula One Team et Mercado Libre ont lev\u00e9 le voile sur une livr\u00e9e in\u00e9dite de l\u2019A525, sp\u00e9cialement con\u00e7ue pour le Grand Prix des \u00c9tats-Unis. V\u00eatue du jaune \u00e9clatant signature de la marque, la monoplace se distinguera \u00e9galement lors des \u00e9preuves de Mexico et S\u00e3o Paulo.<\/p>\n<p>Alpine change sa livr\u00e9e pour les 3 prochaines courses<\/p>\n<p style=\"text-align: justify;\" data-start=\"286\" data-end=\"578\">Cette pr\u00e9sentation accompagne le lancement de la campagne \u00ab Unidos por la Velocidad \u00bb \u2013 \u00ab Unis par la vitesse \u00bb \u2013 imagin\u00e9e par Mercado Libre et l\u2019agence GUT. Le projet met en avant deux figures embl\u00e9matiques : le jeune espoir argentin Franco Colapinto et la superstar br\u00e9silienne Neymar Jr.<\/p>\n<p style=\"text-align: justify;\" data-start=\"580\" data-end=\"789\">Dans le film promotionnel, l\u2019\u00e9quipe BWT Alpine F1 s\u2019engage dans une course symbolique face \u00e0 la flotte de v\u00e9hicules Mercado Libre, un clin d\u2019\u0153il \u00e0 la rapidit\u00e9 et \u00e0 l\u2019innovation qui unissent les deux marques.<\/p>\n<p style=\"text-align: justify;\" data-start=\"791\" data-end=\"1100\">Cette collaboration approfondit le partenariat strat\u00e9gique entre Mercado Libre et Alpine, illustrant le r\u00f4le grandissant de l\u2019Am\u00e9rique latine dans le monde de la Formule 1. Franco Colapinto incarne cette nouvelle dynamique, symbole d\u2019une g\u00e9n\u00e9ration de talents port\u00e9e par un public de plus en plus passionn\u00e9.<\/p>\n<p style=\"text-align: justify;\" data-start=\"1102\" data-end=\"1388\" data-is-last-node=\"\" data-is-only-node=\"\">De nombreuses animations sont pr\u00e9vues \u00e0 Mexico, S\u00e3o Paulo et en Argentine, o\u00f9 Mercado Libre souhaite mettre en lumi\u00e8re la cr\u00e9ativit\u00e9 et l\u2019\u00e9nergie du continent. \u00c0 travers ces initiatives, la marque entend rapprocher les fans de la Formule 1 et c\u00e9l\u00e9brer la vitesse sous toutes ses formes.<\/p>\n<p>Franco Colapinto<\/p>\n<blockquote>\n<p style=\"text-align: justify;\" data-start=\"1102\" data-end=\"1388\" data-is-last-node=\"\" data-is-only-node=\"\">Porter les couleurs de Mercado Libre en piste m&rsquo;est vraiment particulier, car il s&rsquo;agit d&rsquo;une marque n\u00e9e dans mon pays et qui repr\u00e9sente aujourd&rsquo;hui des millions de Latino-Am\u00e9ricains \u00e0 l&rsquo;international. Pour tout pilote, courir en Formule 1 est un r\u00eave. Je vis le mien, avec effort, d\u00e9vouement et le soutien d&rsquo;une \u00e9quipe incroyable. Le faire avec Mercado Libre, qui continue de me soutenir et partage les m\u00eames valeurs d&rsquo;engagement et de pers\u00e9v\u00e9rance, donne encore plus de sens \u00e0 cette aventure.<\/p>\n<\/blockquote>\n","protected":false},"excerpt":{"rendered":"Les \u00e9quipes se sont donn\u00e9 le mot pour ce Grand Prix des \u00c9tats-Unis, il fallait une livr\u00e9e sp\u00e9ciale.&hellip;\n","protected":false},"author":2,"featured_media":467191,"comment_status":"","ping_status":"","sticky":false,"template":"","format":"standard","meta":{"footnotes":""},"categories":[1412],"tags":[1451,1452,1453,1454,1455,1011,27,60],"class_list":{"0":"post-467190","1":"post","2":"type-post","3":"status-publish","4":"format-standard","5":"has-post-thumbnail","7":"category-f1","8":"tag-f1","9":"tag-formula-1","10":"tag-formula1","11":"tag-formule-1","12":"tag-formule1","13":"tag-fr","14":"tag-france","15":"tag-sports"},"share_on_mastodon":{"url":"https:\/\/pubeurope.com\/@fr\/115383439452391894","error":""},"_links":{"self":[{"href":"https:\/\/www.europesays.com\/fr\/wp-json\/wp\/v2\/posts\/467190","targetHints":{"allow":["GET"]}}],"collection":[{"href":"https:\/\/www.europesays.com\/fr\/wp-json\/wp\/v2\/posts"}],"about":[{"href":"https:\/\/www.europesays.com\/fr\/wp-json\/wp\/v2\/types\/post"}],"author":[{"embeddable":true,"href":"https:\/\/www.europesays.com\/fr\/wp-json\/wp\/v2\/users\/2"}],"replies":[{"embeddable":true,"href":"https:\/\/www.europesays.com\/fr\/wp-json\/wp\/v2\/comments?post=467190"}],"version-history":[{"count":0,"href":"https:\/\/www.europesays.com\/fr\/wp-json\/wp\/v2\/posts\/467190\/revisions"}],"wp:featuredmedia":[{"embeddable":true,"href":"https:\/\/www.europesays.com\/fr\/wp-json\/wp\/v2\/media\/467191"}],"wp:attachment":[{"href":"https:\/\/www.europesays.com\/fr\/wp-json\/wp\/v2\/media?parent=467190"}],"wp:term":[{"taxonomy":"category","embeddable":true,"href":"https:\/\/www.europesays.com\/fr\/wp-json\/wp\/v2\/categories?post=467190"},{"taxonomy":"post_tag","embeddable":true,"href":"https:\/\/www.europesays.com\/fr\/wp-json\/wp\/v2\/tags?post=467190"}],"curies":[{"name":"wp","href":"https:\/\/api.w.org\/{rel}","templated":true}]}}