{"id":467198,"date":"2025-10-16T10:48:40","date_gmt":"2025-10-16T10:48:40","guid":{"rendered":"https:\/\/www.europesays.com\/fr\/467198\/"},"modified":"2025-10-16T10:48:40","modified_gmt":"2025-10-16T10:48:40","slug":"une-fresque-pour-habiller-la-future-maison-de-lhabitat","status":"publish","type":"post","link":"https:\/\/www.europesays.com\/fr\/467198\/","title":{"rendered":"une fresque pour habiller la future Maison de l\u2019Habitat"},"content":{"rendered":"<p>Publi\u00e9 par Soizick David, le 13 Octobre 2025 \u00e0 15:19<\/p>\n<p itemprop=\"description\" class=\"chapo\">R\u00e9alis\u00e9e le mois dernier, la peinture murale g\u00e9ante fait notamment \u00e9cho aux paysages de la Bri\u00e8re.<\/p>\n<p><img decoding=\"async\" src=\"https:\/\/www.europesays.com\/fr\/wp-content\/uploads\/2025\/10\/2025-10-13-saint-nazaire-une-fresque-pour-habiller-la-future-maison-de-l-habitat.jpg\" class=\"img-fluid rounded-3\" alt=\"Saint-Nazaire : une fresque pour habiller la future Maison de l\u2019Habitat\"\/><br \/>\nLa Maison de l&rsquo;Habitat ouvrira au printemps 2026 \u00a9 SaintNazaireNews.fr<\/p>\n<p>Depuis quelques semaines, les passants de la rue Jean-Jaur\u00e8s l\u00e8vent les yeux vers une nouvelle touche de couleur dans le paysage urbain. Une fresque monumentale s&rsquo;\u00e9tend d\u00e9sormais du grand pignon ext\u00e9rieur jusqu\u2019au patio int\u00e9rieur du b\u00e2timent de la future <a href=\"https:\/\/www.saintnazairenews.fr\/news\/saint-nazaire-une-maison-de-l-habitat-pour-accompagner-les-habitants-de-l-agglomeration\" target=\"_blank\" rel=\"noopener\">Maison de l&rsquo;Habitat<\/a>. \u0152uvre de l\u2019artiste <strong>Yann Le Berre<\/strong>, accompagn\u00e9 de <strong>Sabrina Lucas<\/strong>, cette cr\u00e9ation a \u00e9t\u00e9 r\u00e9alis\u00e9e au mois de septembre, apr\u00e8s une dizaine de jours de travail sur site.<\/p>\n<p>Une carte interactive imaginaire<\/p>\n<p>Avant de tracer ses premiers coups de pinceau, l\u2019artiste a pris le temps d\u2019explorer le territoire de la Bri\u00e8re, ses paysages, ses textures, et ses mat\u00e9riaux. De cette immersion est n\u00e9e une \u0153uvre po\u00e9tique et abstraite, inspir\u00e9e par la carte interactive du territoire qui sera pr\u00e9sent\u00e9e \u00e0 l\u2019int\u00e9rieur de la Maison. Entre aplats de couleurs entrem\u00eal\u00e9s et formes \u00e9voquant une vue a\u00e9rienne, la fresque ne cherche pas \u00e0 reproduire fid\u00e8lement le r\u00e9el. Elle invite plut\u00f4t \u00e0 ressentir. \u00ab Ce sont des interpr\u00e9tations qui mettent en lumi\u00e8re l\u2019\u00e2me et l\u2019identit\u00e9 du lieu \u00bb explique l\u2019artiste, pour qui cette cr\u00e9ation est aussi une invitation \u00e0 r\u00e9fl\u00e9chir \u00e0 notre rapport \u00e0 l\u2019environnement, et \u00e0 la mani\u00e8re dont nous percevons et habitons notre territoire. Cette fresque vient compl\u00e9ter la collection de peintures XXL command\u00e9es ces derni\u00e8res ann\u00e9es par la Ville de Saint-Nazaire pour semer l&rsquo;art dans l&rsquo;espace public (<a href=\"https:\/\/www.saintnazairenews.fr\/news\/saint-nazaire-une-nouvelle-fresque-street-art-en-cours-de-realisation-rue-de-la-paix\" target=\"_blank\" rel=\"noopener\">rue de la Paix<\/a>, <a href=\"https:\/\/www.saintnazairenews.fr\/news\/saint-nazaire-une-nouvelle-fresque-en-creation-dans-la-rue-pierre-mendes-france\" target=\"_blank\" rel=\"noopener\">rue Pierre Mend\u00e8s France<\/a>, ou encore <a href=\"https:\/\/www.saintnazairenews.fr\/news\/saint-nazaire-deux-nouvelles-fresques-monumentales-sur-les-murs-de-la-ville\" target=\"_blank\" rel=\"noopener\">avenue L\u00e9on Blum et rue des Halles<\/a>).<\/p>\n<p><a href=\"https:\/\/www.saintnazairenews.fr\/publicite\" class=\"black\" style=\"text-decoration: none;\" target=\"_blank\" rel=\"noopener\">PUBLICIT\u00c9 LOCALE<\/a><br \/>\n<a href=\"https:\/\/www.saintnazairenews.fr\/publicite\/?utm_source=SNNews&amp;utm_medium=BannerNews&amp;utm_campaign=PubEte2025\" target=\"_blank\" rel=\"noopener\"><br \/>\n<img decoding=\"async\" src=\"https:\/\/www.europesays.com\/fr\/wp-content\/uploads\/2025\/10\/2025-10-snnews-800-200.gif\" class=\"img-fluid d-none d-sm-block mx-auto rounded-3 bd mb-5 zoom\"\/><br \/>\n<img decoding=\"async\" src=\"https:\/\/www.europesays.com\/fr\/wp-content\/uploads\/2025\/10\/2025-10-snnews-800-200.gif\" class=\"img-fluid d-block d-sm-none mx-auto rounded-3 bd mb-5 zoom\"\/><br \/>\n<\/a><\/p>\n<p>La Maison de l\u2019Habitat, un futur lieu ressource<\/p>\n<p>La future Maison de l\u2019Habitat<strong> <\/strong>a vocation \u00e0 devenir un <strong>espace d\u2019accueil, d\u2019information et de conseil<\/strong> pour tous les habitants du territoire, qu&rsquo;ils soient propri\u00e9taires, locataires, futurs acqu\u00e9reurs ou porteurs de projets. Ce lieu cr\u00e9\u00e9 par la Ville de Saint-Nazaire r\u00e9unira en un m\u00eame endroit diff\u00e9rents services d\u00e9di\u00e9s \u00e0 l\u2019habitat durable, \u00e0 la r\u00e9novation \u00e9nerg\u00e9tique ou encore \u00e0 l\u2019accompagnement des projets immobiliers, en faveur d\u2019un <strong>habitat accessible, innovant et respectueux de l\u2019environnement<\/strong>. Visible depuis la rue Jean-Jaur\u00e8s, la fresque donne d\u00e9j\u00e0 vie \u00e0 ce b\u00e2timent en construction, et offre un avant-go\u00fbt de ce que sera la Maison de l\u2019Habitat, dont <strong>l\u2019ouverture est pr\u00e9vue au printemps 2026<\/strong>.<\/p>\n","protected":false},"excerpt":{"rendered":"Publi\u00e9 par Soizick David, le 13 Octobre 2025 \u00e0 15:19 R\u00e9alis\u00e9e le mois dernier, la peinture murale g\u00e9ante&hellip;\n","protected":false},"author":2,"featured_media":467199,"comment_status":"","ping_status":"","sticky":false,"template":"","format":"standard","meta":{"footnotes":""},"categories":[1358],"tags":[11,3723,1348,1384,1385,1386,58,59,1011,27,1114,13694,12,3213],"class_list":{"0":"post-467198","1":"post","2":"type-post","3":"status-publish","4":"format-standard","5":"has-post-thumbnail","7":"category-arts-et-design","8":"tag-actualites","9":"tag-actus","10":"tag-arts","11":"tag-arts-and-design","12":"tag-arts-et-design","13":"tag-design","14":"tag-divertissement","15":"tag-entertainment","16":"tag-fr","17":"tag-france","18":"tag-infos","19":"tag-nazaire","20":"tag-news","21":"tag-saint"},"share_on_mastodon":{"url":"https:\/\/pubeurope.com\/@fr\/115383456061383732","error":""},"_links":{"self":[{"href":"https:\/\/www.europesays.com\/fr\/wp-json\/wp\/v2\/posts\/467198","targetHints":{"allow":["GET"]}}],"collection":[{"href":"https:\/\/www.europesays.com\/fr\/wp-json\/wp\/v2\/posts"}],"about":[{"href":"https:\/\/www.europesays.com\/fr\/wp-json\/wp\/v2\/types\/post"}],"author":[{"embeddable":true,"href":"https:\/\/www.europesays.com\/fr\/wp-json\/wp\/v2\/users\/2"}],"replies":[{"embeddable":true,"href":"https:\/\/www.europesays.com\/fr\/wp-json\/wp\/v2\/comments?post=467198"}],"version-history":[{"count":0,"href":"https:\/\/www.europesays.com\/fr\/wp-json\/wp\/v2\/posts\/467198\/revisions"}],"wp:featuredmedia":[{"embeddable":true,"href":"https:\/\/www.europesays.com\/fr\/wp-json\/wp\/v2\/media\/467199"}],"wp:attachment":[{"href":"https:\/\/www.europesays.com\/fr\/wp-json\/wp\/v2\/media?parent=467198"}],"wp:term":[{"taxonomy":"category","embeddable":true,"href":"https:\/\/www.europesays.com\/fr\/wp-json\/wp\/v2\/categories?post=467198"},{"taxonomy":"post_tag","embeddable":true,"href":"https:\/\/www.europesays.com\/fr\/wp-json\/wp\/v2\/tags?post=467198"}],"curies":[{"name":"wp","href":"https:\/\/api.w.org\/{rel}","templated":true}]}}