{"id":467200,"date":"2025-10-16T10:49:15","date_gmt":"2025-10-16T10:49:15","guid":{"rendered":"https:\/\/www.europesays.com\/fr\/467200\/"},"modified":"2025-10-16T10:49:15","modified_gmt":"2025-10-16T10:49:15","slug":"dans-les-coulisses-de-la-restauration","status":"publish","type":"post","link":"https:\/\/www.europesays.com\/fr\/467200\/","title":{"rendered":"Dans les coulisses de la restauration"},"content":{"rendered":"<p> <a href=\"https:\/\/lesfrancais.press\/author\/boris-faure\/\" title=\"Articles par Boris Faure\" rel=\"author noopener\" itemprop=\"author\" itemscope=\"itemscope\" itemtype=\"https:\/\/schema.org\/Person\" target=\"_blank\">Boris Faure<\/a> <\/p>\n<p>Boris Faure est l&rsquo;ex 1er Secr\u00e9taire de la f\u00e9d\u00e9ration des expatri\u00e9s du Parti socialiste, mais c&rsquo;est surtout un expert de la culture fran\u00e7aise \u00e0 l&rsquo;\u00e9tranger. Il travaille depuis 20 ans dans le r\u00e9seau des Instituts Fran\u00e7ais, et a \u00e9t\u00e9 secr\u00e9taire g\u00e9n\u00e9ral de celui de l&rsquo;\u00eele Maurice, avant de travailler aupr\u00e8s des Instituts de Pologne et d&rsquo;Ukraine. Il a \u00e9t\u00e9 la plume d&rsquo;une ministre de la Francophonie. Aujourd&rsquo;hui, il collabore avec Sud Radio et Lesfrancais.press, tout en \u00e9tant auteur et repr\u00e9sentant syndical dans le r\u00e9seau des Lyc\u00e9es fran\u00e7ais \u00e0 l&rsquo;\u00e9tranger.<\/p>\n","protected":false},"excerpt":{"rendered":"Boris Faure Boris Faure est l&rsquo;ex 1er Secr\u00e9taire de la f\u00e9d\u00e9ration des expatri\u00e9s du Parti socialiste, mais c&rsquo;est&hellip;\n","protected":false},"author":2,"featured_media":467201,"comment_status":"","ping_status":"","sticky":false,"template":"","format":"standard","meta":{"footnotes":""},"categories":[1357],"tags":[1379,251,58,59,1011,27,20019,1351,1380],"class_list":{"0":"post-467200","1":"post","2":"type-post","3":"status-publish","4":"format-standard","5":"has-post-thumbnail","7":"category-livres","8":"tag-books","9":"tag-culture","10":"tag-divertissement","11":"tag-entertainment","12":"tag-fr","13":"tag-france","14":"tag-lactu-des-expats","15":"tag-litterature","16":"tag-livres"},"share_on_mastodon":{"url":"https:\/\/pubeurope.com\/@fr\/115383459127996312","error":""},"_links":{"self":[{"href":"https:\/\/www.europesays.com\/fr\/wp-json\/wp\/v2\/posts\/467200","targetHints":{"allow":["GET"]}}],"collection":[{"href":"https:\/\/www.europesays.com\/fr\/wp-json\/wp\/v2\/posts"}],"about":[{"href":"https:\/\/www.europesays.com\/fr\/wp-json\/wp\/v2\/types\/post"}],"author":[{"embeddable":true,"href":"https:\/\/www.europesays.com\/fr\/wp-json\/wp\/v2\/users\/2"}],"replies":[{"embeddable":true,"href":"https:\/\/www.europesays.com\/fr\/wp-json\/wp\/v2\/comments?post=467200"}],"version-history":[{"count":0,"href":"https:\/\/www.europesays.com\/fr\/wp-json\/wp\/v2\/posts\/467200\/revisions"}],"wp:featuredmedia":[{"embeddable":true,"href":"https:\/\/www.europesays.com\/fr\/wp-json\/wp\/v2\/media\/467201"}],"wp:attachment":[{"href":"https:\/\/www.europesays.com\/fr\/wp-json\/wp\/v2\/media?parent=467200"}],"wp:term":[{"taxonomy":"category","embeddable":true,"href":"https:\/\/www.europesays.com\/fr\/wp-json\/wp\/v2\/categories?post=467200"},{"taxonomy":"post_tag","embeddable":true,"href":"https:\/\/www.europesays.com\/fr\/wp-json\/wp\/v2\/tags?post=467200"}],"curies":[{"name":"wp","href":"https:\/\/api.w.org\/{rel}","templated":true}]}}