{"id":467202,"date":"2025-10-16T10:50:17","date_gmt":"2025-10-16T10:50:17","guid":{"rendered":"https:\/\/www.europesays.com\/fr\/467202\/"},"modified":"2025-10-16T10:50:17","modified_gmt":"2025-10-16T10:50:17","slug":"la-pique-de-bruce-toussaint-a-manuel-bompard-sur-tf1","status":"publish","type":"post","link":"https:\/\/www.europesays.com\/fr\/467202\/","title":{"rendered":"la pique de Bruce Toussaint \u00e0 Manuel Bompard sur TF1"},"content":{"rendered":"<p>    Bruce Toussaint et Manuel Bompard sur le plateau de \u00abBonjour\u00a0!\u00bb sur TF1.<br \/>\n                Capture d&rsquo;\u00e9cran TF1<\/p>\n<p>\n    Le pr\u00e9sentateur de la matinale de la Une a re\u00e7u l\u2019homme politique ce jeudi 16 octobre 2025 et fait une allusion au geste de Jean-Luc M\u00e9lenchon face \u00e0 Benjamin Duhamel sur France Inter il y a quelques jours.<\/p>\n<p class=\"fig-paragraph\">Ce jeudi 16 octobre, Bruce Toussaint recevait le d\u00e9put\u00e9 de La France insoumise\u00a0<a href=\"https:\/\/video.lefigaro.fr\/figaro\/politique\/la-chute-du-gouvernement-fait-partie-des-possibilites-estime-manuel-bompard-20251016\" target=\"_blank\" data-fig-type=\"Video\" rel=\"noopener nofollow\" data-gtm-custom-categorie=\"navigation\" data-gtm-custom-action=\"crossclick\" data-gtm-custom-label=\"Contextuel\" data-gtm-event=\"customEventSPE\" data-fig-domain=\"LEFIGARO\">Manuel Bompard<\/a>\u00a0sur le plateau de \u00abBonjour\u00a0!\u00bb. Il a bien s\u00fbr \u00e9t\u00e9 question du cessez-le-feu \u00e0 Gaza et des exactions commises par les soldats du Hamas d\u00e8s leur retour dans l\u2019enclave palestinienne.<\/p>\n<p class=\"fig-paragraph\">Manuel Bompard venait de r\u00e9pondre au chef du service politique de\u00a0<a href=\"https:\/\/tvmag.lefigaro.fr\/programme-tv\/chaine\/192\/tous-les-programmes-de-tf1\" target=\"_blank\" rel=\"noopener nofollow\" data-gtm-custom-categorie=\"navigation\" data-gtm-custom-action=\"crossclick\" data-gtm-custom-label=\"Contextuel\" data-gtm-event=\"customEventSPE\">TF1<\/a>\u00a0et LCI,\u00a0<a href=\"https:\/\/video.lefigaro.fr\/figaro\/adrien-gindre-est-linvite-du-buzztv-20240517\" target=\"_blank\" data-fig-type=\"Video\" rel=\"noopener nofollow\" data-gtm-custom-categorie=\"navigation\" data-gtm-custom-action=\"crossclick\" data-gtm-custom-label=\"Contextuel\" data-gtm-event=\"customEventSPE\" data-fig-domain=\"LEFIGARO\">Adrien Gindre<\/a>, qui l\u2019interrogeait sur le sujet. \u00c0 son tour,\u00a0<a href=\"https:\/\/www.lefigaro.fr\/tag\/bruce-toussaint\" target=\"_blank\" rel=\"noopener nofollow\" data-gtm-custom-categorie=\"navigation\" data-gtm-custom-action=\"crossclick\" data-gtm-custom-label=\"Contextuel\" data-gtm-event=\"customEventSPE\">Bruce Toussaint<\/a>\u00a0s\u2019est montr\u00e9 insistant, revenant plus largement sur les prises de position successives de LFI dans le cadre du conflit isra\u00e9lo-palestinien.<\/p>\n<p>                                    <a class=\"fig-a11y-skip a11y-hidden\" href=\"#fig-a11y-skip-main-inarticle\"><br \/>\n        Passer la publicit\u00e9<br \/>\n    <\/a><\/p>\n<p>Passe d\u2019armes rat\u00e9e<\/p>\n<p class=\"fig-paragraph\">\u00ab Donc, vous condamnez les ex\u00e9cutions du Hamas&#8230;\u00bb, lui a-t-il redemand\u00e9. \u00ab Je peux le dire dix fois si vous voulez. (&#8230;) Vous voulez faire croire que je pourrais ne pas les condamner\u00a0?\u00a0\u00bb, a r\u00e9torqu\u00e9 l\u2019homme politique, visiblement agac\u00e9. \u00ab C\u2019\u00e9tait pas aussi clair, pardonnez-moi\u00a0\u00bb, a alors r\u00e9p\u00e9t\u00e9 le journaliste.<\/p>\n<p class=\"fig-paragraph\">\u00ab Ah ben si c\u2019\u00e9tait tr\u00e8s clair. On m\u2019a demand\u00e9 si je partageais cette condamnation. J\u2019ai dit que je la partageais \u00e9videmment. \u00c9videmment, c\u2019est clair, monsieur Toussaint, non\u00a0? Qu\u2019est-ce que vous en pensez\u00a0?\u00a0\u00bb, lui a renvoy\u00e9 le d\u00e9put\u00e9.<\/p>\n<p class=\"fig-body-link\">\n            \u00c0 lire aussi<br \/>\n        <a class=\"fig-body-link__link\" href=\"http:\/\/tvmag.lefigaro.fr\/programme-tv\/actu-tele\/mais-taisez-vous-un-peu-jean-luc-melenchon-s-enerve-contre-benjamin-duhamel-sur-france-inter-20251013\" data-fig-type=\"Article\" data-gtm-custom-categorie=\"navigation\" data-gtm-custom-action=\"crossclick\" data-gtm-custom-label=\"Contextuel\" data-gtm-event=\"customEventSPE\" data-fig-domain=\"TVMAG\" rel=\"nofollow noopener\" target=\"_blank\">\u00abTaisez-vous un peu\u00a0!\u00bb\u00a0: le doigt d\u2019honneur de Jean-Luc M\u00e9lenchon apr\u00e8s son interview avec Benjamin Duhamel sur France Inter<br \/>\n    <\/a>\n<\/p>\n<p class=\"fig-paragraph\">Quoi de plus efficace alors, pour se sortir de cette mauvaise passe, que de faire allusion au comportement d\u00e9plac\u00e9 de\u00a0<a href=\"http:\/\/tvmag.lefigaro.fr\/programme-tv\/actu-tele\/mais-taisez-vous-un-peu-jean-luc-melenchon-s-enerve-contre-benjamin-duhamel-sur-france-inter-20251013\" target=\"_blank\" data-fig-type=\"Article\" rel=\"noopener nofollow\" data-gtm-custom-categorie=\"navigation\" data-gtm-custom-action=\"crossclick\" data-gtm-custom-label=\"Contextuel\" data-gtm-event=\"customEventSPE\" data-fig-domain=\"TVMAG\">Jean-Luc M\u00e9lenchon<\/a>\u00a0apr\u00e8s son interview avec\u00a0<a href=\"https:\/\/video.lefigaro.fr\/figaro\/medias\/non-je-ne-crois-pas-passe-darmes-entre-arthur-et-benjamin-duhamel-sur-france-inter-20250930\" target=\"_blank\" data-fig-type=\"Video\" rel=\"noopener nofollow\" data-gtm-custom-categorie=\"navigation\" data-gtm-custom-action=\"crossclick\" data-gtm-custom-label=\"Contextuel\" data-gtm-event=\"customEventSPE\" data-fig-domain=\"LEFIGARO\">Benjamin Duhamel<\/a>\u00a0sur France Inter lundi dernier\u00a0? \u00ab \u00c0 la fin, vous allez me faire un doigt d\u2019honneur en sortant du plateau\u00a0? Qu\u2019est-ce qui se passe l\u00e0\u00a0? Je me suis juste permis de vous poser une question\u00a0\u00bb, a jet\u00e9 le journaliste.<\/p>\n<p class=\"fig-paragraph\">\u00ab Non, monsieur Toussaint, pardonnez-moi. J\u2019ai donn\u00e9 une r\u00e9ponse tr\u00e8s claire \u00e0 monsieur Gindre et vous essayez de faire croire qu\u2019il y aurait une ambigu\u00eft\u00e9 dans ma r\u00e9ponse. Donc il n\u2019y en avait aucune&#8230;\u00a0\u00bb, a encore r\u00e9torqu\u00e9 Manuel Bompard. Et Toussaint de l\u2019interrompre\u00a0: \u00ab Je pense surtout qu\u2019il y avait beaucoup de nervosit\u00e9 de votre part&#8230;\u00a0\u00bb<\/p>\n<p class=\"fig-paragraph\">\u00ab Il n\u2019y a pas de nervosit\u00e9 mais quoi que je vous dise, \u00e9videmment, vous essayez de faire croire que ce n\u2019est pas clair\u00a0\u00bb, a fini par botter en touche Manuel Bompard, affichant un sourire de circonstance. Adrien Gindre, lui, est rest\u00e9 silencieux.\u00a0\u00a0<\/p>\n","protected":false},"excerpt":{"rendered":"Bruce Toussaint et Manuel Bompard sur le plateau de \u00abBonjour\u00a0!\u00bb sur TF1. Capture d&rsquo;\u00e9cran TF1 Le pr\u00e9sentateur de&hellip;\n","protected":false},"author":2,"featured_media":467203,"comment_status":"","ping_status":"","sticky":false,"template":"","format":"standard","meta":{"footnotes":""},"categories":[1356],"tags":[6779,58,59,1011,27,17852,252,199,1364],"class_list":{"0":"post-467202","1":"post","2":"type-post","3":"status-publish","4":"format-standard","5":"has-post-thumbnail","7":"category-television","8":"tag-bruce-toussaint","9":"tag-divertissement","10":"tag-entertainment","11":"tag-fr","12":"tag-france","13":"tag-manuel-bompard","14":"tag-television","15":"tag-tf1","16":"tag-tv"},"share_on_mastodon":{"url":"https:\/\/pubeurope.com\/@fr\/115383463095563489","error":""},"_links":{"self":[{"href":"https:\/\/www.europesays.com\/fr\/wp-json\/wp\/v2\/posts\/467202","targetHints":{"allow":["GET"]}}],"collection":[{"href":"https:\/\/www.europesays.com\/fr\/wp-json\/wp\/v2\/posts"}],"about":[{"href":"https:\/\/www.europesays.com\/fr\/wp-json\/wp\/v2\/types\/post"}],"author":[{"embeddable":true,"href":"https:\/\/www.europesays.com\/fr\/wp-json\/wp\/v2\/users\/2"}],"replies":[{"embeddable":true,"href":"https:\/\/www.europesays.com\/fr\/wp-json\/wp\/v2\/comments?post=467202"}],"version-history":[{"count":0,"href":"https:\/\/www.europesays.com\/fr\/wp-json\/wp\/v2\/posts\/467202\/revisions"}],"wp:featuredmedia":[{"embeddable":true,"href":"https:\/\/www.europesays.com\/fr\/wp-json\/wp\/v2\/media\/467203"}],"wp:attachment":[{"href":"https:\/\/www.europesays.com\/fr\/wp-json\/wp\/v2\/media?parent=467202"}],"wp:term":[{"taxonomy":"category","embeddable":true,"href":"https:\/\/www.europesays.com\/fr\/wp-json\/wp\/v2\/categories?post=467202"},{"taxonomy":"post_tag","embeddable":true,"href":"https:\/\/www.europesays.com\/fr\/wp-json\/wp\/v2\/tags?post=467202"}],"curies":[{"name":"wp","href":"https:\/\/api.w.org\/{rel}","templated":true}]}}