{"id":467204,"date":"2025-10-16T10:51:10","date_gmt":"2025-10-16T10:51:10","guid":{"rendered":"https:\/\/www.europesays.com\/fr\/467204\/"},"modified":"2025-10-16T10:51:10","modified_gmt":"2025-10-16T10:51:10","slug":"le-rappeur-booba-en-garde-a-vue-apres-une-plainte-pour-harcelement-deposee-par-gims","status":"publish","type":"post","link":"https:\/\/www.europesays.com\/fr\/467204\/","title":{"rendered":"Le rappeur Booba en garde \u00e0 vue apr\u00e8s une plainte pour harc\u00e8lement d\u00e9pos\u00e9e par Gims"},"content":{"rendered":"<p>\n    Cette garde \u00e0 vue, qui peut durer 48 heures, intervient alors que Booba est d\u00e9j\u00e0 mis en examen pour harc\u00e8lement moral aggrav\u00e9 sur Magali Berdah.<\/p>\n<p class=\"fig-paragraph\"><a href=\"http:\/\/www.lefigaro.fr\/sports\/football\/tu-vas-pas-nous-peter-les-c-longtemps-kyky-et-passe-ton-permis-le-rappeur-booba-menace-encore-mbappe-20250626\" data-fig-type=\"NewsFlash\" data-gtm-custom-categorie=\"navigation\" data-gtm-custom-action=\"crossclick\" data-gtm-custom-label=\"Contextuel\" data-gtm-event=\"customEventSPE\" data-fig-domain=\"LEFIGARO\" target=\"_blank\" rel=\"noopener\">Le rappeur Booba<\/a>\u00a0est en\u00a0<a href=\"https:\/\/video.lefigaro.fr\/figaro\/booba-cest-la-garde-a-vue-qui-mattend-20180803\" data-fig-type=\"Video\" data-gtm-custom-categorie=\"navigation\" data-gtm-custom-action=\"crossclick\" data-gtm-custom-label=\"Contextuel\" data-gtm-event=\"customEventSPE\" data-fig-domain=\"LEFIGARO\" target=\"_blank\" rel=\"noopener\">garde \u00e0 vue<\/a>\u00a0\u00e0 Paris depuis mercredi dans l&rsquo;enqu\u00eate sur le harc\u00e8lement dont l&rsquo;accuse dans une plainte une autre figure du hip-hop, Gims, a appris l&rsquo;AFP de source proche du dossier jeudi.<\/p>\n<p class=\"fig-paragraph\">Cette garde \u00e0 vue, qui peut durer 48 heures, vise \u00e0 interroger celui dont le vrai nom est Elie Yaffa, d\u00e9j\u00e0 mis en examen pour harc\u00e8lement moral aggrav\u00e9 sur\u00a0<a href=\"http:\/\/www.lefigaro.fr\/faits-divers\/le-jugement-de-booba-pour-procedure-abusive-a-l-encontre-de-magali-berdah-attendu-ce-jeudi-20250515\" data-fig-type=\"NewsFlash\" data-gtm-custom-categorie=\"navigation\" data-gtm-custom-action=\"crossclick\" data-gtm-custom-label=\"Contextuel\" data-gtm-event=\"customEventSPE\" data-fig-domain=\"LEFIGARO\" target=\"_blank\" rel=\"noopener\">Magali Berdah<\/a>, sur la plainte d\u00e9pos\u00e9e en ao\u00fbt 2024 pour harc\u00e8lement moral et cyberharc\u00e8lement par Gims, 39 ans, et son ex-compagne \u00abDemdem\u00bb, 38 ans.<\/p>\n<p>                                    <a class=\"fig-a11y-skip a11y-hidden\" href=\"#fig-a11y-skip-main-inarticle\"><br \/>\n        Passer la publicit\u00e9<br \/>\n    <\/a><\/p>\n<p class=\"fig-paragraph\">\u00c0 l\u2019issue, le rappeur de 48 ans qui a encha\u00een\u00e9 trois jours de concerts en fin de semaine derni\u00e8re \u00e0 Paris La D\u00e9fense Arena, pourrait \u00eatre laiss\u00e9 libre sans poursuites \u00e0 ce stade ou alors \u00eatre pr\u00e9sent\u00e9 \u00e0 un magistrat en vue d\u2019\u00e9ventuelles poursuites. Sollicit\u00e9s, ses avocats, Mes Marie Roumiantseva et Gilles Vercken, n\u2019ont pas souhait\u00e9 commenter. \u00c9galement contact\u00e9 par l\u2019AFP, Me David-Olivier Kaminski, avocat de Gims et Demdem, n\u2019a pas souhait\u00e9 r\u00e9agir en l\u2019\u00e9tat pendant la garde \u00e0 vue de Booba.<\/p>\n<p>\u00abUne situation effroyable de cyberharc\u00e8lement\u00bb<\/p>\n<p class=\"fig-paragraph\">Lors de leur d\u00e9p\u00f4t de plainte r\u00e9v\u00e9l\u00e9 par l\u2019AFP, Gims et Demdem avaient accus\u00e9 Booba de \u00abs\u2019attaquer\u00bb \u00e0 eux \u00abdepuis six ans\u00bb, \u00abencourag\u00e9s\u00bb par \u00abun nombre absolument impressionnant de ses admirateurs\u00bb, cr\u00e9ant \u00abune situation effroyable de cyberharc\u00e8lement\u00bb.<\/p>\n<p class=\"fig-paragraph\">Publications sur les r\u00e9seaux sociaux \u00e0 l\u2019appui, ils estimaient qu\u2019il y avait des attaques contre le \u00abphysique\u00bb de Gims, Booba relayant des photos de l\u2019int\u00e9ress\u00e9 sans ses lunettes qu\u2019il porte constamment.<\/p>\n<p class=\"fig-paragraph\">Dans un autre message, Booba aurait \u00e9crit\u00a0: \u00abTu ressembles (sic) \u00e0 une croquette pour chat sale sorcier\u00bb. Un morceau r\u00e9cent de Booba, \u00abDolce Camara\u00bb, serait d\u2019apr\u00e8s la plainte le \u00abpoint culminant\u00bb du harc\u00e8lement. Dans ce morceau chant\u00e9 avec SDM, Booba disait notamment: \u00abOn les aime fra\u00eeches, bien michtos (un d\u00e9riv\u00e9 argotique de michetonneuse d\u00e9signant une femme attir\u00e9e par l\u2019argent, NDLR), qui savent accueillir comme Demdem\u00bb. Booba s\u2019\u00e9tait f\u00e9licit\u00e9 du succ\u00e8s de ce morceau, le justifiant par des \u00abinsultes\u00bb de Gims envers sa fille.<\/p>\n<p>Harc\u00e8lement moral aggrav\u00e9 et injure raciste<\/p>\n<p class=\"fig-paragraph\">Figure du rap depuis les ann\u00e9es 1990, Booba s\u2019est engag\u00e9 depuis plusieurs ann\u00e9es dans une croisade contre les influenceurs renomm\u00e9s \u00abinfluvoleurs\u00bb et leurs pratiques commerciales pr\u00e9sent\u00e9es comme trompeuses. Parmi ses principales cibles, Magali Berdah, fondatrice de Shauna Events sp\u00e9cialis\u00e9e dans les influenceurs.<\/p>\n<p>                                    <a class=\"fig-a11y-skip a11y-hidden\" href=\"#fig-a11y-skip-main-inarticle_mtf\"><br \/>\n        Passer la publicit\u00e9<br \/>\n    <\/a><\/p>\n<p class=\"fig-paragraph\">L\u2019enqu\u00eate la visant pour pratiques commerciales trompeuses, ouverte apr\u00e8s des plaintes de Booba, a \u00e9t\u00e9 class\u00e9e sans suite en mars. Le 2 octobre 2023, Booba a, de son c\u00f4t\u00e9, \u00e9t\u00e9 mis en examen pour harc\u00e8lement moral en ligne aggrav\u00e9 \u00e0 l\u2019encontre de Magali Berdah, qui avait \u00e9galement d\u00e9pos\u00e9 plainte. Le rappeur sera par ailleurs jug\u00e9 le 3 d\u00e9cembre pour injure raciste contre une journaliste et un essayiste, ainsi que cyberharc\u00e8lement aggrav\u00e9 s\u2019agissant de la premi\u00e8re.<\/p>\n","protected":false},"excerpt":{"rendered":"Cette garde \u00e0 vue, qui peut durer 48 heures, intervient alors que Booba est d\u00e9j\u00e0 mis en examen&hellip;\n","protected":false},"author":2,"featured_media":467205,"comment_status":"","ping_status":"","sticky":false,"template":"","format":"standard","meta":{"footnotes":""},"categories":[1355],"tags":[3646,58,59,1011,27,3668,1361,873],"class_list":{"0":"post-467204","1":"post","2":"type-post","3":"status-publish","4":"format-standard","5":"has-post-thumbnail","7":"category-musique","8":"tag-booba","9":"tag-divertissement","10":"tag-entertainment","11":"tag-fr","12":"tag-france","13":"tag-harcelement","14":"tag-music","15":"tag-musique"},"share_on_mastodon":{"url":"https:\/\/pubeurope.com\/@fr\/115383467023714851","error":""},"_links":{"self":[{"href":"https:\/\/www.europesays.com\/fr\/wp-json\/wp\/v2\/posts\/467204","targetHints":{"allow":["GET"]}}],"collection":[{"href":"https:\/\/www.europesays.com\/fr\/wp-json\/wp\/v2\/posts"}],"about":[{"href":"https:\/\/www.europesays.com\/fr\/wp-json\/wp\/v2\/types\/post"}],"author":[{"embeddable":true,"href":"https:\/\/www.europesays.com\/fr\/wp-json\/wp\/v2\/users\/2"}],"replies":[{"embeddable":true,"href":"https:\/\/www.europesays.com\/fr\/wp-json\/wp\/v2\/comments?post=467204"}],"version-history":[{"count":0,"href":"https:\/\/www.europesays.com\/fr\/wp-json\/wp\/v2\/posts\/467204\/revisions"}],"wp:featuredmedia":[{"embeddable":true,"href":"https:\/\/www.europesays.com\/fr\/wp-json\/wp\/v2\/media\/467205"}],"wp:attachment":[{"href":"https:\/\/www.europesays.com\/fr\/wp-json\/wp\/v2\/media?parent=467204"}],"wp:term":[{"taxonomy":"category","embeddable":true,"href":"https:\/\/www.europesays.com\/fr\/wp-json\/wp\/v2\/categories?post=467204"},{"taxonomy":"post_tag","embeddable":true,"href":"https:\/\/www.europesays.com\/fr\/wp-json\/wp\/v2\/tags?post=467204"}],"curies":[{"name":"wp","href":"https:\/\/api.w.org\/{rel}","templated":true}]}}