{"id":467216,"date":"2025-10-16T10:57:11","date_gmt":"2025-10-16T10:57:11","guid":{"rendered":"https:\/\/www.europesays.com\/fr\/467216\/"},"modified":"2025-10-16T10:57:11","modified_gmt":"2025-10-16T10:57:11","slug":"quand-un-nettoyage-des-sieges-paralyse-la-moitie-des-avions-de-finnair","status":"publish","type":"post","link":"https:\/\/www.europesays.com\/fr\/467216\/","title":{"rendered":"Quand un nettoyage des si\u00e8ges paralyse la moiti\u00e9 des avions de Finnair"},"content":{"rendered":"<p>Des milliers de passagers de Finnair ont vu leurs plans de voyage boulevers\u00e9s en d\u00e9but de semaine. Entre lundi et mercredi, la <a href=\"https:\/\/www.20minutes.fr\/dossier\/compagnie_aerienne\" class=\"c-link c-link--is-underlined\" target=\"_blank\" rel=\"noopener\">compagnie a\u00e9rienne<\/a> nationale finlandaise a annul\u00e9 environ quarante vols, affectant plus de 5.000 voyageurs, selon <a href=\"https:\/\/www.businessinsider.com\/finnair-cancels-dozens-flights-after-seat-covers-cleaned-with-water-2025-10\" rel=\"nofollow noopener\" target=\"_blank\" class=\"c-link c-link--is-underlined\">Business Insider<\/a>. En cause\u00a0: une proc\u00e9dure de nettoyage inhabituelle qui a soulev\u00e9 des questions de s\u00e9curit\u00e9 incendie.<\/p>\n<p>L\u2019incident concerne huit <a href=\"https:\/\/www.20minutes.fr\/dossier\/airbus\" class=\"c-link c-link--is-underlined\" target=\"_blank\" rel=\"noopener\">Airbus <\/a>A321, soit un peu plus de la moiti\u00e9 de la flotte A321 de Finnair. Ces appareils ont \u00e9t\u00e9 temporairement immobilis\u00e9s apr\u00e8s que des \u00e9quipes de nettoyage ont lav\u00e9 les housses de si\u00e8ge \u00e0 l\u2019eau. Cette m\u00e9thode aurait en effet pu compromettre leur protection ignifuge (contre le feu).<\/p>\n<\/p>\n<p>La s\u00e9curit\u00e9, une \u00ab\u00a0priorit\u00e9 absolue\u00a0\u00bb<\/p>\n<p>Le fabricant des housses a inform\u00e9 Finnair qu\u2019il n\u2019avait pas \u00e9t\u00e9 \u00ab\u00a0correctement v\u00e9rifi\u00e9\u00a0\u00bb si ce type de lavage respectait les normes de s\u00e9curit\u00e9 incendie, rapporte Business Insider. La compagnie a donc pr\u00e9f\u00e9r\u00e9 clouer les appareils au sol, le temps d\u2019\u00e9valuer les risques. \u00ab\u00a0La s\u00e9curit\u00e9 est toujours notre priorit\u00e9 absolue et nous suivons toujours les instructions d\u2019entretien des fabricants ainsi que les directives et recommandations des autorit\u00e9s\u00a0\u00bb, a indiqu\u00e9 un porte-parole de Finnair, interrog\u00e9 par le journal.<\/p>\n<p>L\u2019immobilisation d\u2019une partie de la flotte a eu lieu en pleine p\u00e9riode de vacances en Finlande, entra\u00eenant des retards, des annulations et des surr\u00e9servations. \u00ab\u00a0Nous sommes d\u00e9sol\u00e9s pour l\u2019incertitude et les d\u00e9sagr\u00e9ments que cette situation peut causer. Nous faisons tout notre possible pour en limiter l\u2019impact\u00a0\u00bb, a r\u00e9agi Finnair dans un communiqu\u00e9, cit\u00e9 par <a href=\"https:\/\/www.bfmtv.com\/economie\/entreprises\/aeronautique\/quand-un-simple-nettoyage-a-l-eau-paralyse-la-moitie-des-avions-de-la-compagnie-aerienne-finnair_AN-202510160233.html\" rel=\"nofollow noopener\" target=\"_blank\" class=\"c-link c-link--is-underlined\">BFMTV<\/a>. La compagnie dit \u00ab\u00a0\u00e9tudier diff\u00e9rentes options afin de pouvoir remettre les avions en service le plus rapidement possible\u00a0\u00bb.<\/p>\n","protected":false},"excerpt":{"rendered":"Des milliers de passagers de Finnair ont vu leurs plans de voyage boulevers\u00e9s en d\u00e9but de semaine. Entre&hellip;\n","protected":false},"author":2,"featured_media":467217,"comment_status":"","ping_status":"","sticky":false,"template":"","format":"standard","meta":{"footnotes":""},"categories":[6],"tags":[10996,47,36,7182,37,35,8763,33,34,219,1011,27,1757,602],"class_list":{"0":"post-467216","1":"post","2":"type-post","3":"status-publish","4":"format-standard","5":"has-post-thumbnail","7":"category-economie","8":"tag-accident-davion","9":"tag-actualite","10":"tag-airbus","11":"tag-aviation","12":"tag-avion","13":"tag-business","14":"tag-compagnie-aerienne","15":"tag-economie","16":"tag-economy","17":"tag-finlande","18":"tag-fr","19":"tag-france","20":"tag-insolite","21":"tag-tourisme"},"share_on_mastodon":{"url":"https:\/\/pubeurope.com\/@fr\/115383490566166811","error":""},"_links":{"self":[{"href":"https:\/\/www.europesays.com\/fr\/wp-json\/wp\/v2\/posts\/467216","targetHints":{"allow":["GET"]}}],"collection":[{"href":"https:\/\/www.europesays.com\/fr\/wp-json\/wp\/v2\/posts"}],"about":[{"href":"https:\/\/www.europesays.com\/fr\/wp-json\/wp\/v2\/types\/post"}],"author":[{"embeddable":true,"href":"https:\/\/www.europesays.com\/fr\/wp-json\/wp\/v2\/users\/2"}],"replies":[{"embeddable":true,"href":"https:\/\/www.europesays.com\/fr\/wp-json\/wp\/v2\/comments?post=467216"}],"version-history":[{"count":0,"href":"https:\/\/www.europesays.com\/fr\/wp-json\/wp\/v2\/posts\/467216\/revisions"}],"wp:featuredmedia":[{"embeddable":true,"href":"https:\/\/www.europesays.com\/fr\/wp-json\/wp\/v2\/media\/467217"}],"wp:attachment":[{"href":"https:\/\/www.europesays.com\/fr\/wp-json\/wp\/v2\/media?parent=467216"}],"wp:term":[{"taxonomy":"category","embeddable":true,"href":"https:\/\/www.europesays.com\/fr\/wp-json\/wp\/v2\/categories?post=467216"},{"taxonomy":"post_tag","embeddable":true,"href":"https:\/\/www.europesays.com\/fr\/wp-json\/wp\/v2\/tags?post=467216"}],"curies":[{"name":"wp","href":"https:\/\/api.w.org\/{rel}","templated":true}]}}