{"id":467218,"date":"2025-10-16T10:58:11","date_gmt":"2025-10-16T10:58:11","guid":{"rendered":"https:\/\/www.europesays.com\/fr\/467218\/"},"modified":"2025-10-16T10:58:11","modified_gmt":"2025-10-16T10:58:11","slug":"jusqua-15-milliards-de-dollars-de-pertes-par-semaine-pour-leconomie-americaine-selon-le-tresor","status":"publish","type":"post","link":"https:\/\/www.europesays.com\/fr\/467218\/","title":{"rendered":"jusqu\u2019\u00e0 15 milliards de dollars de pertes par semaine pour l\u2019\u00e9conomie am\u00e9ricaine, selon le Tr\u00e9sor"},"content":{"rendered":"<p>\n    Alors que la paralysie budg\u00e9taire s\u2019\u00e9ternise, un responsable du Tr\u00e9sor a corrig\u00e9 une estimation ant\u00e9rieure du ministre des Finances Scott Bessent, qui lui avait \u00e9voqu\u00e9 un co\u00fbt allant jusqu\u2019\u00e0 15 milliards par jour.<\/p>\n<p class=\"fig-paragraph\">Un \u00ab<a href=\"http:\/\/www.lefigaro.fr\/conjoncture\/shutdown-des-centaines-de-milliards-de-dollars-consacres-a-la-sante-des-americains-au-coeur-du-bras-de-fer-entre-trump-et-les-democrates-20251013\" target=\"_blank\" data-fig-type=\"Article\" rel=\"noopener\" data-gtm-custom-categorie=\"navigation\" data-gtm-custom-action=\"crossclick\" data-gtm-custom-label=\"Contextuel\" data-gtm-event=\"customEventSPE\" data-fig-domain=\"LEFIGARO\">shutdown<\/a>\u00bb ruineux. La paralysie budg\u00e9taire aux \u00c9tats-Unis, qui dure maintenant depuis deux semaines, pourrait co\u00fbter jusqu\u2019\u00e0 15 milliards de dollars par semaine \u00e0 l\u2019\u00e9conomie am\u00e9ricaine en perte de production, a d\u00e9clar\u00e9 un responsable du Tr\u00e9sor mercredi soir, corrigeant ainsi une estimation ant\u00e9rieure du secr\u00e9taire au Tr\u00e9sor, Scott Bessent, qui lui avait \u00e9voqu\u00e9 un co\u00fbt allant jusqu\u2019\u00e0 15 milliards par jour. Scott Bessent avait avanc\u00e9 cette estimation erron\u00e9e lors de deux interventions distinctes plus t\u00f4t dans la journ\u00e9e de mercredi, appelant les d\u00e9mocrates \u00e0 \u00ab\u00eatre des h\u00e9ros\u00bb et \u00e0 s\u2019allier aux r\u00e9publicains pour mettre fin au \u00abshutdown\u00bb. L\u2019estimation correcte est fond\u00e9e sur un rapport du Conseil des conseillers \u00e9conomiques de la Maison Blanche.<\/p>\n<p class=\"fig-paragraph\">Lors d\u2019une conf\u00e9rence de presse, Scott Bessent a affirm\u00e9 que le blocage de l\u2019administration commen\u00e7ait \u00e0 \u00abattaquer le c\u0153ur\u00bb de l\u2019\u00e9conomie am\u00e9ricaine.\u00a0Si, selon le secr\u00e9taire au Tr\u00e9sor, le flot d\u2019investissements, notamment dans l\u2019<a href=\"http:\/\/www.lefigaro.fr\/conjoncture\/l-intelligence-artificielle-fait-repartir-de-l-avant-la-demande-d-electricite-20251014\" target=\"_blank\" data-fig-type=\"Article\" rel=\"noopener\" data-gtm-custom-categorie=\"navigation\" data-gtm-custom-action=\"crossclick\" data-gtm-custom-label=\"Contextuel\" data-gtm-event=\"customEventSPE\" data-fig-domain=\"LEFIGARO\">intelligence artificielle<\/a>, est durable et ne fait que commencer, le \u00abshutdown\u00bb constitue un frein. \u00abIl y a une demande refoul\u00e9e, mais le pr\u00e9sident Donald Trump a d\u00e9clench\u00e9 ce boom gr\u00e2ce \u00e0 ses politiques\u00bb, a d\u00e9clar\u00e9 Scott Bessent lors d\u2019un \u00e9v\u00e9nement organis\u00e9 par la cha\u00eene CNBC en marge des r\u00e9unions annuelles du Fonds mon\u00e9taire international (FMI) et de la Banque mondiale \u00e0 Washington. \u00abLa seule chose qui nous ralentit ici, c\u2019est ce shutdown\u00bb, a ajout\u00e9 le ministre des Finances. \u00abJe pense que nous pourrions entrer dans une p\u00e9riode comparable \u00e0 la fin des ann\u00e9es 1800 avec l\u2019arriv\u00e9e des chemins de fer, ou aux ann\u00e9es 1990 avec l\u2019essor d\u2019internet et des technologies de bureau\u00bb, a conclu Scott Bessent.<\/p>\n<p class=\"fig-body-link\">\n            \u00c0 lire aussi<br \/>\n        <a class=\"fig-body-link__link fig-premium-mark\" href=\"http:\/\/www.lefigaro.fr\/conjoncture\/comment-l-amerique-de-trump-echappe-a-la-paralysie-apres-12-jours-de-shutdown-20251012\" target=\"_blank\" data-fig-type=\"Article\" rel=\"noopener\" data-gtm-custom-categorie=\"navigation\" data-gtm-custom-action=\"crossclick\" data-gtm-custom-label=\"Contextuel\" data-gtm-event=\"customEventSPE\" data-fig-domain=\"LEFIGARO\">Comment l\u2019Am\u00e9rique de Trump \u00e9chappe \u00e0 la paralysie apr\u00e8s 12\u00a0jours de \u00ab\u00a0shutdown\u00a0\u00bb<br \/>\n    <\/a>\n<\/p>\n<p>                                    <a class=\"fig-a11y-skip a11y-hidden\" href=\"#fig-a11y-skip-main-inarticle\"><br \/>\n        Passer la publicit\u00e9<br \/>\n    <\/a><\/p>\n<p>Le d\u00e9ficit am\u00e9ricain a diminu\u00e9, selon Bessent<\/p>\n<p class=\"fig-paragraph\">L\u2019ancien proche conseiller de Donald Trump sur les questions \u00e9conomiques a \u00e9galement affirm\u00e9 que le d\u00e9ficit am\u00e9ricain pour l\u2019exercice fiscal 2025, qui s\u2019est termin\u00e9 le 30 septembre, \u00e9tait inf\u00e9rieur aux 1833 milliards de dollars enregistr\u00e9s lors de l\u2019exercice pr\u00e9c\u00e9dent. Il n\u2019a pas donn\u00e9 de chiffre pr\u00e9cis, mais a indiqu\u00e9 que le ratio d\u00e9ficit\/PIB pourrait tomber autour des 3% dans les ann\u00e9es \u00e0 venir. Le d\u00e9partement du Tr\u00e9sor n\u2019a pas encore publi\u00e9 les chiffres officiels du d\u00e9ficit annuel. Le Bureau du budget du Congr\u00e8s (CBO) a estim\u00e9 la semaine derni\u00e8re que le d\u00e9ficit budg\u00e9taire pour l\u2019exercice 2025 avait l\u00e9g\u00e8rement diminu\u00e9, \u00e0 1817 milliards de dollars, malgr\u00e9 une hausse de 118 milliards des recettes douani\u00e8res li\u00e9e aux droits de douane impos\u00e9s par Donald Trump.<\/p>\n","protected":false},"excerpt":{"rendered":"Alors que la paralysie budg\u00e9taire s\u2019\u00e9ternise, un responsable du Tr\u00e9sor a corrig\u00e9 une estimation ant\u00e9rieure du ministre des&hellip;\n","protected":false},"author":2,"featured_media":467219,"comment_status":"","ping_status":"","sticky":false,"template":"","format":"standard","meta":{"footnotes":""},"categories":[5],"tags":[55322,11,73,1011,27,14,12,28],"class_list":{"0":"post-467218","1":"post","2":"type-post","3":"status-publish","4":"format-standard","5":"has-post-thumbnail","7":"category-international","8":"tag-shutdown","9":"tag-actualites","10":"tag-etats-unis","11":"tag-fr","12":"tag-france","13":"tag-international","14":"tag-news","15":"tag-world"},"share_on_mastodon":{"url":"https:\/\/pubeurope.com\/@fr\/115383494529603525","error":""},"_links":{"self":[{"href":"https:\/\/www.europesays.com\/fr\/wp-json\/wp\/v2\/posts\/467218","targetHints":{"allow":["GET"]}}],"collection":[{"href":"https:\/\/www.europesays.com\/fr\/wp-json\/wp\/v2\/posts"}],"about":[{"href":"https:\/\/www.europesays.com\/fr\/wp-json\/wp\/v2\/types\/post"}],"author":[{"embeddable":true,"href":"https:\/\/www.europesays.com\/fr\/wp-json\/wp\/v2\/users\/2"}],"replies":[{"embeddable":true,"href":"https:\/\/www.europesays.com\/fr\/wp-json\/wp\/v2\/comments?post=467218"}],"version-history":[{"count":0,"href":"https:\/\/www.europesays.com\/fr\/wp-json\/wp\/v2\/posts\/467218\/revisions"}],"wp:featuredmedia":[{"embeddable":true,"href":"https:\/\/www.europesays.com\/fr\/wp-json\/wp\/v2\/media\/467219"}],"wp:attachment":[{"href":"https:\/\/www.europesays.com\/fr\/wp-json\/wp\/v2\/media?parent=467218"}],"wp:term":[{"taxonomy":"category","embeddable":true,"href":"https:\/\/www.europesays.com\/fr\/wp-json\/wp\/v2\/categories?post=467218"},{"taxonomy":"post_tag","embeddable":true,"href":"https:\/\/www.europesays.com\/fr\/wp-json\/wp\/v2\/tags?post=467218"}],"curies":[{"name":"wp","href":"https:\/\/api.w.org\/{rel}","templated":true}]}}