{"id":467220,"date":"2025-10-16T10:59:11","date_gmt":"2025-10-16T10:59:11","guid":{"rendered":"https:\/\/www.europesays.com\/fr\/467220\/"},"modified":"2025-10-16T10:59:11","modified_gmt":"2025-10-16T10:59:11","slug":"convoque-par-la-justice-pour-corruption-de-mineur-le-chef-de-file-eelv-a-marseille-se-met-en-retrait","status":"publish","type":"post","link":"https:\/\/www.europesays.com\/fr\/467220\/","title":{"rendered":"convoqu\u00e9 par la justice pour \u00ab\u00a0corruption de mineur\u00a0\u00bb, le chef de file EELV \u00e0 Marseille se met en retrait"},"content":{"rendered":"<p>L&rsquo;affaire n&rsquo;a pas tra\u00een\u00e9. Au lendemain des r\u00e9v\u00e9lation de la Provence, Hassen Hammou, accus\u00e9 \u00ab\u00a0d&rsquo;incitation d&rsquo;un mineur par un majeur utilisant un moyen de communication \u00e9lectronique \u00e0 commettre un acte de nature sexuelle\u00a0\u00bb, a annonc\u00e9 sur X ce jeudi 16 octobre se retirer de sa fonction de chef de file EELV pour les prochaines municipales.<\/p>\n<p>\u00ab\u00a0Afin de prot\u00e9ger le collectif, j&rsquo;annonce me mettre en retrait de ma fonction de chef de file jusqu&rsquo;au d\u00e9lib\u00e9r\u00e9. Je remercie les militant-es qui m&rsquo;ont accord\u00e9 leur confiance \u00e0 une large majorit\u00e9, ainsi que toutes les personnes qui ces derni\u00e8res heures, m&rsquo;ont t\u00e9moign\u00e9 leur soutien. Je r\u00e9affirme mon innocence et esp\u00e8re que la justice fera toute la lumi\u00e8re sur cette affaire avec impartialit\u00e9 et s\u00e9r\u00e9nit\u00e9. Je reste profond\u00e9ment attach\u00e9 aux valeurs que nous d\u00e9fendons collectivement et \u00e0 l&rsquo;action que nous menons au service des Marseillaises et Marseillais. Cette p\u00e9riode de retrait est pour moi un moment de respect envers nos engagements communs et envers l&rsquo;institution judiciaire. Je reviendrai plus d\u00e9termin\u00e9 que jamais \u00e0 poursuivre notre travail d\u00e8s que la situation le permettra\u00a0\u00bb, a post\u00e9 sur X ce jeudi 16 octobre, <a href=\"https:\/\/www.laprovence.com\/article\/faits-divers-justice\/55660612426863\/info-la-provence-hassen-hammou-le-chef-de-file-eelv-a-marseille-convoque-devant-la-justice-pour-corruption-de-mineur\" target=\"_blank\" rel=\"noopener\">Hassen Hammou.<\/a><\/p>\n<p>Dans le viseur de la justice<\/p>\n<p>Selon nos informations, confirm\u00e9es de sources judiciaires, <a href=\"https:\/\/www.laprovence.com\/article\/elections\/40613560381563\/municipales-2026-a-marseille-hassen-hammou-designe-chef-de-file-deelv-pour-poursuivre-lalliance-a-gauche-avec-benoit-payan\" target=\"_blank\" rel=\"noopener\">l&rsquo;homme de 36 ans, fra\u00eechement d\u00e9sign\u00e9 chef de file d&rsquo;EELV <\/a>pour les prochaines \u00e9lections municipales de mars 2026, avec pour mission de poursuivre l&rsquo;alliance avec le Printemps Marseillais et Beno\u00eet Payan (DVG), est convoqu\u00e9 le 13 novembre prochain devant le tribunal correctionnel de Marseille. Il devra r\u00e9pondre du d\u00e9lit \u00ab\u00a0d&rsquo;incitation d&rsquo;un mineur par un majeur utilisant un moyen de communication \u00e9lectronique \u00e0 commettre un acte de nature sexuelle\u00a0\u00bb.<\/p>\n<p>La justice reproche \u00e0 Hassen Hammou d&rsquo;avoir voulu obtenir les faveurs d&rsquo;un mineur \u00e2g\u00e9 de 16\u00a0ans au moment des faits, en juin\u00a02024, apr\u00e8s un rendez-vous pris au domicile de ce dernier. Un\u00a0d\u00e9lit passible de sept ans d&#8217;emprisonnement et de 100\u00a0000\u00a0euros d&rsquo;amende.<\/p>\n","protected":false},"excerpt":{"rendered":"L&rsquo;affaire n&rsquo;a pas tra\u00een\u00e9. Au lendemain des r\u00e9v\u00e9lation de la Provence, Hassen Hammou, accus\u00e9 \u00ab\u00a0d&rsquo;incitation d&rsquo;un mineur par&hellip;\n","protected":false},"author":2,"featured_media":467221,"comment_status":"","ping_status":"","sticky":false,"template":"","format":"standard","meta":{"footnotes":""},"categories":[4],"tags":[17,11,1102,40199,1770,1011,27,58925,58924,303,12,5912,316,471,25],"class_list":{"0":"post-467220","1":"post","2":"type-post","3":"status-publish","4":"format-standard","5":"has-post-thumbnail","7":"category-france","8":"tag-17","9":"tag-actualites","10":"tag-breakingnews","11":"tag-convoque","12":"tag-corruption","13":"tag-fr","14":"tag-france","15":"tag-hammou","16":"tag-hassen","17":"tag-justice","18":"tag-news","19":"tag-par","20":"tag-politique","21":"tag-pour","22":"tag-republique-francaise"},"share_on_mastodon":{"url":"https:\/\/pubeurope.com\/@fr\/115383498486484692","error":""},"_links":{"self":[{"href":"https:\/\/www.europesays.com\/fr\/wp-json\/wp\/v2\/posts\/467220","targetHints":{"allow":["GET"]}}],"collection":[{"href":"https:\/\/www.europesays.com\/fr\/wp-json\/wp\/v2\/posts"}],"about":[{"href":"https:\/\/www.europesays.com\/fr\/wp-json\/wp\/v2\/types\/post"}],"author":[{"embeddable":true,"href":"https:\/\/www.europesays.com\/fr\/wp-json\/wp\/v2\/users\/2"}],"replies":[{"embeddable":true,"href":"https:\/\/www.europesays.com\/fr\/wp-json\/wp\/v2\/comments?post=467220"}],"version-history":[{"count":0,"href":"https:\/\/www.europesays.com\/fr\/wp-json\/wp\/v2\/posts\/467220\/revisions"}],"wp:featuredmedia":[{"embeddable":true,"href":"https:\/\/www.europesays.com\/fr\/wp-json\/wp\/v2\/media\/467221"}],"wp:attachment":[{"href":"https:\/\/www.europesays.com\/fr\/wp-json\/wp\/v2\/media?parent=467220"}],"wp:term":[{"taxonomy":"category","embeddable":true,"href":"https:\/\/www.europesays.com\/fr\/wp-json\/wp\/v2\/categories?post=467220"},{"taxonomy":"post_tag","embeddable":true,"href":"https:\/\/www.europesays.com\/fr\/wp-json\/wp\/v2\/tags?post=467220"}],"curies":[{"name":"wp","href":"https:\/\/api.w.org\/{rel}","templated":true}]}}