{"id":467224,"date":"2025-10-16T11:01:14","date_gmt":"2025-10-16T11:01:14","guid":{"rendered":"https:\/\/www.europesays.com\/fr\/467224\/"},"modified":"2025-10-16T11:01:14","modified_gmt":"2025-10-16T11:01:14","slug":"en-images-une-pluie-de-records-pour-le-cross-des-collegiens-du-bois-de-la-rive-a-unieux","status":"publish","type":"post","link":"https:\/\/www.europesays.com\/fr\/467224\/","title":{"rendered":"En images. Une pluie de records pour le cross des coll\u00e9giens du bois-de-la-Rive \u00e0 Unieux"},"content":{"rendered":"<p>Mardi, les coll\u00e9giens, filles et gar\u00e7ons, du Bois-de-la-Rive participaient au cross organis\u00e9 chaque ann\u00e9e \u00e0 cette p\u00e9riode. Deux parcours distincts, de 1\u00a0900 m\u00e8tres (6e et 5e) et 2\u00a0500 m\u00e8tres (4e et 3e), \u00e9taient propos\u00e9s dans le cadre d\u2019une journ\u00e9e banalis\u00e9e. Un mill\u00e9sime qui a donn\u00e9 lieu \u00e0 une pluie de records et \u00e0 la confirmation de talents.<\/p>\n","protected":false},"excerpt":{"rendered":"Mardi, les coll\u00e9giens, filles et gar\u00e7ons, du Bois-de-la-Rive participaient au cross organis\u00e9 chaque ann\u00e9e \u00e0 cette p\u00e9riode. Deux&hellip;\n","protected":false},"author":2,"featured_media":467225,"comment_status":"","ping_status":"","sticky":false,"template":"","format":"standard","meta":{"footnotes":""},"categories":[9653],"tags":[1111,11,2430,3599,7539,1057,1777,674,1011,27,12,25,4001,14024,14025],"class_list":{"0":"post-467224","1":"post","2":"type-post","3":"status-publish","4":"format-standard","5":"has-post-thumbnail","7":"category-saint-etienne","8":"tag-actu","9":"tag-actualites","10":"tag-auvergne-rhone-alpes","11":"tag-college-lycee","12":"tag-edition-loire-sud","13":"tag-education","14":"tag-eu","15":"tag-europe","16":"tag-fr","17":"tag-france","18":"tag-news","19":"tag-republique-francaise","20":"tag-saint-etienne","21":"tag-unieux","22":"tag-unieux-bassin"},"share_on_mastodon":{"url":"https:\/\/pubeurope.com\/@fr\/115383506420988513","error":""},"_links":{"self":[{"href":"https:\/\/www.europesays.com\/fr\/wp-json\/wp\/v2\/posts\/467224","targetHints":{"allow":["GET"]}}],"collection":[{"href":"https:\/\/www.europesays.com\/fr\/wp-json\/wp\/v2\/posts"}],"about":[{"href":"https:\/\/www.europesays.com\/fr\/wp-json\/wp\/v2\/types\/post"}],"author":[{"embeddable":true,"href":"https:\/\/www.europesays.com\/fr\/wp-json\/wp\/v2\/users\/2"}],"replies":[{"embeddable":true,"href":"https:\/\/www.europesays.com\/fr\/wp-json\/wp\/v2\/comments?post=467224"}],"version-history":[{"count":0,"href":"https:\/\/www.europesays.com\/fr\/wp-json\/wp\/v2\/posts\/467224\/revisions"}],"wp:featuredmedia":[{"embeddable":true,"href":"https:\/\/www.europesays.com\/fr\/wp-json\/wp\/v2\/media\/467225"}],"wp:attachment":[{"href":"https:\/\/www.europesays.com\/fr\/wp-json\/wp\/v2\/media?parent=467224"}],"wp:term":[{"taxonomy":"category","embeddable":true,"href":"https:\/\/www.europesays.com\/fr\/wp-json\/wp\/v2\/categories?post=467224"},{"taxonomy":"post_tag","embeddable":true,"href":"https:\/\/www.europesays.com\/fr\/wp-json\/wp\/v2\/tags?post=467224"}],"curies":[{"name":"wp","href":"https:\/\/api.w.org\/{rel}","templated":true}]}}