{"id":467230,"date":"2025-10-16T11:04:25","date_gmt":"2025-10-16T11:04:25","guid":{"rendered":"https:\/\/www.europesays.com\/fr\/467230\/"},"modified":"2025-10-16T11:04:25","modified_gmt":"2025-10-16T11:04:25","slug":"concert-chanson-variete-a-nancy-6","status":"publish","type":"post","link":"https:\/\/www.europesays.com\/fr\/467230\/","title":{"rendered":"Concert Chanson variete a Nancy"},"content":{"rendered":"<p>\t\t\t\t\t\t\t\t\t<a href=\"https:\/\/www.estrepublicain.fr\/pour-sortir\/loisirs\/Concert-musique\/Chanson-variete\/Lorraine\/Meurthe-et-moselle\/Nancy\/2026\/02\/20\/javascript:history.back();\" rel=\"nofollow noopener\" class=\"backToSearch\" target=\"_blank\">Retour \u00e0 la recherche<\/a><\/p>\n<p class=\"media-desc\" itemprop=\"description\">&#13;<br \/>\n\t\t\t\t\tL.E.J, c&rsquo;est l&rsquo;histoire d&rsquo;une amiti\u00e9 n\u00e9e bien avant la musique entre Lucie, Elisa et Juliette, trois voisines de Saint-Denis passionn\u00e9es de chant. Apr\u00e8s un buzz en 2015 gr\u00e2ce \u00e0 leurs medleys, elles doivent apprivoiser le succ\u00e8s fulgurant, pr\u00e9server leur identit\u00e9 et affirmer leur singularit\u00e9.&#13;<br \/>\n\t\t\t\t\t\t\t\t\t\t\t&#13;<br \/>\n\t\t\t\t\t\t\t\t\t\tDe leurs d\u00e9buts avec \u00ab\u00a0En attendant l&rsquo;album\u00a0\u00bb (2015) jusqu&rsquo;\u00e0 \u00ab\u00a0Volume II\u00a0\u00bb (2022), elles passent de reprises \u00e0 leurs propres compositions, remportant notamment une Victoire de la Musique en 2017.<\/p>\n<p>Leur nouvel album \u00ab\u00a0S&rsquo;aimer, c&rsquo;est une gal\u00e8re\u00a0\u00bb marque une \u00e9tape plus personnelle et brute : autoproduit, hybride entre r&rsquo;n&rsquo;b, chanson fran\u00e7aise et french touch, enrichi de collaborations avec Chilla et Nemir.<\/p>\n<p>\u00c0 travers leurs voix et leurs personnalit\u00e9s contrast\u00e9es \u2013 Elisa la diva chill, Lucie l&rsquo;\u00e9nergie d\u00e9bordante, Juliette l&rsquo;\u00e9quilibre zen et paillettes \u2013 elles chantent les contradictions de l&rsquo;amiti\u00e9, les gal\u00e8res du quotidien, les doutes comme les d\u00e9sirs.<\/p>\n<p>Au fond, s&rsquo;aimer signifie accepter ses failles, son chaos et celui des autres. Une d\u00e9claration d&rsquo;amour et d&rsquo;amiti\u00e9 sinc\u00e8re, sans filtre.&#13;\n\t\t\t\t  <\/p>\n","protected":false},"excerpt":{"rendered":"Retour \u00e0 la recherche &#13; L.E.J, c&rsquo;est l&rsquo;histoire d&rsquo;une amiti\u00e9 n\u00e9e bien avant la musique entre Lucie, Elisa&hellip;\n","protected":false},"author":2,"featured_media":467231,"comment_status":"","ping_status":"","sticky":false,"template":"","format":"standard","meta":{"footnotes":""},"categories":[9635],"tags":[1111,11,1777,674,1011,27,775,1702,12,25],"class_list":{"0":"post-467230","1":"post","2":"type-post","3":"status-publish","4":"format-standard","5":"has-post-thumbnail","7":"category-nancy","8":"tag-actu","9":"tag-actualites","10":"tag-eu","11":"tag-europe","12":"tag-fr","13":"tag-france","14":"tag-grand-est","15":"tag-nancy","16":"tag-news","17":"tag-republique-francaise"},"share_on_mastodon":{"url":"https:\/\/pubeurope.com\/@fr\/115383518140855948","error":""},"_links":{"self":[{"href":"https:\/\/www.europesays.com\/fr\/wp-json\/wp\/v2\/posts\/467230","targetHints":{"allow":["GET"]}}],"collection":[{"href":"https:\/\/www.europesays.com\/fr\/wp-json\/wp\/v2\/posts"}],"about":[{"href":"https:\/\/www.europesays.com\/fr\/wp-json\/wp\/v2\/types\/post"}],"author":[{"embeddable":true,"href":"https:\/\/www.europesays.com\/fr\/wp-json\/wp\/v2\/users\/2"}],"replies":[{"embeddable":true,"href":"https:\/\/www.europesays.com\/fr\/wp-json\/wp\/v2\/comments?post=467230"}],"version-history":[{"count":0,"href":"https:\/\/www.europesays.com\/fr\/wp-json\/wp\/v2\/posts\/467230\/revisions"}],"wp:featuredmedia":[{"embeddable":true,"href":"https:\/\/www.europesays.com\/fr\/wp-json\/wp\/v2\/media\/467231"}],"wp:attachment":[{"href":"https:\/\/www.europesays.com\/fr\/wp-json\/wp\/v2\/media?parent=467230"}],"wp:term":[{"taxonomy":"category","embeddable":true,"href":"https:\/\/www.europesays.com\/fr\/wp-json\/wp\/v2\/categories?post=467230"},{"taxonomy":"post_tag","embeddable":true,"href":"https:\/\/www.europesays.com\/fr\/wp-json\/wp\/v2\/tags?post=467230"}],"curies":[{"name":"wp","href":"https:\/\/api.w.org\/{rel}","templated":true}]}}