{"id":467246,"date":"2025-10-16T11:13:12","date_gmt":"2025-10-16T11:13:12","guid":{"rendered":"https:\/\/www.europesays.com\/fr\/467246\/"},"modified":"2025-10-16T11:13:12","modified_gmt":"2025-10-16T11:13:12","slug":"le-choc-entre-vannes-et-grenoble-delocalise","status":"publish","type":"post","link":"https:\/\/www.europesays.com\/fr\/467246\/","title":{"rendered":"Le choc entre Vannes et Grenoble d\u00e9localis\u00e9"},"content":{"rendered":"<p><strong>Selon les informations de Ouest<br \/>\nFrance, le choc de Pro D2 entre Vannes et Grenoble sera d\u00e9localis\u00e9<br \/>\nau Roazhon Park de Rennes le dimanche 16 novembre.<\/strong><\/p>\n<p>Le dimanche 16 novembre 2025 sera une date \u00e0 marquer d\u2019une<br \/>\npierre blanche dans l\u2019histoire de la 2e division fran\u00e7aise de<br \/>\nrugby, puisque pour la premi\u00e8re fois, un match de Pro D2 sera<br \/>\ndiffus\u00e9 un dimanche soir en prime-time sur Canal+. La<br \/>\ncha\u00eene crypt\u00e9e, qui ne diffuse plus de matchs de Ligue 1 depuis<br \/>\nquelques ann\u00e9es, n\u2019a pas de Grand Prix de Formule 1 ou de MotoGP \u00e0<br \/>\nproposer \u00e0 cette heure-l\u00e0, et encore moins de Top 14 puisqu\u2019il<br \/>\ns\u2019agira d\u2019un week-end o\u00f9 le XV de France joue (le samedi soir<br \/>\ncontre les Fidji \u00e0 Bordeaux). Canal+ et la Ligue nationale<br \/>\nde rugby avaient act\u00e9 ce changement dans la programmation de la 11e<br \/>\njourn\u00e9e de Pro D2 il y a trois semaines, et on sait d\u00e9sormais que<br \/>\nc\u2019est le match Vannes \u2013 Grenoble qui aura l\u2019honneur du match du<br \/>\ndimanche soir. Un match entre le rel\u00e9gu\u00e9 de Top 14 et le club battu<br \/>\nlors de l\u2019Access Match en juin dernier, qui se d\u00e9roulera au Roazhon<br \/>\nPark.<\/p>\n<p><strong>Ouest France r\u00e9v\u00e8le en effet ce jeudi qu\u2019un<br \/>\naccord a \u00e9t\u00e9 trouv\u00e9 entre le RC Vannes et le Stade Rennais, qui<br \/>\noccupe le stade mais qui ne jouera pas ce week-end l\u00e0 puisque les<br \/>\nfootballeurs seront en pleine tr\u00eave internationale.<\/strong> Ce ne<br \/>\nsera pas la premi\u00e8re fois que le Roazhon Park accueille un match de<br \/>\nrugby, puisqu\u2019en 2016, en plein Euro de football en France, il<br \/>\navait \u00e9t\u00e9 le th\u00e9\u00e2tre des demi-finales du Top 14 (photo).<\/p>\n<p>Vannes avait d\u00e9j\u00e0 jou\u00e9 \u00e0 Guingamp<br \/>\nen ao\u00fbt<\/p>\n<p>La distance entre Rennes et Vannes est de 115km (1h24 de<br \/>\nvoiture, 56min de train) mais nul doute que de nombreux supporters<br \/>\nvannetais feront le d\u00e9placement pour l\u2019occasion, ainsi que des<br \/>\namateurs de rugby venus de toute la Bretagne. <strong>Alors que la<br \/>\ncapacit\u00e9 du stade de la Rabine est de 12 500 places, celle du<br \/>\nRoazhon Park est de 29 700, ce qui devrait permettre de r\u00e9ussir une<br \/>\nbelle op\u00e9ration d\u2019un point de vue billetterie.<\/strong><\/p>\n<p>Ce n\u2019est pas la premi\u00e8re fois que le club breton se d\u00e9localise,<br \/>\npuisqu\u2019en ao\u00fbt dernier, il avait affront\u00e9 Toulouse \u00e0 Guingamp en<br \/>\nmatch de pr\u00e9paration dans un stade de Roudourou comble (19 000<br \/>\nplaces). Reste d\u00e9sormais \u00e0 savoir si les Vannetais, actuels<br \/>\ndeuxi\u00e8mes du classement derri\u00e8re Colomiers, parviendront \u00e0 dominer<br \/>\ndes Grenoblois seulement neuvi\u00e8mes.<\/p>\n","protected":false},"excerpt":{"rendered":"Selon les informations de Ouest France, le choc de Pro D2 entre Vannes et Grenoble sera d\u00e9localis\u00e9 au&hellip;\n","protected":false},"author":2,"featured_media":467247,"comment_status":"","ping_status":"","sticky":false,"template":"","format":"standard","meta":{"footnotes":""},"categories":[9566],"tags":[1111,11,2430,1777,674,1011,27,2731,12,2308,584,25,7091,57681,3165],"class_list":{"0":"post-467246","1":"post","2":"type-post","3":"status-publish","4":"format-standard","5":"has-post-thumbnail","7":"category-grenoble","8":"tag-actu","9":"tag-actualites","10":"tag-auvergne-rhone-alpes","11":"tag-eu","12":"tag-europe","13":"tag-fr","14":"tag-france","15":"tag-grenoble","16":"tag-news","17":"tag-pro-d2","18":"tag-rennes","19":"tag-republique-francaise","20":"tag-roazhon-park","21":"tag-sport365-fr","22":"tag-vannes"},"share_on_mastodon":{"url":"https:\/\/pubeurope.com\/@fr\/115383553537404128","error":""},"_links":{"self":[{"href":"https:\/\/www.europesays.com\/fr\/wp-json\/wp\/v2\/posts\/467246","targetHints":{"allow":["GET"]}}],"collection":[{"href":"https:\/\/www.europesays.com\/fr\/wp-json\/wp\/v2\/posts"}],"about":[{"href":"https:\/\/www.europesays.com\/fr\/wp-json\/wp\/v2\/types\/post"}],"author":[{"embeddable":true,"href":"https:\/\/www.europesays.com\/fr\/wp-json\/wp\/v2\/users\/2"}],"replies":[{"embeddable":true,"href":"https:\/\/www.europesays.com\/fr\/wp-json\/wp\/v2\/comments?post=467246"}],"version-history":[{"count":0,"href":"https:\/\/www.europesays.com\/fr\/wp-json\/wp\/v2\/posts\/467246\/revisions"}],"wp:featuredmedia":[{"embeddable":true,"href":"https:\/\/www.europesays.com\/fr\/wp-json\/wp\/v2\/media\/467247"}],"wp:attachment":[{"href":"https:\/\/www.europesays.com\/fr\/wp-json\/wp\/v2\/media?parent=467246"}],"wp:term":[{"taxonomy":"category","embeddable":true,"href":"https:\/\/www.europesays.com\/fr\/wp-json\/wp\/v2\/categories?post=467246"},{"taxonomy":"post_tag","embeddable":true,"href":"https:\/\/www.europesays.com\/fr\/wp-json\/wp\/v2\/tags?post=467246"}],"curies":[{"name":"wp","href":"https:\/\/api.w.org\/{rel}","templated":true}]}}