{"id":467252,"date":"2025-10-16T11:16:10","date_gmt":"2025-10-16T11:16:10","guid":{"rendered":"https:\/\/www.europesays.com\/fr\/467252\/"},"modified":"2025-10-16T11:16:10","modified_gmt":"2025-10-16T11:16:10","slug":"les-billets-a-partir-de-51-e","status":"publish","type":"post","link":"https:\/\/www.europesays.com\/fr\/467252\/","title":{"rendered":"les billets \u00e0 partir de 51 \u20ac"},"content":{"rendered":"<p>            Par<br \/>\n        <strong><br \/>\n            <a href=\"https:\/\/actu.fr\/auteur\/thomas-blanc\" title=\"Consulter tous les articles de Thomas Blanc\" target=\"_blank\" rel=\"noopener\">Thomas Blanc<\/a><br \/>\n        <\/strong><\/p>\n<p>        Publi\u00e9 le<\/p>\n<p>            16 oct. 2025 \u00e0 12h41        <\/p>\n<p>La compagnie a\u00e9rienne <strong>low-cost<\/strong> <a href=\"https:\/\/actu.fr\/tag\/easy-jet\" target=\"_blank\" rel=\"noopener\">easyJet<\/a> a d\u00e9j\u00e0 ouvert <a href=\"https:\/\/actu.fr\/grand-est\/strasbourg_67482\/easyjet-lance-trois-nouvelles-destinations-depuis-l-aeroport-de-strasbourg-l-aller-a-partir-de-40_62797415.html\" target=\"_blank\" rel=\"noopener\">trois nouvelles lignes internationales au d\u00e9part de l\u2019a\u00e9roport de Strasbourg<\/a> cette ann\u00e9e. Elle vient de nouveau d\u2019en annoncer une dont <strong>les vols d\u00e9buteront en mai\u00a02026<\/strong>.<\/p>\n<p>easyJet annonce une nouvelle ligne vers Marrakech depuis l\u2019a\u00e9roport de Strasbourg<\/p>\n<p class=\" wall-content\">C\u2019est avec la cr\u00e9ation d\u2019une nouvelle base permanente <strong>\u00e0 Marrakech<\/strong> que la compagnie lance une liaison depuis la capitale alsacienne. Plus pr\u00e9cis\u00e9ment, \u00e0 partir du 3 mai 2026, <strong>deux avions par semaine<\/strong> relieront Strasbourg \u00e0 la \u00ab\u00a0ville rouge\u00a0\u00bb.<\/p>\n<p class=\" wall-content\">Ces avions voleront les jeudis et dimanches et une place \u00e0 bord <strong>co\u00fbtera au minimum 51\u00a0euros<\/strong>.<\/p>\n<p class=\" wall-content\">Cette nouvelle destination poursuit le <strong>d\u00e9veloppement d\u2019easyJet \u00e0 Strasbourg<\/strong>. La compagnie a fait <a href=\"https:\/\/actu.fr\/grand-est\/strasbourg_67482\/aeroport-de-strasbourg-de-nouvelles-lignes-easyjet-vers-ces-villes-europeennes-a-prix-doux_61755132.html\" target=\"_blank\" rel=\"noopener\">son retour de sur l\u2019a\u00e9roport d\u2019Entzheim \u00e0 la fin de l\u2019ann\u00e9e 2024<\/a> et propose des vols vers Manchester, Milan, Rome, <a href=\"https:\/\/actu.fr\/grand-est\/strasbourg_67482\/easyjet-veut-renforcer-les-frequences-de-deux-lignes-depuis-l-aeroport-de-strasbourg-voici-lesquelles_62325936.html\" target=\"_blank\" rel=\"noopener\">Londres, Nice<\/a> ou encore Barcelone.<\/p>\n<p class=\" wall-content\">Personnalisez votre actualit\u00e9 en ajoutant vos villes et m\u00e9dias en favori avec <a href=\"https:\/\/moncompte.actu.fr\" title=\"D\u00e9couvez Mon Actu\" rel=\"nofollow noopener\" data-trk=\"{&quot;cta&quot;:{&quot;action&quot;:&quot;https:\\\/\\\/moncompte.actu.fr&quot;,&quot;category&quot;:&quot;mon compte&quot;,&quot;from&quot;:&quot;article footer&quot;,&quot;name&quot;:&quot;Mon actu&quot;,&quot;type&quot;:&quot;cta&quot;}}\" target=\"_blank\">Mon Actu<\/a>.<\/p>\n","protected":false},"excerpt":{"rendered":"Par Thomas Blanc Publi\u00e9 le 16 oct. 2025 \u00e0 12h41 La compagnie a\u00e9rienne low-cost easyJet a d\u00e9j\u00e0 ouvert&hellip;\n","protected":false},"author":2,"featured_media":467253,"comment_status":"","ping_status":"","sticky":false,"template":"","format":"standard","meta":{"footnotes":""},"categories":[2820],"tags":[1111,11,30491,12527,1777,674,1011,27,775,1305,12,25,640],"class_list":{"0":"post-467252","1":"post","2":"type-post","3":"status-publish","4":"format-standard","5":"has-post-thumbnail","7":"category-strasbourg","8":"tag-actu","9":"tag-actualites","10":"tag-aeroport-de-strasbourg","11":"tag-easy-jet","12":"tag-eu","13":"tag-europe","14":"tag-fr","15":"tag-france","16":"tag-grand-est","17":"tag-lifestyle","18":"tag-news","19":"tag-republique-francaise","20":"tag-strasbourg"},"share_on_mastodon":{"url":"https:\/\/pubeurope.com\/@fr\/115383565368173749","error":""},"_links":{"self":[{"href":"https:\/\/www.europesays.com\/fr\/wp-json\/wp\/v2\/posts\/467252","targetHints":{"allow":["GET"]}}],"collection":[{"href":"https:\/\/www.europesays.com\/fr\/wp-json\/wp\/v2\/posts"}],"about":[{"href":"https:\/\/www.europesays.com\/fr\/wp-json\/wp\/v2\/types\/post"}],"author":[{"embeddable":true,"href":"https:\/\/www.europesays.com\/fr\/wp-json\/wp\/v2\/users\/2"}],"replies":[{"embeddable":true,"href":"https:\/\/www.europesays.com\/fr\/wp-json\/wp\/v2\/comments?post=467252"}],"version-history":[{"count":0,"href":"https:\/\/www.europesays.com\/fr\/wp-json\/wp\/v2\/posts\/467252\/revisions"}],"wp:featuredmedia":[{"embeddable":true,"href":"https:\/\/www.europesays.com\/fr\/wp-json\/wp\/v2\/media\/467253"}],"wp:attachment":[{"href":"https:\/\/www.europesays.com\/fr\/wp-json\/wp\/v2\/media?parent=467252"}],"wp:term":[{"taxonomy":"category","embeddable":true,"href":"https:\/\/www.europesays.com\/fr\/wp-json\/wp\/v2\/categories?post=467252"},{"taxonomy":"post_tag","embeddable":true,"href":"https:\/\/www.europesays.com\/fr\/wp-json\/wp\/v2\/tags?post=467252"}],"curies":[{"name":"wp","href":"https:\/\/api.w.org\/{rel}","templated":true}]}}