{"id":467262,"date":"2025-10-16T11:22:17","date_gmt":"2025-10-16T11:22:17","guid":{"rendered":"https:\/\/www.europesays.com\/fr\/467262\/"},"modified":"2025-10-16T11:22:17","modified_gmt":"2025-10-16T11:22:17","slug":"des-annees-de-travaux-en-perspective-a-nantes-coup-denvoi-de-limmense-chantier-de-renovation-de-la-tour-bretagne","status":"publish","type":"post","link":"https:\/\/www.europesays.com\/fr\/467262\/","title":{"rendered":"Des ann\u00e9es de travaux en perspective\u00a0: \u00e0 Nantes, coup d\u2019envoi de l\u2019immense chantier de r\u00e9novation de la tour Bretagne"},"content":{"rendered":"<p>C\u2019est l\u2019un des b\u00e2timents les plus embl\u00e9matiques de la capitale des Pays de la Loire. Les travaux de modernisation de la tour Bretagne, \u00e0 Nantes, d\u00e9buteront en novembre sous la houlette du groupe rennais Giboire. Propri\u00e9taire majoritaire des lieux, l\u2019entreprise d\u2019immobilier a pr\u00e9vu de compl\u00e8tement <a href=\"https:\/\/www.letelegramme.fr\/ille-et-vilaine\/rennes-35000\/hotel-rooftop-logements-comment-giboire-va-transformer-la-tour-bretagne-a-nantes-4042393.php#tbl-em-lnsqb2gy1wph9pjf4q\" target=\"_blank\" rel=\"noopener\">r\u00e9nover ce b\u00e2timent vieillissant<\/a> de 144 m\u00e8tres de haut, construit dans les ann\u00e9es 1970 et ferm\u00e9 depuis 2020.<\/p>\n<p>\u00c0 la place des bureaux actuels, environ 200 logements verront le jour ainsi qu\u2019un h\u00f4tel, un rooftop, un belv\u00e9d\u00e8re accessible au public, des commerces, des parkings souterrains et un lieu de coworking. Montant total du projet, imagin\u00e9 par les agences d\u2019architecture et d\u2019urbanisme <a href=\"https:\/\/www.letelegramme.fr\/economie\/entreprise\/a-nantes-on-sait-qui-giboire-a-choisi-pour-transformer-la-tour-bretagne-6449841.php\" target=\"_blank\" rel=\"noopener\">PCA-Stream et Magnum<\/a> : environ 135 M\u20ac.<\/p>\n<p>25 000 m\u00b2 de surface r\u00e9nov\u00e9s<\/p>\n<p>Le chantier de r\u00e9habilitation de la tour, qui portera au total sur 25 000 m\u00b2 de surface de plancher et une trentaine d\u2019\u00e9tages, commence par une phase de curage et de d\u00e9samiantage. Des op\u00e9rations pr\u00e9vues pour durer jusqu\u2019\u00e0 la fin de l\u2019ann\u00e9e 2026. Suivront d\u2019autres travaux qui s\u2019\u00e9taleront jusqu\u2019en 2028-2029, horizon pr\u00e9visionnel de livraison du chantier.<\/p>\n<p>\u00ab Pour [la] premi\u00e8re phase de travaux, l\u2019emprise du chantier sera limit\u00e9e \u00e0 une partie de la place Bretagne (face \u00e0 l\u2019entr\u00e9e de la tour) et au droit du b\u00e2timent sur la rue du Pont Sauvetout, indique Giboire. La rue de l\u2019Abreuvoir sera ferm\u00e9e \u00e0 la circulation et r\u00e9serv\u00e9e aux pi\u00e9tons et cycles, les acc\u00e8s automobiles au parking public Bretagne ne seront plus possibles par cette voie. \u00bb La circulation du tramway et les cheminements pi\u00e9tons et v\u00e9los ne seront pas impact\u00e9s.<\/p>\n","protected":false},"excerpt":{"rendered":"C\u2019est l\u2019un des b\u00e2timents les plus embl\u00e9matiques de la capitale des Pays de la Loire. Les travaux de&hellip;\n","protected":false},"author":2,"featured_media":467263,"comment_status":"","ping_status":"","sticky":false,"template":"","format":"standard","meta":{"footnotes":""},"categories":[2818],"tags":[1111,11,1777,674,1011,27,4555,3047,766,12,2636,25],"class_list":{"0":"post-467262","1":"post","2":"type-post","3":"status-publish","4":"format-standard","5":"has-post-thumbnail","7":"category-nantes","8":"tag-actu","9":"tag-actualites","10":"tag-eu","11":"tag-europe","12":"tag-fr","13":"tag-france","14":"tag-local","15":"tag-loire-atlantique","16":"tag-nantes","17":"tag-news","18":"tag-pays-de-la-loire","19":"tag-republique-francaise"},"share_on_mastodon":{"url":"https:\/\/pubeurope.com\/@fr\/115383589048063513","error":""},"_links":{"self":[{"href":"https:\/\/www.europesays.com\/fr\/wp-json\/wp\/v2\/posts\/467262","targetHints":{"allow":["GET"]}}],"collection":[{"href":"https:\/\/www.europesays.com\/fr\/wp-json\/wp\/v2\/posts"}],"about":[{"href":"https:\/\/www.europesays.com\/fr\/wp-json\/wp\/v2\/types\/post"}],"author":[{"embeddable":true,"href":"https:\/\/www.europesays.com\/fr\/wp-json\/wp\/v2\/users\/2"}],"replies":[{"embeddable":true,"href":"https:\/\/www.europesays.com\/fr\/wp-json\/wp\/v2\/comments?post=467262"}],"version-history":[{"count":0,"href":"https:\/\/www.europesays.com\/fr\/wp-json\/wp\/v2\/posts\/467262\/revisions"}],"wp:featuredmedia":[{"embeddable":true,"href":"https:\/\/www.europesays.com\/fr\/wp-json\/wp\/v2\/media\/467263"}],"wp:attachment":[{"href":"https:\/\/www.europesays.com\/fr\/wp-json\/wp\/v2\/media?parent=467262"}],"wp:term":[{"taxonomy":"category","embeddable":true,"href":"https:\/\/www.europesays.com\/fr\/wp-json\/wp\/v2\/categories?post=467262"},{"taxonomy":"post_tag","embeddable":true,"href":"https:\/\/www.europesays.com\/fr\/wp-json\/wp\/v2\/tags?post=467262"}],"curies":[{"name":"wp","href":"https:\/\/api.w.org\/{rel}","templated":true}]}}