{"id":467272,"date":"2025-10-16T11:27:11","date_gmt":"2025-10-16T11:27:11","guid":{"rendered":"https:\/\/www.europesays.com\/fr\/467272\/"},"modified":"2025-10-16T11:27:11","modified_gmt":"2025-10-16T11:27:11","slug":"malgre-des-prix-eleves-les-places-secoulent-en-moins-de-15-minutes","status":"publish","type":"post","link":"https:\/\/www.europesays.com\/fr\/467272\/","title":{"rendered":"malgr\u00e9 des prix \u00e9lev\u00e9s, les places s&rsquo;\u00e9coulent en moins de 15 minutes"},"content":{"rendered":"<p>            Par<br \/>\n        <strong><br \/>\n            <a href=\"https:\/\/actu.fr\/auteur\/hervine-mahaud\" title=\"Consulter tous les articles de Hervine Mahaud\" target=\"_blank\" rel=\"noopener\">Hervine Mahaud<\/a><br \/>\n        <\/strong><\/p>\n<p>        Publi\u00e9 le<\/p>\n<p>            16 oct. 2025 \u00e0 12h49        <\/p>\n<p>L\u2019annonce du <a href=\"https:\/\/actu.fr\/hauts-de-france\/villeneuve-d-ascq_59009\/une-date-a-lille-dans-une-tournee-europeenne-evenement-cette-superstar-se-produira-a-pierre-mauroy-en-2026_63278881.html\" target=\"_blank\" rel=\"noopener\"><b>concert<\/b> de <\/a><b><a href=\"https:\/\/actu.fr\/hauts-de-france\/villeneuve-d-ascq_59009\/une-date-a-lille-dans-une-tournee-europeenne-evenement-cette-superstar-se-produira-a-pierre-mauroy-en-2026_63278881.html\" target=\"_blank\" rel=\"noopener\">The Weeknd<\/a> <\/b>au <b>stade Pierre Mauroy<\/b> \u2013 Decathlon Arena, de Villeneuve-d\u2019Ascq, pr\u00e8s de <a href=\"https:\/\/actu.fr\/lille\/\" target=\"_blank\" rel=\"noopener\">Lille<\/a>, les 3 et 4 juillet 2026, a g\u00e9n\u00e9r\u00e9 une ru\u00e9e des fans. Lorsque la <b>billetterie<\/b> a ouvert ce jeudi 16 octobre 2025 \u00e0 12 h, les places se sont \u00e9coul\u00e9es \u00e0 une vitesse fulgurante. Nous \u00e9tions dans la file d\u2019attente virtuelle pour tenter de d\u00e9crocher le pr\u00e9cieux s\u00e9same.\u00a0<\/p>\n<p>Les places, m\u00eame les plus ch\u00e8res, vendues en quelques minutes<\/p>\n<p class=\" wall-content\">Il fallait s\u2019y attendre : les places du concert de The Weeknd, dans le cadre de sa tourn\u00e9e After Hours Til Dawn, se sont vendues comme des petits pains. Si bien qu\u2019\u00e0 12h10, heure \u00e0 laquelle nous avons pu acc\u00e9der \u00e0 la billetterie, la majeure partie des cat\u00e9gories affichaient \u00ab\u00a0\u00e9puis\u00e9\u00a0\u00bb sur le site de vente Ticket Master.<\/p>\n<p>    <img   decoding=\"async\" loading=\"lazy\" class=\"size-large\" src=\"https:\/\/www.europesays.com\/fr\/wp-content\/uploads\/2025\/10\/c172d79bc0f86b572d79bc0f87972dv-960x634.jpg\" alt=\"Il ne restait plus beaucoup de places lors de notre arriv\u00e9e sur la billetterie.\" width=\"960\" height=\"634\"\/><br \/>\n    Il ne restait plus beaucoup de places lors de notre arriv\u00e9e sur la billetterie. \u00a9Capture \u00e9cran Ticket Master<\/p>\n<p class=\" wall-content\">Apr\u00e8s une dizaine de minutes d\u2019attente dans la file, il ne restait que les places les plus on\u00e9reuses : celles de la cat\u00e9gorie or, \u00e0 178,50 \u20ac pour la pelouse, et 200,50 \u20ac pour le carr\u00e9 or. Une place \u00ab\u00a0pelouse\u00a0\u00bb \u00e9tait quant \u00e0 elle vendue \u00e0 134,50 \u20ac tandis que la cat\u00e9gorie 1 \u00e9tait \u00e0 151 \u20ac.<\/p>\n<p class=\" wall-content\">Malgr\u00e9 ces prix particuli\u00e8rement \u00e9lev\u00e9s, les billets se sont \u00e9coul\u00e9s \u00e0 une vitesse \u00e9clair : 15 minutes, pas plus.<\/p>\n<p class=\" wall-content\">Le site Ticket Master a cependant r\u00e9sist\u00e9 \u00e0 l\u2019affluence des milliers de fans : aucun bug \u00e0 signaler lors de toute notre exp\u00e9rience d\u2019achat.<\/p>\n<p>Des places vendues d\u00e8s le 14 octobre \u00e0 certains chanceux<\/p>\n<p class=\" wall-content\">Les places les moins ch\u00e8res, celles des cat\u00e9gories 3 et 4, (68,50 \u20ac et 96 \u20ac), \u00e9taient en r\u00e9alit\u00e9 \u00e9puis\u00e9es bien avant la mise en vente, puisque r\u00e9serv\u00e9es aux chanceux d\u00e9tenteurs d\u2019une carte Master Card. Ces derniers avaient la primeur et ont pu tranquillement acheter leurs tickets d\u00e8s le 14 octobre lors d\u2019une pr\u00e9vente.<\/p>\n<p>Votre r\u00e9gion, votre actu !<\/p>\n<p>Recevez chaque jour les infos qui comptent pour vous.<\/p>\n<p>\t<a href=\"https:\/\/actu.fr\/newsletter\" class=\"ac-btn ac-btn--corner ac-btn--medium ac-btn--blue800\" target=\"_blank\" rel=\"noopener\">S&rsquo;incrire<\/a><\/p>\n<p>    <a href=\"https:\/\/www.facebook.com\/plugins\/post.php?href=https%3A%2F%2Fwww.facebook.com%2Flivenationfrance%2Fposts%2Fpfbid02oSmZybpdUnvMuXnoWYaYtRWLZGGE2SzvRw2fqtMGKNUCpsCinWoGRgeFSaTjiL9wl&amp;show_text=true&amp;width=350\" title=\"Ouvrie le lien\" target=\"_blank\" rel=\"noopener\">Cliquez ici pour visualiser le contenu<\/a><\/p>\n<p class=\" wall-content\">Personnalisez votre actualit\u00e9 en ajoutant vos villes et m\u00e9dias en favori avec <a href=\"https:\/\/moncompte.actu.fr\" title=\"D\u00e9couvez Mon Actu\" rel=\"nofollow noopener\" data-trk=\"{&quot;cta&quot;:{&quot;action&quot;:&quot;https:\\\/\\\/moncompte.actu.fr&quot;,&quot;category&quot;:&quot;mon compte&quot;,&quot;from&quot;:&quot;article footer&quot;,&quot;name&quot;:&quot;Mon actu&quot;,&quot;type&quot;:&quot;cta&quot;}}\" target=\"_blank\">Mon Actu<\/a>.<\/p>\n","protected":false},"excerpt":{"rendered":"Par Hervine Mahaud Publi\u00e9 le 16 oct. 2025 \u00e0 12h49 L\u2019annonce du concert de The Weeknd au stade&hellip;\n","protected":false},"author":2,"featured_media":467273,"comment_status":"","ping_status":"","sticky":false,"template":"","format":"standard","meta":{"footnotes":""},"categories":[2815],"tags":[1111,11,1697,1777,674,1011,27,811,1307,1652,12,25,13595],"class_list":{"0":"post-467272","1":"post","2":"type-post","3":"status-publish","4":"format-standard","5":"has-post-thumbnail","7":"category-lille","8":"tag-actu","9":"tag-actualites","10":"tag-concert","11":"tag-eu","12":"tag-europe","13":"tag-fr","14":"tag-france","15":"tag-hauts-de-france","16":"tag-lille","17":"tag-loisirs-culture","18":"tag-news","19":"tag-republique-francaise","20":"tag-stade-pierre-mauroy"},"share_on_mastodon":{"url":"https:\/\/pubeurope.com\/@fr\/115383608987070739","error":""},"_links":{"self":[{"href":"https:\/\/www.europesays.com\/fr\/wp-json\/wp\/v2\/posts\/467272","targetHints":{"allow":["GET"]}}],"collection":[{"href":"https:\/\/www.europesays.com\/fr\/wp-json\/wp\/v2\/posts"}],"about":[{"href":"https:\/\/www.europesays.com\/fr\/wp-json\/wp\/v2\/types\/post"}],"author":[{"embeddable":true,"href":"https:\/\/www.europesays.com\/fr\/wp-json\/wp\/v2\/users\/2"}],"replies":[{"embeddable":true,"href":"https:\/\/www.europesays.com\/fr\/wp-json\/wp\/v2\/comments?post=467272"}],"version-history":[{"count":0,"href":"https:\/\/www.europesays.com\/fr\/wp-json\/wp\/v2\/posts\/467272\/revisions"}],"wp:featuredmedia":[{"embeddable":true,"href":"https:\/\/www.europesays.com\/fr\/wp-json\/wp\/v2\/media\/467273"}],"wp:attachment":[{"href":"https:\/\/www.europesays.com\/fr\/wp-json\/wp\/v2\/media?parent=467272"}],"wp:term":[{"taxonomy":"category","embeddable":true,"href":"https:\/\/www.europesays.com\/fr\/wp-json\/wp\/v2\/categories?post=467272"},{"taxonomy":"post_tag","embeddable":true,"href":"https:\/\/www.europesays.com\/fr\/wp-json\/wp\/v2\/tags?post=467272"}],"curies":[{"name":"wp","href":"https:\/\/api.w.org\/{rel}","templated":true}]}}