{"id":467276,"date":"2025-10-16T11:29:09","date_gmt":"2025-10-16T11:29:09","guid":{"rendered":"https:\/\/www.europesays.com\/fr\/467276\/"},"modified":"2025-10-16T11:29:09","modified_gmt":"2025-10-16T11:29:09","slug":"marseille-la-chienne-titoune-recuperee-un-mois-apres-quelle-se-soit-echappee-les-grands-moyens-deployes","status":"publish","type":"post","link":"https:\/\/www.europesays.com\/fr\/467276\/","title":{"rendered":"Marseille. La chienne \u00ab\u00a0Titoune\u00a0\u00bb r\u00e9cup\u00e9r\u00e9e un mois apr\u00e8s qu&rsquo;elle se soit \u00e9chapp\u00e9e, les grands moyens d\u00e9ploy\u00e9s"},"content":{"rendered":"<p>            Par<br \/>\n        <strong><br \/>\n            <a href=\"https:\/\/actu.fr\/auteur\/fabien-binacchi\" title=\"Consulter tous les articles de Fabien Binacchi\" target=\"_blank\" rel=\"noopener\">Fabien Binacchi<\/a><br \/>\n        <\/strong><\/p>\n<p>        Publi\u00e9 le<\/p>\n<p>            16 oct. 2025 \u00e0 12h19        <\/p>\n<p>Depuis qu\u2019elle lui avait \u00e9chapp\u00e9, le 20\u00a0septembre dernier, dans le 8e arrondissement de <a href=\"https:\/\/actu.fr\/marseille\/\" target=\"_blank\" rel=\"noopener\">Marseille<\/a>, le propri\u00e9taire de \u00ab\u2009Titoune\u2009\u00bb n\u2019arrivait plus \u00e0 remettre la main sur <strong>cette imposante chienne Patou de 40kg.<\/strong> Dans la soir\u00e9e du 15\u00a0octobre 2025, pr\u00e8s d\u2019un mois plus tard, les grands moyens ont finalement \u00e9t\u00e9 d\u00e9ploy\u00e9s pour r\u00e9ussir \u00e0 la capturer. R\u00e9cit de cette op\u00e9ration XXL, m\u00ealant les <a href=\"https:\/\/actu.fr\/tag\/marin-pompier\" target=\"_blank\" rel=\"noopener\">marins-pompiers,<\/a> la police municipale et un v\u00e9t\u00e9rinaire.<\/p>\n<p>Des riverains l\u2019ont aper\u00e7ue<\/p>\n<p class=\" wall-content\">Il avait tout essay\u00e9 et presque un peu perdu espoir. Mais ce mercredi soir, le ma\u00eetre de \u00ab\u2009Titoune\u2009\u00bb a retrouv\u00e9 le sourire. En contactant le 18, des riverains du <strong>parc Pastr\u00e9<\/strong> (8e arrondissement) lui ont permis de r\u00e9cup\u00e9rer la chienne.<\/p>\n<p>    <a href=\"https:\/\/www.google.com\/maps\/embed?pb=!1m18!1m12!1m3!1d2906.545771495627!2d5.364672611961567!3d43.23998227100434!2m3!1f0!2f0!3f0!3m2!1i1024!2i768!4f13.1!3m3!1m2!1s0x12c9c7d243dc7bc3%3A0x335972d126e0782b!2sTerrain%20de%20football%20Pastr%C3%A9!5e0!3m2!1sfr!2sfr!4v1760608968127!5m2!1sfr!2sfr\" title=\"Ouvrie le lien\" target=\"_blank\" rel=\"noopener\">Cliquez ici pour visualiser le contenu<\/a><\/p>\n<p class=\" wall-content\">\u00ab\u2009Nous avons re\u00e7u des appels selon lesquels <strong>elle avait \u00e9t\u00e9 aper\u00e7ue<\/strong> et nous nous sommes imm\u00e9diatement rendus sur place\u2009\u00bb, racontent les marins-pompiers.<\/p>\n<p>Un drone mis \u00e0 contribution<\/p>\n<p class=\" wall-content\"><strong>D\u2019importants moyens sont mobilis\u00e9s.<\/strong> Une \u00e9quipe cynophile, un drone, des policiers municipaux, une association d\u2019aide aux animaux et un v\u00e9t\u00e9rinaire sont appel\u00e9s \u00e0 la rescousse. Les agents du parc sont \u00e9galement sur place.<\/p>\n<blockquote class=\"ac-article-quote wall-content\">\n<p>Le propri\u00e9taire du chien a r\u00e9ussi \u00e0 l&rsquo;approcher pour lui donner \u00e0 manger mais la chienne s&rsquo;est \u00e0 nouveau \u00e9loign\u00e9e. Le v\u00e9t\u00e9rinaire a r\u00e9ussi \u00e0 la &lsquo;fl\u00e9cher&rsquo; \u00e0 l&rsquo;aide d&rsquo;un somnif\u00e8re. Elle s&rsquo;est \u00e9chapp\u00e9e. Il nous a ensuite fallu 40 minutes pour la retrouver, endormie.<\/p>\n<p>    <strong>Les marins-pompiers de Marseille<\/strong>\n            <\/p><\/blockquote>\n<p class=\" wall-content\">R\u00e9cup\u00e9r\u00e9e avec le plus grand soin et plac\u00e9e en observation pour la nuit,<strong> \u00ab\u2009Titoune\u2009\u00bb a pu retrouver son foyer ce jeudi 16\u00a0octobre,<\/strong> dans la matin\u00e9e.<\/p>\n<p>Votre r\u00e9gion, votre actu !<\/p>\n<p>Recevez chaque jour les infos qui comptent pour vous.<\/p>\n<p>\t<a href=\"https:\/\/actu.fr\/newsletter\" class=\"ac-btn ac-btn--corner ac-btn--medium ac-btn--blue800\" target=\"_blank\" rel=\"noopener\">S&rsquo;incrire<\/a><br \/>\n\u00ab\u2009Amaigrie, mais en bonne sant\u00e9\u2009\u00bb<\/p>\n<p class=\" wall-content\">\u00ab\u2009<strong>Elle s\u2019est tr\u00e8s bien r\u00e9veill\u00e9e,<\/strong> rassure Laurie Pierdon, responsable adjointe du groupe Sacpa 13, qui l\u2019a prise en charge apr\u00e8s son sauvetage. Elle a \u00e9t\u00e9 retrouv\u00e9e amaigrie et sale, ce qui est normal apr\u00e8s un mois de divagation, mais elle va bien.\u2009\u00bb<\/p>\n<p class=\" wall-content\">Et de pr\u00e9ciser\u2009: \u00ab\u2009C\u2019est une chienne tr\u00e8s sympa\u2009\u00bb. Et qui aurait sans doute des tonnes d\u2019histoires \u00e0 raconter apr\u00e8s ce mois pass\u00e9 en libert\u00e9.<\/p>\n<p class=\" wall-content\">Personnalisez votre actualit\u00e9 en ajoutant vos villes et m\u00e9dias en favori avec <a href=\"https:\/\/moncompte.actu.fr\" title=\"D\u00e9couvez Mon Actu\" rel=\"nofollow noopener\" data-trk=\"{&quot;cta&quot;:{&quot;action&quot;:&quot;https:\\\/\\\/moncompte.actu.fr&quot;,&quot;category&quot;:&quot;mon compte&quot;,&quot;from&quot;:&quot;article footer&quot;,&quot;name&quot;:&quot;Mon actu&quot;,&quot;type&quot;:&quot;cta&quot;}}\" target=\"_blank\">Mon Actu<\/a>.<\/p>\n","protected":false},"excerpt":{"rendered":"Par Fabien Binacchi Publi\u00e9 le 16 oct. 2025 \u00e0 12h19 Depuis qu\u2019elle lui avait \u00e9chapp\u00e9, le 20\u00a0septembre dernier,&hellip;\n","protected":false},"author":2,"featured_media":467277,"comment_status":"","ping_status":"","sticky":false,"template":"","format":"standard","meta":{"footnotes":""},"categories":[2814],"tags":[1111,11,1867,4850,1777,674,1011,27,1757,17289,884,12,882,25],"class_list":{"0":"post-467276","1":"post","2":"type-post","3":"status-publish","4":"format-standard","5":"has-post-thumbnail","7":"category-marseille","8":"tag-actu","9":"tag-actualites","10":"tag-animaux","11":"tag-chien","12":"tag-eu","13":"tag-europe","14":"tag-fr","15":"tag-france","16":"tag-insolite","17":"tag-marin-pompier","18":"tag-marseille","19":"tag-news","20":"tag-provence-alpes-cote-dazur","21":"tag-republique-francaise"},"share_on_mastodon":{"url":"https:\/\/pubeurope.com\/@fr\/115383616450880038","error":""},"_links":{"self":[{"href":"https:\/\/www.europesays.com\/fr\/wp-json\/wp\/v2\/posts\/467276","targetHints":{"allow":["GET"]}}],"collection":[{"href":"https:\/\/www.europesays.com\/fr\/wp-json\/wp\/v2\/posts"}],"about":[{"href":"https:\/\/www.europesays.com\/fr\/wp-json\/wp\/v2\/types\/post"}],"author":[{"embeddable":true,"href":"https:\/\/www.europesays.com\/fr\/wp-json\/wp\/v2\/users\/2"}],"replies":[{"embeddable":true,"href":"https:\/\/www.europesays.com\/fr\/wp-json\/wp\/v2\/comments?post=467276"}],"version-history":[{"count":0,"href":"https:\/\/www.europesays.com\/fr\/wp-json\/wp\/v2\/posts\/467276\/revisions"}],"wp:featuredmedia":[{"embeddable":true,"href":"https:\/\/www.europesays.com\/fr\/wp-json\/wp\/v2\/media\/467277"}],"wp:attachment":[{"href":"https:\/\/www.europesays.com\/fr\/wp-json\/wp\/v2\/media?parent=467276"}],"wp:term":[{"taxonomy":"category","embeddable":true,"href":"https:\/\/www.europesays.com\/fr\/wp-json\/wp\/v2\/categories?post=467276"},{"taxonomy":"post_tag","embeddable":true,"href":"https:\/\/www.europesays.com\/fr\/wp-json\/wp\/v2\/tags?post=467276"}],"curies":[{"name":"wp","href":"https:\/\/api.w.org\/{rel}","templated":true}]}}