{"id":467278,"date":"2025-10-16T11:30:12","date_gmt":"2025-10-16T11:30:12","guid":{"rendered":"https:\/\/www.europesays.com\/fr\/467278\/"},"modified":"2025-10-16T11:30:12","modified_gmt":"2025-10-16T11:30:12","slug":"marseille-hassen-hammou-chef-des-ecologistes-se-met-en-retrait-apres-des-accusations-de-corruption-de-mineur","status":"publish","type":"post","link":"https:\/\/www.europesays.com\/fr\/467278\/","title":{"rendered":"Marseille\u00a0: Hassen Hammou, chef des \u00e9cologistes, se met en retrait apr\u00e8s des accusations de corruption de mineur"},"content":{"rendered":"<p class=\"paragraph text_align_left lp-f-body-02\">Hassen Hammou a d\u00e9nonc\u00e9 mercredi un \u00ab proc\u00e8s politique \u00bb. L\u2019\u00e9lu, chef de file des <a href=\"https:\/\/www.leparisien.fr\/elections\/municipales\/municipales-2026-a-marseille-les-ecologistes-votent-pour-reconduire-la-coalition-de-gauche-15-10-2025-MKC4TIU6MZEJPHPWOMPHJB3YPU.php\" target=\"_self\" rel=\"noopener\">\u00e9cologistes \u00e0 Marseille<\/a> pour les municipales de mars, a toutefois annonc\u00e9 jeudi se mettre en retrait jusqu\u2019\u00e0 l\u2019issue de la proc\u00e9dure judiciaire le visant pour corruption de mineur.<\/p>\n<p class=\"paragraph text_align_left lp-f-body-02\">\u00ab Afin de prot\u00e9ger le collectif, j\u2019annonce me mettre en retrait de ma fonction de chef de file jusqu\u2019au d\u00e9lib\u00e9r\u00e9 \u00bb, annonce jeudi Hassen Hammou sur son compte X.<\/p>\n<p class=\"paragraph text_align_left lp-f-body-02\">\u00ab Je r\u00e9affirme mon innocence et esp\u00e8re que la justice fera toute la lumi\u00e8re sur cette affaire \u00bb, souligne-t-il. \u00ab Je reviendrai plus d\u00e9termin\u00e9 que jamais \u00e0 poursuivre notre travail d\u00e8s que la situation le permettra. \u00bb<\/p>\n<p>Convoqu\u00e9 le 13 novembre devant le tribunal<\/p>\n<p class=\"paragraph text_align_left lp-f-body-02\">Contact\u00e9 par l\u2019AFP, Les \u00c9cologistes indique qu\u2019un bureau politique sera organis\u00e9 dans la journ\u00e9e afin d\u2019\u00e9voquer ce dossier.<\/p>\n<p class=\"paragraph text_align_left lp-f-body-02\">Membre du bureau politique ex\u00e9cutif du parti, Hassen Hammou est convoqu\u00e9 le 13 novembre devant le tribunal correctionnel, a r\u00e9v\u00e9l\u00e9 La Provence mercredi. Il est accus\u00e9 de \u00ab corruption de mineur par un moyen de communication \u00e9lectronique \u00bb, des faits qu\u2019il conteste.<\/p>\n<p class=\"paragraph text_align_left lp-f-body-02\">L\u2019ancien porte-parole r\u00e9gional Paca venait mardi de se faire \u00e9lire pour reconduire les \u00e9cologistes dans la coalition d\u2019union de la gauche lors des municipales des 15 et 22 mars \u00e0 Marseille.<\/p>\n<p class=\"paragraph text_align_left lp-f-body-02\">S\u2019il avait donn\u00e9 rendez-vous \u00e0 une femme, il ne connaissait pas \u00ab sa minorit\u00e9 \u00bb, a-t-il affirm\u00e9. Lors de cette rencontre, il dit avoir \u00e9t\u00e9 \u00ab agress\u00e9 par deux personnes \u00bb et avoir \u00e9t\u00e9 victime d\u2019un vol. Pour ces faits, ces deux agresseurs \u00ab se sont fait condamner par la justice \u00bb a-t-il assur\u00e9.<\/p>\n<p class=\"paragraph text_align_left lp-f-body-02\">Tout en rappelant la \u00ab pr\u00e9somption d\u2019innocence \u00bb, l\u2019adjointe au maire de Marseille en charge de l\u2019environnement, Christine Juste, a salu\u00e9 la d\u00e9cision de Hassen Hammou de se mettre en retrait.<\/p>\n<p class=\"paragraph text_align_left lp-f-body-02\">\u00ab Il faut qu\u2019on montre \u00e0 nos concitoyens qu\u2019on n\u2019est pas au-dessus de tout \u00bb, a-t-elle dit \u00e0 l\u2019AFP. \u00ab Nous sommes en train de cr\u00e9er un mouvement, une dynamique pour les municipales, et rien ne peut mettre en p\u00e9ril la dynamique qu\u2019on essaye d\u2019impulser \u00bb.<\/p>\n<p class=\"paragraph text_align_left lp-f-body-02\">Mardi, les \u00e9cologistes des Bouches-du-Rh\u00f4ne ont aussi vot\u00e9 pour la reconduite de la coalition d\u2019union de la gauche d\u00e8s le premier tour des municipales marseillaises. Le choix d\u2019un chef de file s\u2019annonce donc symbolique : selon toute vraisemblance, la t\u00eate de liste du Printemps marseillais devrait \u00eatre le maire sortant, <a href=\"https:\/\/www.leparisien.fr\/bouches-du-rhone-13\/un-acte-fort-benoit-payan-annonce-le-jumelage-de-marseille-avec-bethleem-le-jour-de-la-reconnaissance-dun-etat-de-palestine-22-09-2025-CERGUEGQF5AMJA74KXGAISGKEE.php\" target=\"_self\" rel=\"noopener\">l\u2019ex-socialiste Beno\u00eet Payan<\/a> (divers gauche), m\u00eame si ce dernier n\u2019a pas encore officialis\u00e9 sa candidature.<\/p>\n","protected":false},"excerpt":{"rendered":"Hassen Hammou a d\u00e9nonc\u00e9 mercredi un \u00ab proc\u00e8s politique \u00bb. L\u2019\u00e9lu, chef de file des \u00e9cologistes \u00e0 Marseille&hellip;\n","protected":false},"author":2,"featured_media":464574,"comment_status":"","ping_status":"","sticky":false,"template":"","format":"standard","meta":{"footnotes":""},"categories":[2814],"tags":[1111,11,459,1777,674,1011,27,884,12,316,882,25],"class_list":{"0":"post-467278","1":"post","2":"type-post","3":"status-publish","4":"format-standard","5":"has-post-thumbnail","7":"category-marseille","8":"tag-actu","9":"tag-actualites","10":"tag-departements-horsidfo","11":"tag-eu","12":"tag-europe","13":"tag-fr","14":"tag-france","15":"tag-marseille","16":"tag-news","17":"tag-politique","18":"tag-provence-alpes-cote-dazur","19":"tag-republique-francaise"},"share_on_mastodon":{"url":"https:\/\/pubeurope.com\/@fr\/115383620458583792","error":""},"_links":{"self":[{"href":"https:\/\/www.europesays.com\/fr\/wp-json\/wp\/v2\/posts\/467278","targetHints":{"allow":["GET"]}}],"collection":[{"href":"https:\/\/www.europesays.com\/fr\/wp-json\/wp\/v2\/posts"}],"about":[{"href":"https:\/\/www.europesays.com\/fr\/wp-json\/wp\/v2\/types\/post"}],"author":[{"embeddable":true,"href":"https:\/\/www.europesays.com\/fr\/wp-json\/wp\/v2\/users\/2"}],"replies":[{"embeddable":true,"href":"https:\/\/www.europesays.com\/fr\/wp-json\/wp\/v2\/comments?post=467278"}],"version-history":[{"count":0,"href":"https:\/\/www.europesays.com\/fr\/wp-json\/wp\/v2\/posts\/467278\/revisions"}],"wp:featuredmedia":[{"embeddable":true,"href":"https:\/\/www.europesays.com\/fr\/wp-json\/wp\/v2\/media\/464574"}],"wp:attachment":[{"href":"https:\/\/www.europesays.com\/fr\/wp-json\/wp\/v2\/media?parent=467278"}],"wp:term":[{"taxonomy":"category","embeddable":true,"href":"https:\/\/www.europesays.com\/fr\/wp-json\/wp\/v2\/categories?post=467278"},{"taxonomy":"post_tag","embeddable":true,"href":"https:\/\/www.europesays.com\/fr\/wp-json\/wp\/v2\/tags?post=467278"}],"curies":[{"name":"wp","href":"https:\/\/api.w.org\/{rel}","templated":true}]}}