{"id":467279,"date":"2025-10-16T11:31:13","date_gmt":"2025-10-16T11:31:13","guid":{"rendered":"https:\/\/www.europesays.com\/fr\/467279\/"},"modified":"2025-10-16T11:31:13","modified_gmt":"2025-10-16T11:31:13","slug":"lyon-vanessa-paradis-en-concert-aux-nuits-de-fourviere-en-juin-2026","status":"publish","type":"post","link":"https:\/\/www.europesays.com\/fr\/467279\/","title":{"rendered":"Lyon. Vanessa Paradis en concert aux Nuits de Fourvi\u00e8re en juin 2026"},"content":{"rendered":"<p>C\u2019est un peu une habitu\u00e9e des lieux. Comme le prouve par exemple le dernier passage qu\u2019elle y a fait en 2019. Sans compter que du Radiant, <a href=\"https:\/\/www.leprogres.fr\/edition-lyon-villeurbanne\/2019\/11\/21\/vanessa-paradis-au-radiant-bellevue-ce-samedi-je-vis-toutes-mes-chansons-avec-coeur\" target=\"_blank\" rel=\"noopener\">pour un concert<\/a> , au Festival Lumi\u00e8re 2024, pour <a href=\"https:\/\/www.leprogres.fr\/culture-loisirs\/2024\/10\/13\/festival-lumiere-une-heure-et-demi-au-paradis-avec-vanessa\" target=\"_blank\" rel=\"noopener\">une rencontre en tant que com\u00e9dienne<\/a> , elle a inscrit Lyon dans sa g\u00e9ographie personnelle.<\/p>\n<p>Ce contenu est bloqu\u00e9 car vous n&rsquo;avez pas accept\u00e9 les cookies et autres traceurs.<\/p>\n<p>En cliquant sur \u00ab J\u2019accepte \u00bb, les cookies et autres traceurs seront d\u00e9pos\u00e9s et vous pourrez visualiser les contenus  (<a href=\"\" class=\"consentModule_policy\" target=\"_blank\" title=\"Consulter la politique de protection des donn\u00e9es du fournisseur\">plus d&rsquo;informations<\/a>).<\/p>\n<p>En cliquant sur \u00ab J\u2019accepte tous les cookies \u00bb, vous autorisez des d\u00e9p\u00f4ts de cookies et autres traceurs pour le stockage de vos donn\u00e9es sur nos sites et applications \u00e0 des fins de personnalisation et de ciblage publicitaire.<\/p>\n<p class=\"consentModule_secondaryText\">Vous gardez la possibilit\u00e9 de retirer votre consentement \u00e0 tout moment en consultant notre <a href=\"https:\/\/www.leprogres.fr\/protection-des-donnees\" target=\"_blank\" title=\"Consulter notre politique de protection des donn\u00e9es\" rel=\"noopener\">politique de protection des donn\u00e9es<\/a>. <br \/>&#13;<br \/>\n            <a href=\"https:\/\/www.leprogres.fr\/culture-loisirs\/2025\/10\/16\/javascript:Didomi.notice.show()\" class=\"consentModule_cmp\" target=\"_blank\" rel=\"noopener\">G\u00e9rer mes choix<\/a>&#13;\n        <\/p>\n<p>&#13;<br \/>\n                        J&rsquo;accepte&#13;<br \/>\n            J&rsquo;accepte tous les cookies&#13;\n        <\/p>\n<p>Vanessa Paradis revient donc dans la capitale des Gaules les 8 et 9\u00a0juin 2026 pour se produire aux prochaines Nuits de Fourvi\u00e8re. Celles-ci viennent de l\u2019annoncer sur leurs r\u00e9seaux sociaux, en pr\u00e9cisant que les premiers billets seront disponibles les 27, 28 et 29\u00a0novembre, \u00e0 l\u2019occasion des ventes de No\u00ebl traditionnelles du festival.<\/p>\n<p>L\u2019artiste y fera escale deux soirs de suite, les 8 et 9\u00a0juin, dans le cadre de sa tourn\u00e9e qui suit la sortie de son grand <a href=\"https:\/\/www.leprogres.fr\/culture-loisirs\/2025\/06\/06\/bouquet-final-vanessa-paradis-devoile-le-premier-extrait-de-son-nouvel-album\" target=\"_blank\" rel=\"noopener\">retour musical<\/a> avec son album Le Retour des beaux jours , paru ce 10\u00a0octobre et qui a \u00e9t\u00e9 r\u00e9alis\u00e9 par Etienne Daho, son vieux complice.<\/p>\n<p class=\"note\">Billetterie \u00e0 partir du 27\u00a0novembre\u00a0: <a href=\"https:\/\/www.nuitsdefourviere.com\/\" target=\"_blank\" rel=\"noopener\">www.nuitsdefourviere.com\/<\/a><\/p>\n","protected":false},"excerpt":{"rendered":"C\u2019est un peu une habitu\u00e9e des lieux. Comme le prouve par exemple le dernier passage qu\u2019elle y a&hellip;\n","protected":false},"author":2,"featured_media":467280,"comment_status":"","ping_status":"","sticky":false,"template":"","format":"standard","meta":{"footnotes":""},"categories":[1889],"tags":[1111,11,2430,1687,2757,1777,674,1011,27,2428,2756,873,12,28848,25,3140],"class_list":{"0":"post-467279","1":"post","2":"type-post","3":"status-publish","4":"format-standard","5":"has-post-thumbnail","7":"category-lyon","8":"tag-actu","9":"tag-actualites","10":"tag-auvergne-rhone-alpes","11":"tag-culture-loisirs","12":"tag-edition-lyon-villeurbanne","13":"tag-eu","14":"tag-europe","15":"tag-fr","16":"tag-france","17":"tag-lyon","18":"tag-lyon-bassin","19":"tag-musique","20":"tag-news","21":"tag-nuits-de-fourviere","22":"tag-republique-francaise","23":"tag-spectacle"},"share_on_mastodon":{"url":"https:\/\/pubeurope.com\/@fr\/115383624421543875","error":""},"_links":{"self":[{"href":"https:\/\/www.europesays.com\/fr\/wp-json\/wp\/v2\/posts\/467279","targetHints":{"allow":["GET"]}}],"collection":[{"href":"https:\/\/www.europesays.com\/fr\/wp-json\/wp\/v2\/posts"}],"about":[{"href":"https:\/\/www.europesays.com\/fr\/wp-json\/wp\/v2\/types\/post"}],"author":[{"embeddable":true,"href":"https:\/\/www.europesays.com\/fr\/wp-json\/wp\/v2\/users\/2"}],"replies":[{"embeddable":true,"href":"https:\/\/www.europesays.com\/fr\/wp-json\/wp\/v2\/comments?post=467279"}],"version-history":[{"count":0,"href":"https:\/\/www.europesays.com\/fr\/wp-json\/wp\/v2\/posts\/467279\/revisions"}],"wp:featuredmedia":[{"embeddable":true,"href":"https:\/\/www.europesays.com\/fr\/wp-json\/wp\/v2\/media\/467280"}],"wp:attachment":[{"href":"https:\/\/www.europesays.com\/fr\/wp-json\/wp\/v2\/media?parent=467279"}],"wp:term":[{"taxonomy":"category","embeddable":true,"href":"https:\/\/www.europesays.com\/fr\/wp-json\/wp\/v2\/categories?post=467279"},{"taxonomy":"post_tag","embeddable":true,"href":"https:\/\/www.europesays.com\/fr\/wp-json\/wp\/v2\/tags?post=467279"}],"curies":[{"name":"wp","href":"https:\/\/api.w.org\/{rel}","templated":true}]}}